{"id":47712,"date":"2019-07-22T06:00:00","date_gmt":"2019-07-22T10:00:00","guid":{"rendered":"https:\/\/linitiative.ca\/International\/une-chaine-de-tele-franco-algerienne-sera-lancee-en-2020\/"},"modified":"2019-07-22T06:00:00","modified_gmt":"2019-07-22T10:00:00","slug":"une-chaine-de-tele-franco-algerienne-sera-lancee-en-2020","status":"publish","type":"post","link":"https:\/\/linitiative.ca\/International\/une-chaine-de-tele-franco-algerienne-sera-lancee-en-2020\/","title":{"rendered":"Une cha\u00eene de t\u00e9l\u00e9 franco-alg\u00e9rienne sera lanc\u00e9e en 2020"},"content":{"rendered":"<div id=\"originalText\" readability=\"45\">\n<p>Une cha\u00eene de t\u00e9l\u00e9vision franco-alg\u00e9rienne, inspir\u00e9e de la cha\u00eene Arte, sera lanc\u00e9e en 2020. Selon le quotidien fran\u00e7ais le Journal du dimanche, il s\u2019agit d\u2019un projet d\u00e9j\u00e0 discut\u00e9 par l\u2019ancien membre du Conseil sup\u00e9rieur de l\u2019audiovisuel (CSA), Rachid Arhab, et l\u2019ex-directeur des programmes de TF1 et de France TV, Pascal Jos\u00e8phe. Lors de sa visite en 2017 en Alg\u00e9rie, le pr\u00e9sident fran\u00e7ais Emmanuel Macron avait indiqu\u00e9 : \u201cNous pourrions poser les fondations d\u2019une plateforme de diffusion franco-alg\u00e9rienne pour la t\u00e9l\u00e9vision en ligne, en partenariat avec les cha\u00eenes existantes, \u00e0 l\u2019image de la cha\u00eene Arte.\u201d Selon la m\u00eame source, cette cha\u00eene de t\u00e9l\u00e9vision verra le jour \u201cen num\u00e9rique et sur les r\u00e9seaux OTT et veut rassembler la m\u00e9moire audiovisuelle commune aux deux pays\u201d.<\/p>\n<\/div>\n<div id=\"text_core\" readability=\"45\">\n<p>Une cha\u00eene de t\u00e9l\u00e9vision franco-alg\u00e9rienne, inspir\u00e9e de la cha\u00eene Arte, sera lanc\u00e9e en 2020. Selon le quotidien fran\u00e7ais le Journal du dimanche, il s\u2019agit d\u2019un projet d\u00e9j\u00e0 discut\u00e9 par l\u2019ancien membre du Conseil sup\u00e9rieur de l\u2019audiovisuel (CSA), Rachid Arhab, et l\u2019ex-directeur des programmes de TF1 et de France TV, Pascal Jos\u00e8phe. Lors de sa visite en 2017 en Alg\u00e9rie, le pr\u00e9sident fran\u00e7ais Emmanuel Macron avait indiqu\u00e9 : \u201cNous pourrions poser les fondations d\u2019une plateforme de diffusion franco-alg\u00e9rienne pour la t\u00e9l\u00e9vision en ligne, en partenariat avec les cha\u00eenes existantes, \u00e0 l\u2019image de la cha\u00eene Arte.\u201d Selon la m\u00eame source, cette cha\u00eene de t\u00e9l\u00e9vision verra le jour \u201cen num\u00e9rique et sur les r\u00e9seaux OTT et veut rassembler la m\u00e9moire audiovisuelle commune aux deux pays\u201d.<\/p>\n<\/div>\n<p>Auteur:<br \/>\n<a href=\"https:\/\/www.liberte-algerie.com\/radar\/une-chaine-de-tele-franco-algerienne-sera-lancee-en-2020-320404\">Cliquez ici pour lire l&rsquo;article depuis sa source.<\/a><\/p>\n","protected":false},"excerpt":{"rendered":"<p>Une cha\u00eene de t\u00e9l\u00e9vision franco-alg\u00e9rienne, inspir\u00e9e de la cha\u00eene Arte, sera lanc\u00e9e en 2020. Selon le quotidien fran\u00e7ais le Journal du dimanche, il s\u2019agit d\u2019un projet d\u00e9j\u00e0 discut\u00e9 par l\u2019ancien membre du Conseil sup\u00e9rieur de l\u2019audiovisuel (CSA), Rachid Arhab, et l\u2019ex-directeur des programmes de TF1 et de France TV, Pascal Jos\u00e8phe. Lors de sa visite [&hellip;]<\/p>\n","protected":false},"author":1742,"featured_media":0,"comment_status":"closed","ping_status":"closed","sticky":false,"template":"","format":"standard","meta":{"fifu_image_url":"","fifu_image_alt":"","footnotes":""},"categories":[73,53],"tags":[],"class_list":["post-47712","post","type-post","status-publish","format-standard","hentry","category-actualite","category-algerie"],"_links":{"self":[{"href":"https:\/\/linitiative.ca\/International\/wp-json\/wp\/v2\/posts\/47712","targetHints":{"allow":["GET"]}}],"collection":[{"href":"https:\/\/linitiative.ca\/International\/wp-json\/wp\/v2\/posts"}],"about":[{"href":"https:\/\/linitiative.ca\/International\/wp-json\/wp\/v2\/types\/post"}],"author":[{"embeddable":true,"href":"https:\/\/linitiative.ca\/International\/wp-json\/wp\/v2\/users\/1742"}],"replies":[{"embeddable":true,"href":"https:\/\/linitiative.ca\/International\/wp-json\/wp\/v2\/comments?post=47712"}],"version-history":[{"count":0,"href":"https:\/\/linitiative.ca\/International\/wp-json\/wp\/v2\/posts\/47712\/revisions"}],"wp:attachment":[{"href":"https:\/\/linitiative.ca\/International\/wp-json\/wp\/v2\/media?parent=47712"}],"wp:term":[{"taxonomy":"category","embeddable":true,"href":"https:\/\/linitiative.ca\/International\/wp-json\/wp\/v2\/categories?post=47712"},{"taxonomy":"post_tag","embeddable":true,"href":"https:\/\/linitiative.ca\/International\/wp-json\/wp\/v2\/tags?post=47712"}],"curies":[{"name":"wp","href":"https:\/\/api.w.org\/{rel}","templated":true}]}}