{"id":47718,"date":"2019-07-22T07:55:35","date_gmt":"2019-07-22T11:55:35","guid":{"rendered":"https:\/\/linitiative.ca\/International\/commemoration-du-98e-anniversaire-de-la-bataille-danoual\/"},"modified":"2019-07-22T07:55:35","modified_gmt":"2019-07-22T11:55:35","slug":"commemoration-du-98e-anniversaire-de-la-bataille-danoual","status":"publish","type":"post","link":"https:\/\/linitiative.ca\/International\/commemoration-du-98e-anniversaire-de-la-bataille-danoual\/","title":{"rendered":"Comm\u00e9moration du 98\u00e8 anniversaire de la bataille d\u2019Anoual"},"content":{"rendered":"<p class=\"c1\">Le Haut Commissariat aux Anciens r\u00e9sistants et Anciens membres de l\u2019Arm\u00e9e de lib\u00e9ration a organis\u00e9, dimanche \u00e0 Driouch, un meeting en comm\u00e9moration du 98\u00e8 anniversaire de la bataille d\u2019Anoual.<\/p>\n<p class=\"c1\">En c\u00e9l\u00e9brant cette victoire, le peuple marocain, avec \u00e0 sa t\u00eate la famille de la r\u00e9sistance, se rem\u00e9more un \u00e9v\u00e9nement phare devenu une r\u00e9f\u00e9rence dans les annales de la strat\u00e9gie militaire, a indiqu\u00e9 \u00e0 cette occasion le Haut Commissaire aux Anciens r\u00e9sistants et Anciens membres de l\u2019Arm\u00e9e de lib\u00e9ration, Mustapha El Ktiri.<\/p>\n<p class=\"c1\">Cette bataille restera \u00e0 jamais un \u00e9v\u00e8nement phare dans la m\u00e9moire de la nation marocaine qui c\u00e9l\u00e8bre chaque ann\u00e9e cet anniversaire pour se rem\u00e9morer les sacrifices consentis par les r\u00e9sistants au service de la patrie, a-t-il soulign\u00e9.<\/p>\n<p class=\"c1\">M. El Ktiri a relev\u00e9 dans ce sens que la comm\u00e9moration de cet \u00e9v\u00e9nement m\u00e9morable a plusieurs significations et objectifs que les g\u00e9n\u00e9rations montantes ont besoin d\u2019en assimiler le contenu et les le\u00e7ons, afin qu\u2019elles soient \u00e9duqu\u00e9es sur les valeurs nationales supr\u00eames, la citoyennet\u00e9 positive et la fiert\u00e9 de l\u2019appartenance nationale.<\/p>\n<p class=\"c1\">Et d\u2019expliquer que la bataille d\u2019Anoual \u00e9tait le prolongement d\u2019une s\u00e9rie de luttes men\u00e9es par les habitants du nord du Royaume et du Rif contre la pr\u00e9sence coloniale et les convoitises de l\u2019occupation \u00e9trang\u00e8re, notant que le leader Mohamed Ben Abdelkarim El Khattabi et les fils de cette r\u00e9gion ont pr\u00e9sent\u00e9 les meilleurs exemples du nationalisme sinc\u00e8re et de l\u2019attachement aux valeurs de bravoure et de la lutte pour l\u2019ind\u00e9pendance du pays.<\/p>\n<p class=\"c1\">A rappeler qu\u2019au d\u00e9but du XX\u00e8me si\u00e8cle, et pr\u00e9cis\u00e9ment entre 1907 et 1912, le Ch\u00e9rif Mohamed Ameziane a \u00e9t\u00e9 \u00e0 l\u2019origine d\u2019une forte r\u00e9sistance face aux troupes espagnoles, marqu\u00e9e par plusieurs victoires r\u00e9alis\u00e9es lors de combats d\u00e9cisifs, jusqu\u2019\u00e0 ce qu\u2019il d\u00e9c\u00e8de sur le champ de bataille, le 15 mai 1912.<\/p>\n<p class=\"c1\">La lutte h\u00e9ro\u00efque de Mohamed ben Abdelkrim El Khattabi est venue prendre le relais de la r\u00e9sistance au Rif, puisqu\u2019il est parvenu, gr\u00e2ce \u00e0 son charisme, \u00e0 r\u00e9organiser le mouvement de r\u00e9sistance aux niveaux politique, strat\u00e9gique, militaire et logistique afin de couvrir tout le nord du Royaume.<\/p>\n<p class=\"c1\">Le combat men\u00e9 par ce h\u00e9ros s\u2019est distingu\u00e9 par une grande capacit\u00e9 organisationnelle et une force de rassemblement ainsi que par une planification minutieuse, qui ont \u00e9t\u00e9 visibles dans la bataille d\u2019Anoual du 21 juillet 1921, et qui retentit \u00e0 ce jour comme un coup fatal port\u00e9 aux forces d\u2019occupation \u00e9trang\u00e8res.<\/p>\n<p class=\"c1\">La bataille d\u2019Anoual fut, en fait, l\u2019une des grandes \u00e9tapes d\u2019un processus d\u2019\u00e9mancipation, annonciateur du mouvement national conduit par feu SM Mohammed V pour la lib\u00e9ration du Maroc, et qui a trouv\u00e9 son accomplissement dans l\u2019\u0153uvre inscrite \u00e0 l\u2019actif de feu SM Hassan II et de son digne successeur SM le Roi Mohammed VI, que Dieu L\u2019assiste, pour conforter les acquis du parach\u00e8vement de l\u2019int\u00e9grit\u00e9 territoriale du Royaume, a dit M. El Ktiri.<\/p>\n<p class=\"c1\">Il a, en outre, saisi cette occasion pour mettre en avant les efforts d\u00e9ploy\u00e9s par le Haut-commissariat aux Anciens r\u00e9sistants et Anciens membres de l\u2019Arm\u00e9e de lib\u00e9ration avec d\u2019autres partenaires, notamment les universit\u00e9s du Royaume, pour pr\u00e9server la m\u00e9moire historique nationale.<\/p>\n<p class=\"c1\">Les \u00e9pop\u00e9es du peuple marocain sur le chemin de la lib\u00e9ration et de l\u2019ind\u00e9pendance constituent un socle pour l\u2019identit\u00e9 nationale, a-t-il dit, appelant \u00e0 pr\u00e9server cette glorieuse histoire et \u00e0 \u0153uvrer pour la faire connaitre aupr\u00e8s des jeunes g\u00e9n\u00e9rations.<\/p>\n<p class=\"c1\">Le Haut commissaire a \u00e9galement saisi cette comm\u00e9moration pour r\u00e9it\u00e9rer la mobilisation permanente de la famille de la r\u00e9sistance et de l\u2019arm\u00e9e de lib\u00e9ration, ainsi que de l\u2019ensemble des composantes de la soci\u00e9t\u00e9 marocaine, pour la d\u00e9fense de la cause nationale. Dans ce sillage, il a mis l\u2019accent sur le consensus national autour de la pr\u00e9servation de l\u2019int\u00e9grit\u00e9 territoriale du Royaume et pour consolider les acquis nationaux sous la conduite \u00e9clair\u00e9e de SM le Roi Mohammed VI.<\/p>\n<p class=\"c1\">Au cours de cette rencontre, tenue en pr\u00e9sence du gouverneur de la province de Driouch, Mohamed Rochdy, d\u2019\u00e9lus, d\u2019anciens r\u00e9sistants et d\u2019autres personnalit\u00e9s, des wissams royaux ont \u00e9t\u00e9 remis \u00e0 deux anciens membres de la famille de la r\u00e9sistance, alors que plusieurs autres ont re\u00e7u des hommages \u00e0 cette occasion, en plus de la distribution d\u2019aides financi\u00e8res et sociales au profit de plusieurs anciens r\u00e9sistants ou leurs ayants droits.<\/p>\n<p class=\"c1\">Par ailleurs, il a \u00e9t\u00e9 proc\u00e9d\u00e9 en marge du meeting \u00e0 l\u2019inauguration dans la commune de Midar d\u2019un espace d\u00e9di\u00e9 \u00e0 la m\u00e9moire historique de la r\u00e9sistance et de la lib\u00e9ration.<\/p>\n<p>Auteur: Soufiane ELAHMAR<br \/>\n<a href=\"http:\/\/www.mapoujda.ma\/fr\/commemoration-du-98e-anniversaire-de-la-bataille-danoual\/\">Cliquez ici pour lire l&rsquo;article depuis sa source.<\/a><\/p>\n","protected":false},"excerpt":{"rendered":"<p>Le Haut Commissariat aux Anciens r\u00e9sistants et Anciens membres de l\u2019Arm\u00e9e de lib\u00e9ration a organis\u00e9, dimanche \u00e0 Driouch, un meeting en comm\u00e9moration du 98\u00e8 anniversaire de la bataille d\u2019Anoual. En c\u00e9l\u00e9brant cette victoire, le peuple marocain, avec \u00e0 sa t\u00eate la famille de la r\u00e9sistance, se rem\u00e9more un \u00e9v\u00e9nement phare devenu une r\u00e9f\u00e9rence dans les [&hellip;]<\/p>\n","protected":false},"author":1788,"featured_media":0,"comment_status":"closed","ping_status":"closed","sticky":false,"template":"","format":"standard","meta":{"fifu_image_url":"","fifu_image_alt":"","footnotes":""},"categories":[54,76],"tags":[],"class_list":["post-47718","post","type-post","status-publish","format-standard","hentry","category-maroc","category-regions"],"_links":{"self":[{"href":"https:\/\/linitiative.ca\/International\/wp-json\/wp\/v2\/posts\/47718","targetHints":{"allow":["GET"]}}],"collection":[{"href":"https:\/\/linitiative.ca\/International\/wp-json\/wp\/v2\/posts"}],"about":[{"href":"https:\/\/linitiative.ca\/International\/wp-json\/wp\/v2\/types\/post"}],"author":[{"embeddable":true,"href":"https:\/\/linitiative.ca\/International\/wp-json\/wp\/v2\/users\/1788"}],"replies":[{"embeddable":true,"href":"https:\/\/linitiative.ca\/International\/wp-json\/wp\/v2\/comments?post=47718"}],"version-history":[{"count":0,"href":"https:\/\/linitiative.ca\/International\/wp-json\/wp\/v2\/posts\/47718\/revisions"}],"wp:attachment":[{"href":"https:\/\/linitiative.ca\/International\/wp-json\/wp\/v2\/media?parent=47718"}],"wp:term":[{"taxonomy":"category","embeddable":true,"href":"https:\/\/linitiative.ca\/International\/wp-json\/wp\/v2\/categories?post=47718"},{"taxonomy":"post_tag","embeddable":true,"href":"https:\/\/linitiative.ca\/International\/wp-json\/wp\/v2\/tags?post=47718"}],"curies":[{"name":"wp","href":"https:\/\/api.w.org\/{rel}","templated":true}]}}