{"id":47719,"date":"2019-07-22T08:18:37","date_gmt":"2019-07-22T12:18:37","guid":{"rendered":"https:\/\/linitiative.ca\/International\/inauguration-dun-espace-dedie-a-la-memoire-de-la-resistance\/"},"modified":"2019-07-22T08:18:37","modified_gmt":"2019-07-22T12:18:37","slug":"inauguration-dun-espace-dedie-a-la-memoire-de-la-resistance","status":"publish","type":"post","link":"https:\/\/linitiative.ca\/International\/inauguration-dun-espace-dedie-a-la-memoire-de-la-resistance\/","title":{"rendered":"Inauguration d\u2019un espace d\u00e9di\u00e9 \u00e0 la m\u00e9moire de la r\u00e9sistance"},"content":{"rendered":"<p class=\"c1\">Un espace d\u00e9di\u00e9 \u00e0 la m\u00e9moire historique de la r\u00e9sistance et de la lib\u00e9ration a \u00e9t\u00e9 inaugur\u00e9, dimanche \u00e0 Midar dans la province de Driouch, \u00e0 l\u2019occasion de la comm\u00e9moration du 98\u00e8 anniversaire de la bataille d\u2019Anoual.<\/p>\n<p class=\"c1\">Cet espace mus\u00e9al, construit sur une superficie de 208 m2 pour un co\u00fbt de 1,125 million de dirhams, comprend notamment une salle multim\u00e9dia, une biblioth\u00e8que et une salle o\u00f9 sont expos\u00e9s des manuscrits, des portraits des Sultans et Rois du Maroc depuis l\u2019av\u00e8nement de la dynastie alaouite, des collections ethnographiques, des documents pr\u00e9cieux, des habits et des armes datant de l\u2019\u00e9poque de la lutte contre le colonialisme.<\/p>\n<p class=\"c1\">Inaugur\u00e9e par le Haut-commissaire aux anciens r\u00e9sistants et anciens membres de l\u2019arm\u00e9e de lib\u00e9ration, Mustapha El Ktiri, accompagn\u00e9 du gouverneur de la province de Driouch, Mohamed Rochdy, d\u2019\u00e9lus locaux et d\u2019acteurs associatifs, cette nouvelle structure vise \u00e0 pr\u00e9server la m\u00e9moire historique nationale et locale de la r\u00e9sistance et de l\u2019arm\u00e9e de lib\u00e9ration.<\/p>\n<p class=\"c1\">Cet espace ambitionne aussi la diffusion des valeurs de la culture du patriotisme et de la citoyennet\u00e9 positive aupr\u00e8s des g\u00e9n\u00e9rations montantes, a d\u00e9clar\u00e9 \u00e0 cette occasion M. El Ktiri qui a mis en exergue l\u2019importance qu\u2019accorde SM le Roi Mohammed VI \u00e0 ces espaces.<\/p>\n<p class=\"c1\">Et d\u2019ajouter que cette structure, dot\u00e9e de d\u00e9pendances \u00e9ducatives et culturelles pour revisiter des pages radieuses de l\u2019histoire du Maroc, est de nature \u00e0 inculquer aux nouvelles g\u00e9n\u00e9rations les valeurs de patriotisme et \u00e0 renforcer leur attachement \u00e0 la patrie et leur engagement \u00e0 poursuivre la marche de d\u00e9veloppement et d\u2019\u00e9dification du Maroc fort et nouveau sous la conduite \u00e9clair\u00e9e et visionnaire de SM le Roi Mohammed VI.<\/p>\n<p><img class=\"wp-image-13366 aligncenter\" data-src=\"http:\/\/www.mapoujda.ma\/map\/uploads\/2019\/07\/Lespace-d\u00e9di\u00e9-\u00e0-la-m\u00e9moire-historique-de-la-r\u00e9sistance-M750\u00d7430.jpg\" alt=\"\" width=\"523\" height=\"300\" srcset=\"http:\/\/www.mapoujda.ma\/map\/uploads\/2019\/07\/Lespace-d\u00e9di\u00e9-\u00e0-la-m\u00e9moire-historique-de-la-r\u00e9sistance-M750\u00d7430.jpg 750w, http:\/\/www.mapoujda.ma\/map\/uploads\/2019\/07\/Lespace-d\u00e9di\u00e9-\u00e0-la-m\u00e9moire-historique-de-la-r\u00e9sistance-M750\u00d7430-300x172.jpg 300w\" sizes=\"(max-width: 523px) 100vw, 523px\"\/><\/p>\n<p class=\"c1\">Il a par ailleurs fait savoir que ce nouvel espace mus\u00e9al vient s\u2019ajouter et enrichir un r\u00e9seau de 87 structures similaires \u00e0 travers le Royaume, dont celle de Bni Nsar dans la province de Nador, sans compter cinq projets d\u2019espaces dans la province de Nador (Nador ville, Zghanghan, Za\u00efo, El Aroui et Salouane) et un autre \u00e0 Driouch.<\/p>\n<p class=\"c1\">Cette politique est inspir\u00e9e des Hautes orientations de SM le Roi Mohammed VI sur la n\u00e9cessit\u00e9 de la pr\u00e9servation de la m\u00e9moire historique nationale et locale, a soulign\u00e9 M. El Ktiri.<\/p>\n<p class=\"c1\">La c\u00e9r\u00e9monie d\u2019inauguration a \u00e9t\u00e9 pr\u00e9c\u00e9d\u00e9e par un meeting organis\u00e9 par le Haut Commissariat aux Anciens r\u00e9sistants et Anciens membres de l\u2019Arm\u00e9e de lib\u00e9ration en comm\u00e9moration du 98\u00e8 anniversaire de la bataille d\u2019Anoual.<\/p>\n<p class=\"c1\">En c\u00e9l\u00e9brant cette victoire, le peuple marocain, avec \u00e0 sa t\u00eate la famille de la r\u00e9sistance, se rem\u00e9more un \u00e9v\u00e9nement phare devenu une r\u00e9f\u00e9rence dans les annales de la strat\u00e9gie militaire, a indiqu\u00e9 M. El Ktiri dans une allocution de circonstance.<\/p>\n<p class=\"c1\">La comm\u00e9moration de cet \u00e9v\u00e9nement m\u00e9morable a plusieurs significations et objectifs que les g\u00e9n\u00e9rations montantes ont besoin d\u2019en assimiler le contenu et les le\u00e7ons afin qu\u2019elles soient \u00e9duqu\u00e9es sur les valeurs nationales supr\u00eames, la citoyennet\u00e9 positive et la fiert\u00e9 de l\u2019appartenance nationale, a-t-il encore dit.<\/p>\n<p>Auteur: Soufiane ELAHMAR<br \/>\n<a href=\"http:\/\/www.mapoujda.ma\/fr\/inauguration-dun-espace-dedie-a-la-memoire-de-la-resistance\/\">Cliquez ici pour lire l&rsquo;article depuis sa source.<\/a><\/p>\n","protected":false},"excerpt":{"rendered":"<p>Un espace d\u00e9di\u00e9 \u00e0 la m\u00e9moire historique de la r\u00e9sistance et de la lib\u00e9ration a \u00e9t\u00e9 inaugur\u00e9, dimanche \u00e0 Midar dans la province de Driouch, \u00e0 l\u2019occasion de la comm\u00e9moration du 98\u00e8 anniversaire de la bataille d\u2019Anoual. Cet espace mus\u00e9al, construit sur une superficie de 208 m2 pour un co\u00fbt de 1,125 million de dirhams, [&hellip;]<\/p>\n","protected":false},"author":1788,"featured_media":47720,"comment_status":"closed","ping_status":"closed","sticky":false,"template":"","format":"standard","meta":{"fifu_image_url":"","fifu_image_alt":"","footnotes":""},"categories":[54,76],"tags":[],"class_list":["post-47719","post","type-post","status-publish","format-standard","has-post-thumbnail","hentry","category-maroc","category-regions"],"_links":{"self":[{"href":"https:\/\/linitiative.ca\/International\/wp-json\/wp\/v2\/posts\/47719","targetHints":{"allow":["GET"]}}],"collection":[{"href":"https:\/\/linitiative.ca\/International\/wp-json\/wp\/v2\/posts"}],"about":[{"href":"https:\/\/linitiative.ca\/International\/wp-json\/wp\/v2\/types\/post"}],"author":[{"embeddable":true,"href":"https:\/\/linitiative.ca\/International\/wp-json\/wp\/v2\/users\/1788"}],"replies":[{"embeddable":true,"href":"https:\/\/linitiative.ca\/International\/wp-json\/wp\/v2\/comments?post=47719"}],"version-history":[{"count":0,"href":"https:\/\/linitiative.ca\/International\/wp-json\/wp\/v2\/posts\/47719\/revisions"}],"wp:featuredmedia":[{"embeddable":true,"href":"https:\/\/linitiative.ca\/International\/wp-json\/"}],"wp:attachment":[{"href":"https:\/\/linitiative.ca\/International\/wp-json\/wp\/v2\/media?parent=47719"}],"wp:term":[{"taxonomy":"category","embeddable":true,"href":"https:\/\/linitiative.ca\/International\/wp-json\/wp\/v2\/categories?post=47719"},{"taxonomy":"post_tag","embeddable":true,"href":"https:\/\/linitiative.ca\/International\/wp-json\/wp\/v2\/tags?post=47719"}],"curies":[{"name":"wp","href":"https:\/\/api.w.org\/{rel}","templated":true}]}}