{"id":47721,"date":"2019-07-22T15:14:01","date_gmt":"2019-07-22T19:14:01","guid":{"rendered":"https:\/\/linitiative.ca\/International\/ligue-1-2-usma-belkaroui-a-quand\/"},"modified":"2019-07-22T15:14:01","modified_gmt":"2019-07-22T19:14:01","slug":"ligue-1-2-usma-belkaroui-a-quand","status":"publish","type":"post","link":"https:\/\/linitiative.ca\/International\/ligue-1-2-usma-belkaroui-a-quand\/","title":{"rendered":"Ligue 1 &amp; 2 : USMA : Belkaroui, \u00e0 quand"},"content":{"rendered":"<div readability=\"32\">\n<p>Auteur : <span>Adel Cheraki<\/span> <span class=\"time\">lundi 22 juillet 2019 13:16<\/span><\/p>\n<\/div>\n<div id=\"post_core\" readability=\"73\">\n<p>Cet \u00e9t\u00e9, deux d\u00e9fenseurs centraux ont d\u00e9j\u00e0 rejoint le club. Il s\u2019agit de Mustapha Khiraoui, ex-ABS, et Lyes Oukkal, ex-NAHD. Ils remplaceront ainsi Farouk Chafa\u00ef, parti au MCA, et Mohamed Benyahia qui insiste pour obtenir un bon de sortie et pouvoir du coup changer d\u2019air.\u00a0 Amoindri jusqu\u2019au point que Redouane Cherifi a termin\u00e9 la saison dans l\u2019axe, ce compartiment doit \u00eatre renforc\u00e9 par la venue d\u2019un troisi\u00e8me \u00e9l\u00e9ment. Apr\u00e8s avoir longtemps pist\u00e9 Mebarakou et Arroussi, les Rouge et Noir ont finalement choisi Hichem Belkaroui. L\u2019ex-international a tout conclu d\u2019ailleurs avec les dirigeants mais jusqu\u2019au moment o\u00f9 nous mettons sous presse, son arriv\u00e9e n\u2019a toujours pas \u00e9t\u00e9 confirm\u00e9. Une situation qui commence \u00e0 agacer les supporters surtout que le groupe se rendra d\u00e8s cette fin de semaine en Tunisie pour effectuer un stage de dix jours afin de pr\u00e9parer l\u2019exercice 2019\/2020.<\/p>\n<p><strong>Le joueur a entam\u00e9 la pr\u00e9paration avec son club<\/strong><br \/>Ce qu\u2019il faut savoir, c\u2019est que Hichem Belkaroui n\u2019est pas libre. Une situation qui l\u2019a oblig\u00e9 de rentrer en Arabie Saoudite pour n\u00e9gocier un bon de sortie, comme il l\u2019a fait savoir aux responsables usmistes. A la grande surprise, le joueur n\u2019est pas revenu comme pr\u00e9vu et a m\u00eame int\u00e9gr\u00e9 le groupe. Actuellement, il s\u2019entraine le plus normalement du monde avec ses co\u00e9quipiers. Le fait de le voir donc rester \u00e0 Al-Raed n\u2019est pas \u00e0 \u00e9carter. Pour rappel, ce n\u2019est pas la premi\u00e8re fois que la venue de ce joueur chez les Rouge et Noir est compromise puisque son transfert a \u00e9chou\u00e9 par le pass\u00e9 au moins quatre fois pour diverses raisons.<\/p>\n<p><strong>Les dirigeants confiants quant\u00a0 \u00e0 sa venue<\/strong><br \/>Du c\u00f4t\u00e9 de la direction, on reste optimiste quant \u00e0 la venue de l\u2019ancien joueur du WAT, l\u2019ASMO, l\u2019USMH ou encore l\u2019ES Tunis. A ce sujet, une source proche du dossier nous a confi\u00e9 que Hichem Belkaroui a donn\u00e9 des assurances \u00e0 ses interlocuteurs et leur a affirm\u00e9 qu\u2019il sera bient\u00f4t de retour. Ce n\u2019est que lors des prochaines heures qu\u2019on pourra donc voir plus clair et on saura enfin s\u2019il portera le maillot Rouge et Noir.<\/p>\n<p><strong>Bouhenna relanc\u00e9<\/strong><br \/>Ce qui est certain par contre, c\u2019est que le recrutement n\u2019est pas clos et qu\u2019un d\u00e9fenseur central d\u00e9barquera bel et bien lors des semaines \u00e0 venir qu\u2019il soit Belkaroui ou un autre. Pour se pr\u00e9parer \u00e0 tous les scenarios, les Rouge et Noir ont pris leurs pr\u00e9cautions et auraient m\u00eame relanc\u00e9 une autre piste, celle qui m\u00e8ne \u00e0 Rachid Bouhenna. Bien qu\u2019il ne soit plus chaud \u00e0 l\u2019id\u00e9e de rentrer au pays, l\u2019ex-Mouloud\u00e9en reste attentif \u00e0 tout ce qui se passe ici et pourrait bien changer d\u2019avis dans le cas o\u00f9 les Alg\u00e9rois se montreront convaincants. En attendant, il continuera \u00e0 enchainer les rencontres avec son club Dundee United.<br \/>\u00a0<\/p>\n<\/div>\n<p>Auteur:<br \/>\n<a href=\"http:\/\/www.lebuteur.com\/article\/detail?titre=usma-belkaroui-a-quand&#038;id=90588&#038;utm_source=feedburner&#038;utm_medium=feed&#038;utm_campaign=Feed%3A+GalerieFArtciles+%28Les+derniers+articles++-+lebuteur.com%29\">Cliquez ici pour lire l&rsquo;article depuis sa source.<\/a><\/p>\n","protected":false},"excerpt":{"rendered":"<p>Auteur : Adel Cheraki lundi 22 juillet 2019 13:16 Cet \u00e9t\u00e9, deux d\u00e9fenseurs centraux ont d\u00e9j\u00e0 rejoint le club. Il s\u2019agit de Mustapha Khiraoui, ex-ABS, et Lyes Oukkal, ex-NAHD. Ils remplaceront ainsi Farouk Chafa\u00ef, parti au MCA, et Mohamed Benyahia qui insiste pour obtenir un bon de sortie et pouvoir du coup changer d\u2019air.\u00a0 Amoindri [&hellip;]<\/p>\n","protected":false},"author":1738,"featured_media":47722,"comment_status":"closed","ping_status":"closed","sticky":false,"template":"","format":"standard","meta":{"fifu_image_url":"","fifu_image_alt":"","footnotes":""},"categories":[53,75],"tags":[],"class_list":["post-47721","post","type-post","status-publish","format-standard","has-post-thumbnail","hentry","category-algerie","category-sport"],"_links":{"self":[{"href":"https:\/\/linitiative.ca\/International\/wp-json\/wp\/v2\/posts\/47721","targetHints":{"allow":["GET"]}}],"collection":[{"href":"https:\/\/linitiative.ca\/International\/wp-json\/wp\/v2\/posts"}],"about":[{"href":"https:\/\/linitiative.ca\/International\/wp-json\/wp\/v2\/types\/post"}],"author":[{"embeddable":true,"href":"https:\/\/linitiative.ca\/International\/wp-json\/wp\/v2\/users\/1738"}],"replies":[{"embeddable":true,"href":"https:\/\/linitiative.ca\/International\/wp-json\/wp\/v2\/comments?post=47721"}],"version-history":[{"count":0,"href":"https:\/\/linitiative.ca\/International\/wp-json\/wp\/v2\/posts\/47721\/revisions"}],"wp:featuredmedia":[{"embeddable":true,"href":"https:\/\/linitiative.ca\/International\/wp-json\/"}],"wp:attachment":[{"href":"https:\/\/linitiative.ca\/International\/wp-json\/wp\/v2\/media?parent=47721"}],"wp:term":[{"taxonomy":"category","embeddable":true,"href":"https:\/\/linitiative.ca\/International\/wp-json\/wp\/v2\/categories?post=47721"},{"taxonomy":"post_tag","embeddable":true,"href":"https:\/\/linitiative.ca\/International\/wp-json\/wp\/v2\/tags?post=47721"}],"curies":[{"name":"wp","href":"https:\/\/api.w.org\/{rel}","templated":true}]}}