{"id":47723,"date":"2019-07-22T15:14:03","date_gmt":"2019-07-22T19:14:03","guid":{"rendered":"https:\/\/linitiative.ca\/International\/ligue-1-2-jsk-mohamed-niapegue-cisse-debarque-a-tizi-ouzou\/"},"modified":"2019-07-22T15:14:03","modified_gmt":"2019-07-22T19:14:03","slug":"ligue-1-2-jsk-mohamed-niapegue-cisse-debarque-a-tizi-ouzou","status":"publish","type":"post","link":"https:\/\/linitiative.ca\/International\/ligue-1-2-jsk-mohamed-niapegue-cisse-debarque-a-tizi-ouzou\/","title":{"rendered":"Ligue 1 &amp; 2 : JSK : Mohamed Niap\u00e9gu\u00e9 Ciss\u00e9 d\u00e9barque \u00e0 Tizi Ouzou"},"content":{"rendered":"<div readability=\"32\">\n<p>Auteur : <span>S. D.<\/span> <span class=\"time\">lundi 22 juillet 2019 13:16<\/span><\/p>\n<\/div>\n<div id=\"post_core\" readability=\"57\">\n<p>C\u2019est d\u00e9sormais officiel, la JSK a engag\u00e9 le d\u00e9fenseur central Koanda Souleymane. Le Burkinabais, qui a \u00e9t\u00e9 retenu pour le stage d\u2019Evian, a laiss\u00e9 bonne impression durant les deux semaines de travail. Des prestations qui lui ont permis d\u2019\u00eatre retenu puisque son contrat sera sign\u00e9 ce mardi. Mais d\u2019apr\u00e8s nos sources, le recrutement n\u2019est pas encore boucl\u00e9. A en croire nos sources, la direction kabyle est toujours \u00e0 la recherche d\u2019un bon avant-centre capable de r\u00e9gler le probl\u00e8me de l\u2019inefficacit\u00e9 offensive. Comme rapport\u00e9 par nos soins, l\u2019\u00e9quipe va mettre \u00e0 l\u2019essai au moins trois attaquants avant que Velud ne tranche. Par ailleurs, un premier joueur a d\u00e9j\u00e0 \u00e9t\u00e9 accueilli puisqu\u2019il s\u2019entraine d\u00e9j\u00e0 avec l\u2019\u00e9quipe Espoirs. Il s\u2019agit du Malien Mohamed Niap\u00e9gu\u00e9 Ciss\u00e9. Le joueur de Djoliba, qui est arriv\u00e9 en Alg\u00e9rie samedi \u00e0 2 heures du matin, a \u00e9t\u00e9 directement conduit \u00e0 Tizi Ouzou pour entamer le travail avec les jeunes en attendant qu\u2019il int\u00e8gre l\u2019\u00e9quipe premi\u00e8re d\u00e8s son retour au pays. Et c\u2019est \u00e0 ce moment-l\u00e0 que l\u2019entra\u00eeneur Velud pourrait le superviser, avant de rendre son verdict.<\/p>\n<p><strong>Il a \u00e9t\u00e9 recommand\u00e9 par Omar Dabo<\/strong><br \/>Si la direction de la JSK a envoy\u00e9 une invitation \u00e0 l\u2019attaquant Ciss\u00e9, c\u2019est parce qu\u2019elle a \u00e9t\u00e9 rassur\u00e9e par l\u2019ancien attaquan, Omar Dabo qui, selon nos informations, l\u2019aurait recommand\u00e9 au club. Le joueur poss\u00e8de beaucoup de qualit\u00e9s, puisqu\u2019il a \u00e9t\u00e9 l\u2019un des meilleurs buteurs du championnat malien. Reste \u00e0 savoir s\u2019il r\u00e9ussira \u00e0 convaincre le coach durant la p\u00e9riode d\u2019essai.<\/p>\n<p><strong>Publi\u00e9 dans :<\/strong> <span>JSK<\/span> <span>Tizi Ouzou<\/span> <span>Mohamed Niap\u00e9gu\u00e9 Ciss\u00e9<\/span> <span>Omar Dabo<\/span><\/p>\n<\/div>\n<p>Auteur:<br \/>\n<a href=\"http:\/\/www.lebuteur.com\/article\/detail?titre=jsk-mohamed-niapegue-cisse-debarque-a-tizi-ouzou&#038;id=90582&#038;utm_source=feedburner&#038;utm_medium=feed&#038;utm_campaign=Feed%3A+GalerieFArtciles+%28Les+derniers+articles++-+lebuteur.com%29\">Cliquez ici pour lire l&rsquo;article depuis sa source.<\/a><\/p>\n","protected":false},"excerpt":{"rendered":"<p>Auteur : S. D. lundi 22 juillet 2019 13:16 C\u2019est d\u00e9sormais officiel, la JSK a engag\u00e9 le d\u00e9fenseur central Koanda Souleymane. Le Burkinabais, qui a \u00e9t\u00e9 retenu pour le stage d\u2019Evian, a laiss\u00e9 bonne impression durant les deux semaines de travail. Des prestations qui lui ont permis d\u2019\u00eatre retenu puisque son contrat sera sign\u00e9 ce [&hellip;]<\/p>\n","protected":false},"author":1738,"featured_media":47724,"comment_status":"closed","ping_status":"closed","sticky":false,"template":"","format":"standard","meta":{"fifu_image_url":"","fifu_image_alt":"","footnotes":""},"categories":[53,75],"tags":[],"class_list":["post-47723","post","type-post","status-publish","format-standard","has-post-thumbnail","hentry","category-algerie","category-sport"],"_links":{"self":[{"href":"https:\/\/linitiative.ca\/International\/wp-json\/wp\/v2\/posts\/47723","targetHints":{"allow":["GET"]}}],"collection":[{"href":"https:\/\/linitiative.ca\/International\/wp-json\/wp\/v2\/posts"}],"about":[{"href":"https:\/\/linitiative.ca\/International\/wp-json\/wp\/v2\/types\/post"}],"author":[{"embeddable":true,"href":"https:\/\/linitiative.ca\/International\/wp-json\/wp\/v2\/users\/1738"}],"replies":[{"embeddable":true,"href":"https:\/\/linitiative.ca\/International\/wp-json\/wp\/v2\/comments?post=47723"}],"version-history":[{"count":0,"href":"https:\/\/linitiative.ca\/International\/wp-json\/wp\/v2\/posts\/47723\/revisions"}],"wp:featuredmedia":[{"embeddable":true,"href":"https:\/\/linitiative.ca\/International\/wp-json\/"}],"wp:attachment":[{"href":"https:\/\/linitiative.ca\/International\/wp-json\/wp\/v2\/media?parent=47723"}],"wp:term":[{"taxonomy":"category","embeddable":true,"href":"https:\/\/linitiative.ca\/International\/wp-json\/wp\/v2\/categories?post=47723"},{"taxonomy":"post_tag","embeddable":true,"href":"https:\/\/linitiative.ca\/International\/wp-json\/wp\/v2\/tags?post=47723"}],"curies":[{"name":"wp","href":"https:\/\/api.w.org\/{rel}","templated":true}]}}