{"id":47725,"date":"2019-07-22T15:14:07","date_gmt":"2019-07-22T19:14:07","guid":{"rendered":"https:\/\/linitiative.ca\/International\/ligue-1-2-jsk-addadi-on-se-sacrifiera-pour-demarrer-notre-saison-en-force\/"},"modified":"2019-07-22T15:14:07","modified_gmt":"2019-07-22T19:14:07","slug":"ligue-1-2-jsk-addadi-on-se-sacrifiera-pour-demarrer-notre-saison-en-force","status":"publish","type":"post","link":"https:\/\/linitiative.ca\/International\/ligue-1-2-jsk-addadi-on-se-sacrifiera-pour-demarrer-notre-saison-en-force\/","title":{"rendered":"Ligue 1 &amp; 2 : JSK &#8211; Addadi: \u00abOn se sacrifiera pour d\u00e9marrer notre saison en force\u00bb"},"content":{"rendered":"<div readability=\"32\">\n<p>Auteur : <span>Sa\u00efd Djoudi<\/span> <span class=\"time\">lundi 22 juillet 2019 13:16<\/span><\/p>\n<\/div>\n<div id=\"post_core\" readability=\"88\">\n<p>Toufik Addadi, la nouvelle recrue kabyle, se dit satisfait du bon d\u00e9roulement de la pr\u00e9paration d\u2019intersaison. Dans cet entretien, l\u2019ex-soci\u00e9taire de l\u2019O M\u00e9d\u00e9a ne cache pas son optimisme de d\u00e9buter la comp\u00e9tition africaine sur une bonne note. Dans cet entretien, le nouveau ma\u00eetre \u00e0 jouer de la JSK a r\u00e9v\u00e9l\u00e9 que l\u2019\u00e9quipe a boss\u00e9 dur durant cet \u00e9t\u00e9 et souhaite r\u00e9colter les fruits d\u00e8s l\u2019entame de la LDC. Sur le plan personnel, Addadi affirme qu\u2019il n\u2019est pas encore au top de sa forme, et le groupe doit encore consentir davantage de sacrifices pour \u00eatre au rendez-vous.<\/p>\n<p><strong>Le stage d\u2019Evian tire \u00e0 sa fin. En r\u00e9sum\u00e9, \u00eates-vous satisfaits des conditions de travail ?<\/strong><br \/>Honn\u00eatement, l\u2019\u00e9quipe se porte tr\u00e8s bien. La direction a fait un bon choix en nous ramenant ici \u00e0 Evian poursuivre notre pr\u00e9paration entam\u00e9e \u00e0 Zekri. Apr\u00e8s un premier cycle qu\u2019on a r\u00e9serv\u00e9 exclusivement au volet physique dans les montages de Tizi, on a continu\u00e9 \u00e0 Evian o\u00f9 toutes les commodit\u00e9s sont disponibles. Franchement, le travail s\u2019est d\u00e9roul\u00e9 dans d\u2019excellentes conditions, on n\u2019a pas \u00e0 se plaindre.<br \/><strong>Durant cette seconde partie, le staff a revu la charge de travail \u00e0 la hausse et a programm\u00e9 des matchs amicaux, comment vous sentez-vous physiquement ?<\/strong><br \/>Effectivement, depuis notre premier jour \u00e0 Evian on a travaill\u00e9 beaucoup, notamment le plan physique. Le staff a augment\u00e9 la charge et le groupe a r\u00e9pondu positivement. Dieu merci, nous ne d\u00e9plorons aucun bless\u00e9, tous les joueurs travaillent d\u2019arrache-pied pour atteindre un niveau optimal de pr\u00e9paration. Quant aux matchs amicaux, je pr\u00e9cise qu\u2019ils sont b\u00e9n\u00e9fiques pour l\u2019\u00e9quipe surtout sur le plan du jeu et de la coh\u00e9sion pour pr\u00e9parer notre entame de la LDC.<br \/><strong>Peut-on dire que vous \u00eates pr\u00eats pour d\u00e9marrer la comp\u00e9tition ?<\/strong><br \/>Pas \u00e0 100 %, nous le serons d\u2019ici quelques jours. Il nous reste encore une bonne semaine de travail \u00e0 Evian et \u00e0 Tizi Ouzou aussi, donc nous devons fournir encore des efforts et consentir davantage de sacrifices pour \u00eatre au rendez-vous. Le staff technique a trac\u00e9 un programme qu\u2019on est en train d\u2019appliquer avec le plus grand s\u00e9rieux. Tout le monde adh\u00e8re \u00e0 la m\u00e9thode du staff technique et nous ressentons une \u00e9norme am\u00e9lioration. Personnellement, je suis, dans l\u2019ensemble, satisfait.<br \/><strong>Il y a eu quatre matchs amicaux jou\u00e9s jusque-l\u00e0, le coach Velud a s\u00fbrement une id\u00e9e du groupe maintenant, n\u2019est-ce pas ?<\/strong><br \/>Exactement, depuis notre venue \u00e0 Evian, on a jou\u00e9 pour le moment quatre matchs amicaux dont deux face \u00e0 Clermont-Foot. Tous les joueurs ont b\u00e9n\u00e9fici\u00e9 d\u2019un temps de jeu, ce qui a sans doute renseign\u00e9 le staff technique sur nos capacit\u00e9s. Le groupe renferme de bons joueurs, des anciens et des nouvelles recrues qui se sont facilement adapt\u00e9es. Nous formons un bon groupe et la coh\u00e9sion se perfectionne au fil des jours. Nous allons encore jouer d\u2019autres matchs amicaux d\u2019ici l\u2019entame de la comp\u00e9tition, on sera, inch\u2019Allah, pr\u00eats pour le premier match.<br \/><strong>Vous avez \u00e9t\u00e9 compliment\u00e9 par deux joueurs franco-alg\u00e9riens, que vous avez crois\u00e9s \u00e0 Evian en amical, Fabre et Mehdi Jeannin, quel effet cela vous fait-il ?<\/strong><br \/>Je suis content de recevoir des \u00e9loges de la part de deux anciens joueurs qui ont jou\u00e9 en Alg\u00e9rie, dont un a \u00e9t\u00e9 international. Cela me va droit au c\u0153ur. Personnellement je fais de mon mieux pour honorer la confiance des dirigeants en premier lieu, eux qui m\u2019ont fait confiance et m\u2019ont donn\u00e9 cette opportunit\u00e9 de jouer \u00e0 la JSK et les supporters aussi qui attendent beaucoup de moi. Je ressens la responsabilit\u00e9 d\u2019apporter un plus et je t\u00e2cherais d\u2019\u00eatre \u00e0 la hauteur des attentes.<br \/><strong>La JSK a rat\u00e9 de peu le titre, la saison \u00e9coul\u00e9e, est-ce que vous pensez qu\u2019avec le renfort op\u00e9r\u00e9 cet \u00e9t\u00e9, le club peut atteindre les objectifs fix\u00e9s cette saison ?<\/strong><br \/>Le parcours de la JSK a \u00e9t\u00e9 positif. Moi personnellement j\u2019ai beaucoup appr\u00e9ci\u00e9 pour avoir affront\u00e9 l\u2019\u00e9quipe deux fois. Avec un effectif jeune, l\u2019\u00e9quipe a fait de bons r\u00e9sultats et termin\u00e9 vice-champion, ce qui n\u2019est pas un mauvais bilan. Puis, apr\u00e8s plusieurs ann\u00e9es d\u2019absence sur la sc\u00e8ne continentale, voil\u00e0 qu\u2019\u00e0 la faveur de la deuxi\u00e8me place, la JSK jouera la LDC. Nous t\u00e2cherons de maintenir cette dynamique sinon faire mieux pour satisfaire les supporters qui ont soif de titres, ce qui est l\u00e9gitime de leur part.<\/p>\n<p><strong>Publi\u00e9 dans :<\/strong> <span>JSK<\/span> <span>Velud<\/span> <span>Addadi<\/span><\/p>\n<\/div>\n<p>Auteur:<br \/>\n<a href=\"http:\/\/www.lebuteur.com\/article\/detail?titre=jsk-addadi-on-se-sacrifiera-pour-demarrer-notre-saison-en-force&#038;id=90581&#038;utm_source=feedburner&#038;utm_medium=feed&#038;utm_campaign=Feed%3A+GalerieFArtciles+%28Les+derniers+articles++-+lebuteur.com%29\">Cliquez ici pour lire l&rsquo;article depuis sa source.<\/a><\/p>\n","protected":false},"excerpt":{"rendered":"<p>Auteur : Sa\u00efd Djoudi lundi 22 juillet 2019 13:16 Toufik Addadi, la nouvelle recrue kabyle, se dit satisfait du bon d\u00e9roulement de la pr\u00e9paration d\u2019intersaison. Dans cet entretien, l\u2019ex-soci\u00e9taire de l\u2019O M\u00e9d\u00e9a ne cache pas son optimisme de d\u00e9buter la comp\u00e9tition africaine sur une bonne note. Dans cet entretien, le nouveau ma\u00eetre \u00e0 jouer de [&hellip;]<\/p>\n","protected":false},"author":1738,"featured_media":47726,"comment_status":"closed","ping_status":"closed","sticky":false,"template":"","format":"standard","meta":{"fifu_image_url":"","fifu_image_alt":"","footnotes":""},"categories":[53,75],"tags":[],"class_list":["post-47725","post","type-post","status-publish","format-standard","has-post-thumbnail","hentry","category-algerie","category-sport"],"_links":{"self":[{"href":"https:\/\/linitiative.ca\/International\/wp-json\/wp\/v2\/posts\/47725","targetHints":{"allow":["GET"]}}],"collection":[{"href":"https:\/\/linitiative.ca\/International\/wp-json\/wp\/v2\/posts"}],"about":[{"href":"https:\/\/linitiative.ca\/International\/wp-json\/wp\/v2\/types\/post"}],"author":[{"embeddable":true,"href":"https:\/\/linitiative.ca\/International\/wp-json\/wp\/v2\/users\/1738"}],"replies":[{"embeddable":true,"href":"https:\/\/linitiative.ca\/International\/wp-json\/wp\/v2\/comments?post=47725"}],"version-history":[{"count":0,"href":"https:\/\/linitiative.ca\/International\/wp-json\/wp\/v2\/posts\/47725\/revisions"}],"wp:featuredmedia":[{"embeddable":true,"href":"https:\/\/linitiative.ca\/International\/wp-json\/"}],"wp:attachment":[{"href":"https:\/\/linitiative.ca\/International\/wp-json\/wp\/v2\/media?parent=47725"}],"wp:term":[{"taxonomy":"category","embeddable":true,"href":"https:\/\/linitiative.ca\/International\/wp-json\/wp\/v2\/categories?post=47725"},{"taxonomy":"post_tag","embeddable":true,"href":"https:\/\/linitiative.ca\/International\/wp-json\/wp\/v2\/tags?post=47725"}],"curies":[{"name":"wp","href":"https:\/\/api.w.org\/{rel}","templated":true}]}}