{"id":47727,"date":"2019-07-22T15:14:09","date_gmt":"2019-07-22T19:14:09","guid":{"rendered":"https:\/\/linitiative.ca\/International\/ligue-1-2-mca-casoni-le-fait-de-ne-pas-avoir-tout-le-monde-nous-fait-perdre-du-temps\/"},"modified":"2019-07-22T15:14:09","modified_gmt":"2019-07-22T19:14:09","slug":"ligue-1-2-mca-casoni-le-fait-de-ne-pas-avoir-tout-le-monde-nous-fait-perdre-du-temps","status":"publish","type":"post","link":"https:\/\/linitiative.ca\/International\/ligue-1-2-mca-casoni-le-fait-de-ne-pas-avoir-tout-le-monde-nous-fait-perdre-du-temps\/","title":{"rendered":"Ligue 1 &amp; 2 : MCA &#8211; Casoni : \u00abLe fait de ne pas avoir tout le monde nous fait perdre du temps\u00bb"},"content":{"rendered":"<div readability=\"32\">\n<p>Auteur : <span>K.M.<\/span> <span class=\"time\">lundi 22 juillet 2019 13:16<\/span><\/p>\n<\/div>\n<div id=\"post_core\" readability=\"91\">\n<p>Faisant le point avec Bernard Casoni quelques heures apr\u00e8s avoir d\u00e9but\u00e9 le travail en terre polonaise, le coach fran\u00e7ais se dit satisfait des conditions de travail et d\u2019h\u00e9bergement. Tout est en place pour r\u00e9aliser du bon boulot durant cette seconde vir\u00e9e dans un pays de l\u2019Est. \u00ab Comme vous le constatez de visu, on travaille dans de bonnes conditions. Il y a de tr\u00e8s bonnes pelouses que ce soit en gazon naturel ou en synth\u00e9tique. L\u2019h\u00e9bergement aussi est pas mal. Maintenant, on attend Bourdim et Ouertani qui rejoindront le groupe. J\u2019esp\u00e8re avoir tout le recrutement ici pour bosser car ce n\u2019est pas facile de travailler avec un groupe amoindri. Le fait de ne pas avoir tout le monde nous fait perdre du temps et ce n\u2019est pas un point positif \u00bb, nous a lanc\u00e9 Casoni.<\/p>\n<p><strong>\u00abCe sont les al\u00e9as, il faut s\u2019adapter m\u00eame si ce sera difficile de rattraper le retard au niveau physique\u00bb<\/strong><br \/>Le responsable de la barre technique \u00e9voque aussi le retard que vont accuser les derni\u00e8res recrues au niveau physique, d\u2019o\u00f9 l\u2019importance d\u2019avoir tout le monde le plus rapidement possible pour essayer de rattraper le temps perdu : \u00ab En plus de l\u2019aspect technico-tactique avec le projet de jeu qu\u2019il faut mettre en place en disposant de tout le monde, Il y a le c\u00f4t\u00e9 physique car les joueurs vont accuser du retard dans ce registre et il serait bien de r\u00e9cup\u00e9rer l\u2019ensemble du groupe pour travailler cet aspect. Cela fait partie des al\u00e9as, on n\u2019a pas le choix, il faut s\u2019adapter en tentant de rattraper le retard si on y parvient. \u00bb \u00a0<\/p>\n<p><strong>\u00abJ\u2019ai entendu parler en bien de Harrag et on fera tout pour qu\u2019il s\u2019adapte tr\u00e8s vite\u00bb<\/strong><br \/>Et lorsqu\u2019on le questionne sur la venue de Harrag, Casoni se contentera de dire : \u00ab J\u2019ai entendu parler en bien de Harrag. Maintenant, on va tout faire pour le mettre dans les meilleures conditions afin qu\u2019il s\u2019adapte tr\u00e8s vite \u00e0 notre jeu. La direction a fait un choix et on l\u2019assumera tous ensemble. \u00bb\u00a0 \u00a0<br \/>\u00a0<br \/><strong>\u00abCe qui me d\u00e9sole le plus, c\u2019est de ne pas avoir Mebarakou ou les autres recrues avec nous sur le terrain\u00bb \u00a0<\/strong><br \/>A propos de la venue tr\u00e8s prochaine de Mebarakou, Casoni est tr\u00e8s pragmatique et ne croit que ce qu\u2019il voit sur le terrain laissant aux m\u00e9dias les sp\u00e9culations : \u00ab Pour l\u2019instant, Mebarakou n\u2019est pas avec nous. Moi je n\u2019acte un transfert que lorsque c\u2019est sign\u00e9 et que le joueur est avec nous sur le terrain. Pour l\u2019instant, on n\u2019a ni Mebarakou ni les autres avec nous sur le terrain, c\u2019est ce qui me d\u00e9sole le plus. \u00bb \u00a0<\/p>\n<p><strong>\u00abC\u2019est p\u00e9nalisant car pour travailler dans de bonnes conditions, il faut avoir tout le monde\u00bb<\/strong><br \/>Interrog\u00e9 au micro d\u2019El Heddaf TV sur la date \u00e0 laquelle il compte fermer le recrutement, Casoni reste dans le flou : \u00ab C\u2019est p\u00e9nalisant pour nous car pour travailler dans de bonnes conditions, il faut avoir tout le monde, ce qui n\u2019est pas le cas. \u00bb<\/p>\n<p><strong>\u00abLorsqu\u2019on travaille avec un d\u00e9fenseur et un milieu, c\u2019est difficile de pr\u00e9tendre \u00e0 quelque chose\u00bb<\/strong><br \/>Tr\u00e8s soucieux de la situation actuelle surtout que Casoni avait v\u00e9cu cela la saison derni\u00e8re, il poursuit son analyse : \u00ab Lorsqu\u2019on travaille avec un d\u00e9fenseur et un milieu, c\u2019est difficile de pr\u00e9tendre \u00e0 quelque chose avec toutes les volont\u00e9s du monde. Tant qu\u2019on n\u2019a pas un effectif au complet \u00e0 100 %, on ne pourra pas parler. \u00bb<\/p>\n<p><strong>\u00abQuand il y a une concurrence saine, c\u2019est tout positif pour l\u2019\u00e9quipe\u00bb<\/strong><br \/>Une derni\u00e8re question touchait l\u2019\u00e9tat d\u2019esprit du groupe et l\u2019ambiance qui r\u00e8gne dans le vestiaire. \u00ab Oui, il y a une bonne ambiance, mais ce sera mieux lorsqu\u2019on aura l\u2019ensemble du groupe. Quand il y a une concurrence saine, c\u2019est tout positif pour l\u2019\u00e9quipe \u00bb, a-t-il affirm\u00e9.\u00a0\u00a0\u00a0\u00a0<\/p>\n<p><strong>Publi\u00e9 dans :<\/strong> <span>mca<\/span> <span>Harrag<\/span> <span>Casoni<\/span><\/p>\n<\/div>\n<p>Auteur:<br \/>\n<a href=\"http:\/\/www.lebuteur.com\/article\/detail?titre=mca-casoni-le-fait-de-ne-pas-avoir-tout-le-monde-nous-fait-perdre-du-temps&#038;id=90580&#038;utm_source=feedburner&#038;utm_medium=feed&#038;utm_campaign=Feed%3A+GalerieFArtciles+%28Les+derniers+articles++-+lebuteur.com%29\">Cliquez ici pour lire l&rsquo;article depuis sa source.<\/a><\/p>\n","protected":false},"excerpt":{"rendered":"<p>Auteur : K.M. lundi 22 juillet 2019 13:16 Faisant le point avec Bernard Casoni quelques heures apr\u00e8s avoir d\u00e9but\u00e9 le travail en terre polonaise, le coach fran\u00e7ais se dit satisfait des conditions de travail et d\u2019h\u00e9bergement. Tout est en place pour r\u00e9aliser du bon boulot durant cette seconde vir\u00e9e dans un pays de l\u2019Est. \u00ab [&hellip;]<\/p>\n","protected":false},"author":1738,"featured_media":47728,"comment_status":"closed","ping_status":"closed","sticky":false,"template":"","format":"standard","meta":{"fifu_image_url":"","fifu_image_alt":"","footnotes":""},"categories":[53,75],"tags":[],"class_list":["post-47727","post","type-post","status-publish","format-standard","has-post-thumbnail","hentry","category-algerie","category-sport"],"_links":{"self":[{"href":"https:\/\/linitiative.ca\/International\/wp-json\/wp\/v2\/posts\/47727","targetHints":{"allow":["GET"]}}],"collection":[{"href":"https:\/\/linitiative.ca\/International\/wp-json\/wp\/v2\/posts"}],"about":[{"href":"https:\/\/linitiative.ca\/International\/wp-json\/wp\/v2\/types\/post"}],"author":[{"embeddable":true,"href":"https:\/\/linitiative.ca\/International\/wp-json\/wp\/v2\/users\/1738"}],"replies":[{"embeddable":true,"href":"https:\/\/linitiative.ca\/International\/wp-json\/wp\/v2\/comments?post=47727"}],"version-history":[{"count":0,"href":"https:\/\/linitiative.ca\/International\/wp-json\/wp\/v2\/posts\/47727\/revisions"}],"wp:featuredmedia":[{"embeddable":true,"href":"https:\/\/linitiative.ca\/International\/wp-json\/"}],"wp:attachment":[{"href":"https:\/\/linitiative.ca\/International\/wp-json\/wp\/v2\/media?parent=47727"}],"wp:term":[{"taxonomy":"category","embeddable":true,"href":"https:\/\/linitiative.ca\/International\/wp-json\/wp\/v2\/categories?post=47727"},{"taxonomy":"post_tag","embeddable":true,"href":"https:\/\/linitiative.ca\/International\/wp-json\/wp\/v2\/tags?post=47727"}],"curies":[{"name":"wp","href":"https:\/\/api.w.org\/{rel}","templated":true}]}}