{"id":47729,"date":"2019-07-22T15:14:11","date_gmt":"2019-07-22T19:14:11","guid":{"rendered":"https:\/\/linitiative.ca\/International\/ligue-1-2-mca-derrardja-je-nai-pas-peur-de-la-concurrence\/"},"modified":"2019-07-22T15:14:11","modified_gmt":"2019-07-22T19:14:11","slug":"ligue-1-2-mca-derrardja-je-nai-pas-peur-de-la-concurrence","status":"publish","type":"post","link":"https:\/\/linitiative.ca\/International\/ligue-1-2-mca-derrardja-je-nai-pas-peur-de-la-concurrence\/","title":{"rendered":"Ligue 1 &amp; 2 : MCA : Derrardja : \u00abJe n\u2019ai pas peur de la concurrence\u00bb"},"content":{"rendered":"<div readability=\"32\">\n<p>Auteur : <span>K.M.<\/span> <span class=\"time\">lundi 22 juillet 2019 13:16<\/span><\/p>\n<\/div>\n<div id=\"post_core\" readability=\"65\">\n<p>Walid Derrardja s\u2019est exprim\u00e9 dans cet entretien au micro d\u2019El Heddaf TV. Le num\u00e9ro 17 mouloud\u00e9en parle des objectifs que le club voudrait atteindre la saison prochaine, celle de la r\u00e9demption.<\/p>\n<p><strong>Comment se d\u00e9roule ce d\u00e9but de stage en Pologne ?<\/strong><br \/>Tr\u00e8s bien. On a d\u00e9j\u00e0 bien boss\u00e9 en Tunisie et on est pr\u00eats \u00e0 faire de m\u00eame ici en Pologne car ce second stage sera crucial avant le coup d\u2019envoi du championnat.<\/p>\n<p><strong>Comment sont les conditions de travail ?<\/strong><br \/>Mais on est mis dans les meilleures conditions possibles. C\u2019est la deuxi\u00e8me fois que je viens en Pologne et \u00e0 chaque fois, on s\u2019entra\u00eene dans des conditions idoines. Il y a aussi la rigueur au travail et la concentration afin qu\u2019on puisse mettre sur pied ce projet de jeu qui faisait tant r\u00eaver nos supporters. On a les moyens de r\u00e9cup\u00e9ration pour \u00eatre \u00e0 chaque fois au top.<\/p>\n<p><strong>Vous serez soumis \u00e0 une grande concurrence, que ce soit au milieu de terrain avec Bourdim et Djabou, ou sur le couloir gauche avec Benaldjia ?<\/strong><br \/>Mais la concurrence ne m\u2019a jamais fait peur. Bien au contraire \u00e7a stimule pour donner le meilleur de soi. Cela se r\u00e9percutera positivement sur les prestations de l\u2019\u00e9quipe. C\u2019est tout b\u00e9n\u00e9fice, et que le meilleur joue, tout simplement.<br \/><strong>Vous avez connu des fortunes diverses la saison derni\u00e8re. Quelles seront vos ambitions pour la saison prochaine ?<\/strong><br \/>J\u2019ai connu plusieurs soucis sur le plan physique. J\u2019ai eu plusieurs blessures \u00e0 cause d\u2019une mauvaise pr\u00e9paration et des changements d\u2019entra\u00eeneurs. A chaque fois, il fallait s\u2019adapter \u00e0 la m\u00e9thode de chaque coach puisqu\u2019il y en a eu trois ou quatre qui se sont succ\u00e9d\u00e9 \u00e0 la barre technique. Mais cette fois-ci, il y a de la stabilit\u00e9 \u00e0 ce niveau et il est \u00e9vident que je vais travailler tr\u00e8s dur pour \u00eatre dans une forme optimale avec cet objectif de retrouver la forme qui \u00e9tait la mienne, il y a deux saisons.<\/p>\n<p><strong>Est-ce que vous serez pr\u00eat pour le coup d\u2019envoi du championnat ?<\/strong><br \/>On n\u2019a pas le choix, il faut qu\u2019on soit pr\u00eat pour le coup d\u2019envoi. C\u2019est aussi pour cela qu\u2019on travaille ici tr\u00e8s dur pour parfaire notre jeu collectif et notre condition physique. Bien \u00e9videmment qu\u2019on sera pr\u00eat pour le championnat et la Coupe arabe.\u00a0\u00a0<\/p>\n<p><strong>Publi\u00e9 dans :<\/strong> <span>mca<\/span> <span>Derrardja<\/span><\/p>\n<\/div>\n<p>Auteur:<br \/>\n<a href=\"http:\/\/www.lebuteur.com\/article\/detail?titre=mca-derrardja-je-nai-pas-peur-de-la-concurrence&#038;id=90579&#038;utm_source=feedburner&#038;utm_medium=feed&#038;utm_campaign=Feed%3A+GalerieFArtciles+%28Les+derniers+articles++-+lebuteur.com%29\">Cliquez ici pour lire l&rsquo;article depuis sa source.<\/a><\/p>\n","protected":false},"excerpt":{"rendered":"<p>Auteur : K.M. lundi 22 juillet 2019 13:16 Walid Derrardja s\u2019est exprim\u00e9 dans cet entretien au micro d\u2019El Heddaf TV. Le num\u00e9ro 17 mouloud\u00e9en parle des objectifs que le club voudrait atteindre la saison prochaine, celle de la r\u00e9demption. Comment se d\u00e9roule ce d\u00e9but de stage en Pologne ?Tr\u00e8s bien. On a d\u00e9j\u00e0 bien boss\u00e9 [&hellip;]<\/p>\n","protected":false},"author":1738,"featured_media":47730,"comment_status":"closed","ping_status":"closed","sticky":false,"template":"","format":"standard","meta":{"fifu_image_url":"","fifu_image_alt":"","footnotes":""},"categories":[53,75],"tags":[],"class_list":["post-47729","post","type-post","status-publish","format-standard","has-post-thumbnail","hentry","category-algerie","category-sport"],"_links":{"self":[{"href":"https:\/\/linitiative.ca\/International\/wp-json\/wp\/v2\/posts\/47729","targetHints":{"allow":["GET"]}}],"collection":[{"href":"https:\/\/linitiative.ca\/International\/wp-json\/wp\/v2\/posts"}],"about":[{"href":"https:\/\/linitiative.ca\/International\/wp-json\/wp\/v2\/types\/post"}],"author":[{"embeddable":true,"href":"https:\/\/linitiative.ca\/International\/wp-json\/wp\/v2\/users\/1738"}],"replies":[{"embeddable":true,"href":"https:\/\/linitiative.ca\/International\/wp-json\/wp\/v2\/comments?post=47729"}],"version-history":[{"count":0,"href":"https:\/\/linitiative.ca\/International\/wp-json\/wp\/v2\/posts\/47729\/revisions"}],"wp:featuredmedia":[{"embeddable":true,"href":"https:\/\/linitiative.ca\/International\/wp-json\/"}],"wp:attachment":[{"href":"https:\/\/linitiative.ca\/International\/wp-json\/wp\/v2\/media?parent=47729"}],"wp:term":[{"taxonomy":"category","embeddable":true,"href":"https:\/\/linitiative.ca\/International\/wp-json\/wp\/v2\/categories?post=47729"},{"taxonomy":"post_tag","embeddable":true,"href":"https:\/\/linitiative.ca\/International\/wp-json\/wp\/v2\/tags?post=47729"}],"curies":[{"name":"wp","href":"https:\/\/api.w.org\/{rel}","templated":true}]}}