{"id":47731,"date":"2019-07-22T15:14:14","date_gmt":"2019-07-22T19:14:14","guid":{"rendered":"https:\/\/linitiative.ca\/International\/ligue-1-2-jsk-velud-on-a-temporise-avant-dengager-koanda-pour-etre-convaincus-de-notre-choix\/"},"modified":"2019-07-22T15:14:14","modified_gmt":"2019-07-22T19:14:14","slug":"ligue-1-2-jsk-velud-on-a-temporise-avant-dengager-koanda-pour-etre-convaincus-de-notre-choix","status":"publish","type":"post","link":"https:\/\/linitiative.ca\/International\/ligue-1-2-jsk-velud-on-a-temporise-avant-dengager-koanda-pour-etre-convaincus-de-notre-choix\/","title":{"rendered":"Ligue 1 &amp; 2 : JSK &#8211; Velud: \u00abOn a temporis\u00e9 avant d\u2019engager Koanda pour \u00eatre convaincus de notre choix\u00bb"},"content":{"rendered":"<div readability=\"32\">\n<p>Auteur : <span>S. D.<\/span> <span class=\"time\">lundi 22 juillet 2019 13:16<\/span><\/p>\n<\/div>\n<div id=\"post_core\" readability=\"82\">\n<p>C\u2019est d\u00e9sormais officiel, la JSK tient sa nouvelle recrue. Il s\u2019agit du d\u00e9fenseur central Koanda Souleymane. En p\u00e9riode d\u2019essai depuis deux semaines pratiquement, le Burkinabais, qui allait \u00eatre lib\u00e9r\u00e9, a finalement \u00e9t\u00e9 maintenu. Ayant laiss\u00e9 une bonne impression contre l\u2019\u00e9quipe de Clermont Foot, l\u2019ancien pensionnaire de l\u2019ASEC Abidjan a \u00e9t\u00e9 inform\u00e9 samedi soir qu\u2019il allait \u00eatre maintenu et qu\u2019il signera son contrat demain. Une d\u00e9cision qui l\u2019a \u00e9norm\u00e9ment rassur\u00e9, lui qui \u00e9tait dans l\u2019expectative. Et pour conna\u00eetre l\u2019avis du coach Hubert Velud, nous nous sommes entretenus avec lui dans la matin\u00e9e d\u2019hier. Le Fran\u00e7ais, qui ne sait pas exactement quand la c\u00e9r\u00e9monie de la signature aura lieu, a expliqu\u00e9 les raisons de ce choix mais aussi du fait qu\u2019il ait trop temporis\u00e9 avant d\u2019accepter de l\u2019engager. Dans un premier temps, il dira : \u00abPour le moment, je ne sais pas quand la direction va officialiser ce transfert mais nous avons d\u00e9cid\u00e9 de le garder. On a temporis\u00e9 avant de prendre cette d\u00e9cision puisque le joueur a eu de petits creux durant la pr\u00e9paration. On a m\u00eame eu des petits doutes mais le fait qu\u2019on l\u2019ait gard\u00e9 prouve qu\u2019il a des qualit\u00e9s.\u00bb<\/p>\n<p><strong>\u00abIl a montr\u00e9 des signes positifs\u00bb<\/strong><br \/>Toujours concernant Koanda, le premier responsable de l\u2019\u00e9quipe a d\u00e9clar\u00e9 que m\u00eame si qu\u2019aucune d\u00e9cision n\u2019avait \u00e9t\u00e9 prise, il savait que le joueur \u00e9tait bon et qu\u2019il avait des qualit\u00e9s qui pouvaient lui permettre de d\u00e9fendre le maillot de la JSK : \u00abOn a tard\u00e9 avant de prendre une d\u00e9cision, mais nous voulions \u00eatre s\u00fbr qu\u2019il \u00e9tait bon. Je tiens aussi \u00e0 dire que s\u2019il n\u2019\u00e9tait pas bon, il n\u2019aurait pas accompagn\u00e9 l\u2019\u00e9quipe \u00e0 Evian.\u00bb<\/p>\n<p><strong>\u00abIl est fort mentalement et a un gabarit impressionnant\u00bb<\/strong><br \/>Par rapport aux qualit\u00e9s de Koanda qui lui ont permis de s\u2019engager avec la JSK, l\u2019entra\u00eeneur Velud estime que le Burkinabais est fort mentalement avec un gabarit impressionnant : \u00abSi nous avons gard\u00e9 Koanda, c\u2019est parce qu\u2019il est fort mentalement. Il est puissant physiquement avec un gabarit impressionnant. C\u2019est important d\u2019avoir ce genre de joueur lorsqu\u2019on joue la Coupe d\u2019Afrique. Je dirais aussi que c\u2019est important d\u2019\u00e9lever la moyenne de la taille de l\u2019\u00e9quipe, c\u2019est tr\u00e8s important.\u00bb<\/p>\n<p><strong>\u00abIl ne cesse de s\u2019am\u00e9liorer\u00bb<\/strong><br \/>Dans le m\u00eame contexte, le technicien fran\u00e7ais de la JSK n\u2019a pas manqu\u00e9 l\u2019occasion d\u2019expliquer que Koanda ne cesse de s\u2019am\u00e9liorer notamment physiquement : \u00abKoanda ne cesse de s\u2019am\u00e9liorer. C\u2019est ce qui a jou\u00e9 en sa faveur. M\u00eame physiquement, il se sent beaucoup mieux.\u00bb<\/p>\n<p><strong>\u00abNous allons renforcer le compartiment offensif\u00bb<\/strong><br \/>Ce n\u2019est une v\u00e9rit\u00e9 pour personne, la JSK va engager un attaquant africain dans les prochains jours. Le club est sur les traces de plusieurs joueurs mais Velud devrait choisir celui qui pourrait faire la diff\u00e9rence d\u00e8s son retour au pays. D\u2019ailleurs, c\u2019est ce qu\u2019il a dit : \u00abGlobalement, l\u2019\u00e9quipe poursuit sa pr\u00e9paration dans les meilleures conditions. Nous allons, peut-\u00eatre, renforcer le compartiment offensif.\u00bb<\/p>\n<p><strong>Publi\u00e9 dans :<\/strong> <span>JSK<\/span> <span>Velud<\/span> <span>Koanda<\/span><\/p>\n<\/div>\n<p>Auteur:<br \/>\n<a href=\"http:\/\/www.lebuteur.com\/article\/detail?titre=jsk-velud-on-a-temporise-avant-dengager-koanda-pour-etre-convaincus-de-notre-choix&#038;id=90578&#038;utm_source=feedburner&#038;utm_medium=feed&#038;utm_campaign=Feed%3A+GalerieFArtciles+%28Les+derniers+articles++-+lebuteur.com%29\">Cliquez ici pour lire l&rsquo;article depuis sa source.<\/a><\/p>\n","protected":false},"excerpt":{"rendered":"<p>Auteur : S. D. lundi 22 juillet 2019 13:16 C\u2019est d\u00e9sormais officiel, la JSK tient sa nouvelle recrue. Il s\u2019agit du d\u00e9fenseur central Koanda Souleymane. En p\u00e9riode d\u2019essai depuis deux semaines pratiquement, le Burkinabais, qui allait \u00eatre lib\u00e9r\u00e9, a finalement \u00e9t\u00e9 maintenu. Ayant laiss\u00e9 une bonne impression contre l\u2019\u00e9quipe de Clermont Foot, l\u2019ancien pensionnaire de [&hellip;]<\/p>\n","protected":false},"author":1738,"featured_media":47732,"comment_status":"closed","ping_status":"closed","sticky":false,"template":"","format":"standard","meta":{"fifu_image_url":"","fifu_image_alt":"","footnotes":""},"categories":[53,75],"tags":[],"class_list":["post-47731","post","type-post","status-publish","format-standard","has-post-thumbnail","hentry","category-algerie","category-sport"],"_links":{"self":[{"href":"https:\/\/linitiative.ca\/International\/wp-json\/wp\/v2\/posts\/47731","targetHints":{"allow":["GET"]}}],"collection":[{"href":"https:\/\/linitiative.ca\/International\/wp-json\/wp\/v2\/posts"}],"about":[{"href":"https:\/\/linitiative.ca\/International\/wp-json\/wp\/v2\/types\/post"}],"author":[{"embeddable":true,"href":"https:\/\/linitiative.ca\/International\/wp-json\/wp\/v2\/users\/1738"}],"replies":[{"embeddable":true,"href":"https:\/\/linitiative.ca\/International\/wp-json\/wp\/v2\/comments?post=47731"}],"version-history":[{"count":0,"href":"https:\/\/linitiative.ca\/International\/wp-json\/wp\/v2\/posts\/47731\/revisions"}],"wp:featuredmedia":[{"embeddable":true,"href":"https:\/\/linitiative.ca\/International\/wp-json\/"}],"wp:attachment":[{"href":"https:\/\/linitiative.ca\/International\/wp-json\/wp\/v2\/media?parent=47731"}],"wp:term":[{"taxonomy":"category","embeddable":true,"href":"https:\/\/linitiative.ca\/International\/wp-json\/wp\/v2\/categories?post=47731"},{"taxonomy":"post_tag","embeddable":true,"href":"https:\/\/linitiative.ca\/International\/wp-json\/wp\/v2\/tags?post=47731"}],"curies":[{"name":"wp","href":"https:\/\/api.w.org\/{rel}","templated":true}]}}