{"id":47733,"date":"2019-07-22T15:14:16","date_gmt":"2019-07-22T19:14:16","guid":{"rendered":"https:\/\/linitiative.ca\/International\/ligue-1-2-mca-hachoud-lamara-allati-et-brahimi-rassurent-casoni\/"},"modified":"2019-07-22T15:14:16","modified_gmt":"2019-07-22T19:14:16","slug":"ligue-1-2-mca-hachoud-lamara-allati-et-brahimi-rassurent-casoni","status":"publish","type":"post","link":"https:\/\/linitiative.ca\/International\/ligue-1-2-mca-hachoud-lamara-allati-et-brahimi-rassurent-casoni\/","title":{"rendered":"Ligue 1 &amp; 2 : MCA : Hachoud, Lamara, Allati et Brahimi rassurent Casoni !"},"content":{"rendered":"<div readability=\"32\">\n<p>Auteur : <span>Kamel M.<\/span> <span class=\"time\">lundi 22 juillet 2019 13:16<\/span><\/p>\n<\/div>\n<div id=\"post_core\" readability=\"72\">\n<p>C\u2019est sous l\u2019\u0153il vigilant de Casoni que se d\u00e9roulent les s\u00e9ances d\u2019entra\u00eenement dirig\u00e9es par Hakim Malek mais aussi Thomas Gornouec. L\u2019ancien champion d\u2019Europe est satisfait de la r\u00e9action de ses joueurs, mais il semble bien que la forme affich\u00e9e par ses quatre d\u00e9fenseurs lat\u00e9raux et bien qu\u2019elle le mette dans une situation embarrassante, lui offre plusieurs solutions. Puisque Hachoud, Lamara, et Allati et m\u00eame Brahimi, qui revient d\u2019une blessure, ont montr\u00e9 une grande volont\u00e9 aux entra\u00eenements et ils tiennent \u00e0 gagner leur place. Si la saison pass\u00e9e, le recrutement de Lamara a donn\u00e9 cette stabilit\u00e9 tant souhait\u00e9e pour la d\u00e9fense qui avait pris de l\u2019eau lors de la phase aller, Allati et Brahimi n\u2019ont pas quitt\u00e9 leur \u00e9quipe pour faire banquette et ils sont persuad\u00e9s qu\u2019ils vont convaincre le coach. Quant \u00e0 Azzi, qui \u00e9tait rep\u00each\u00e9 par Casoni, il a progress\u00e9 en r\u00e9cup\u00e9rant ses moyens, car il n\u2019est un secret pour personne qu\u2019il est rest\u00e9 loin de la comp\u00e9tition durant quatre mois, suite \u00e0 sa blessure face \u00e0 Al Merreikh et il n\u2019a repris qu\u2019\u00e0 la fin du parcours.<\/p>\n<p><strong>La concurrence sera tr\u00e8s rude<\/strong><br \/>Pour le syst\u00e8me de jeu qui sera adopt\u00e9, il semble que Casoni ne soit pas pr\u00eat \u00e0 renoncer au principe d\u2019une d\u00e9fense classique. Ainsi, il faut s\u2019attendre \u00e0 ce que la concurrence soit tr\u00e8s dure, notamment entre Hachoud, Lamara et Allati qui sont les joueurs les mieux plac\u00e9s pour d\u00e9crocher les deux postes sur les deux flancs de l\u2019arri\u00e8re-garde mouloud\u00e9ene, et l\u2019un des trois joueurs fera banquette. Toutefois, il faut aussi compter avec Brahimi, puisque Casoni crie \u00e0 qui veut l\u2019entendre qu\u2019il a de la qualit\u00e9, et il semble bien qu\u2019il ne soit pas pr\u00eat \u00e0 laisser passer sa chance qu\u2019il veut pleinement saisir lors de ce stage de pr\u00e9paration en Pologne.<\/p>\n<p><strong>Le coach n\u2019a pas encore montr\u00e9 ses cartes<\/strong><br \/>\u00c0 un jour du premier match de pr\u00e9paration face \u00e0 Miedz Legnica, le coach du Mouloudia ne semble pas vouloir d\u00e9voiler ses cartes afin de garder les quatre d\u00e9fenseurs lat\u00e9raux, eux qui travaillent sans r\u00e9pit pour gagner sa confiance. Ainsi, Casoni fait durer le suspense pour ce premier match de pr\u00e9paration, car c\u2019est \u00e0 travers cette confrontation que les choses vont s\u2019\u00e9claircir pour les joueurs qui vont jouir de la confiance du technicien fran\u00e7ais qui va sans aucun doute opter pour le turn-over. Contrairement donc au pr\u00e9c\u00e9dent exercice, la concurrence sera tr\u00e8s rude au niveau des deux flancs de la d\u00e9fense.<\/p>\n<p><strong>Publi\u00e9 dans :<\/strong> <span>mca<\/span> <span>hachoud<\/span> <span>Brahimi<\/span> <span>Lamara<\/span> <span>Casoni<\/span> <span>Allati<\/span><\/p>\n<\/div>\n<p>Auteur:<br \/>\n<a href=\"http:\/\/www.lebuteur.com\/article\/detail?titre=mca-hachoud-lamara-allati-et-brahimi-rassurent-casoni&#038;id=90577&#038;utm_source=feedburner&#038;utm_medium=feed&#038;utm_campaign=Feed%3A+GalerieFArtciles+%28Les+derniers+articles++-+lebuteur.com%29\">Cliquez ici pour lire l&rsquo;article depuis sa source.<\/a><\/p>\n","protected":false},"excerpt":{"rendered":"<p>Auteur : Kamel M. lundi 22 juillet 2019 13:16 C\u2019est sous l\u2019\u0153il vigilant de Casoni que se d\u00e9roulent les s\u00e9ances d\u2019entra\u00eenement dirig\u00e9es par Hakim Malek mais aussi Thomas Gornouec. L\u2019ancien champion d\u2019Europe est satisfait de la r\u00e9action de ses joueurs, mais il semble bien que la forme affich\u00e9e par ses quatre d\u00e9fenseurs lat\u00e9raux et bien [&hellip;]<\/p>\n","protected":false},"author":1738,"featured_media":47734,"comment_status":"closed","ping_status":"closed","sticky":false,"template":"","format":"standard","meta":{"fifu_image_url":"","fifu_image_alt":"","footnotes":""},"categories":[53,75],"tags":[],"class_list":["post-47733","post","type-post","status-publish","format-standard","has-post-thumbnail","hentry","category-algerie","category-sport"],"_links":{"self":[{"href":"https:\/\/linitiative.ca\/International\/wp-json\/wp\/v2\/posts\/47733","targetHints":{"allow":["GET"]}}],"collection":[{"href":"https:\/\/linitiative.ca\/International\/wp-json\/wp\/v2\/posts"}],"about":[{"href":"https:\/\/linitiative.ca\/International\/wp-json\/wp\/v2\/types\/post"}],"author":[{"embeddable":true,"href":"https:\/\/linitiative.ca\/International\/wp-json\/wp\/v2\/users\/1738"}],"replies":[{"embeddable":true,"href":"https:\/\/linitiative.ca\/International\/wp-json\/wp\/v2\/comments?post=47733"}],"version-history":[{"count":0,"href":"https:\/\/linitiative.ca\/International\/wp-json\/wp\/v2\/posts\/47733\/revisions"}],"wp:featuredmedia":[{"embeddable":true,"href":"https:\/\/linitiative.ca\/International\/wp-json\/"}],"wp:attachment":[{"href":"https:\/\/linitiative.ca\/International\/wp-json\/wp\/v2\/media?parent=47733"}],"wp:term":[{"taxonomy":"category","embeddable":true,"href":"https:\/\/linitiative.ca\/International\/wp-json\/wp\/v2\/categories?post=47733"},{"taxonomy":"post_tag","embeddable":true,"href":"https:\/\/linitiative.ca\/International\/wp-json\/wp\/v2\/tags?post=47733"}],"curies":[{"name":"wp","href":"https:\/\/api.w.org\/{rel}","templated":true}]}}