{"id":47741,"date":"2019-07-21T19:00:00","date_gmt":"2019-07-21T23:00:00","guid":{"rendered":"https:\/\/linitiative.ca\/International\/universite-douargla-deux-nouvelles-specialites\/"},"modified":"2019-07-21T19:00:00","modified_gmt":"2019-07-21T23:00:00","slug":"universite-douargla-deux-nouvelles-specialites","status":"publish","type":"post","link":"https:\/\/linitiative.ca\/International\/universite-douargla-deux-nouvelles-specialites\/","title":{"rendered":"Universit\u00e9 d\u2019Ouargla : Deux nouvelles sp\u00e9cialit\u00e9s"},"content":{"rendered":"<p>Deux nouvelles sp\u00e9cialit\u00e9s p\u00e9dagogiques seront ouvertes \u00e0 la prochaine rentr\u00e9e 2019\/2020 \u00e0 l\u2019universit\u00e9 Kasdi-Merbah d\u2019Ouargla, a-t-on appris dimanche aupr\u00e8s du rectorat de cette institution de l\u2019enseignement sup\u00e9rieur. \u00abLa nomenclature p\u00e9dagogique sera ainsi renforc\u00e9e par des sp\u00e9cialit\u00e9s en aquaculture et en m\u00e9trologie au niveau de l\u2019Institut de technologies au p\u00f4le universitaire 2, \u00e0 la satisfaction des bacheliers r\u00e9pondant aux conditions requises, notamment l\u2019obtention d\u2019une moyenne de 12\/20 et plus au baccalaur\u00e9at dans les fili\u00e8res de math\u00e9matiques, techniques-math\u00e9matiques et sciences exp\u00e9rimentales\u00bb, a pr\u00e9cis\u00e9 le vice-recteur, Abdelfattah Abimiloud. Les postulants devront suivre un cursus d\u2019enseignement th\u00e9orique et pratique de trois ann\u00e9es, avec un encadrement sp\u00e9cialis\u00e9 devant leur permettre d\u2019acqu\u00e9rir les capacit\u00e9s et comp\u00e9tences n\u00e9cessaires pour s\u2019ins\u00e9rer ais\u00e9ment dans la vie professionnelle, a-t-il soulign\u00e9. L\u2019ouverture de ces nouvelles sp\u00e9cialit\u00e9s vient r\u00e9pondre aux exigences du march\u00e9 de l\u2019emploi, notamment avec le d\u00e9veloppement ces derni\u00e8res ann\u00e9es des activit\u00e9s aquacoles dans la r\u00e9gion et contribuer \u00e0 la promotion de la rentabilit\u00e9 des entreprises \u00e9conomiques, a ajout\u00e9 le m\u00eame responsable. L\u2019universit\u00e9 d\u2019Ouargla compte 10 facult\u00e9s assurant l\u2019enseignement de 139 sp\u00e9cialit\u00e9s, dont 70 en licence et 69 en master, en plus de deux sp\u00e9cialit\u00e9s \u00e0 caract\u00e8re national, \u00e0 savoir l\u2019ing\u00e9niorat en hydrocarbures et en agriculture.<\/p>\n<p>Auteur: elmoudjahid<br \/>\n<a href=\"http:\/\/www.elmoudjahid.com\/fr\/actualites\/139601\">Cliquez ici pour lire l&rsquo;article depuis sa source.<\/a><\/p>\n","protected":false},"excerpt":{"rendered":"<p>Deux nouvelles sp\u00e9cialit\u00e9s p\u00e9dagogiques seront ouvertes \u00e0 la prochaine rentr\u00e9e 2019\/2020 \u00e0 l\u2019universit\u00e9 Kasdi-Merbah d\u2019Ouargla, a-t-on appris dimanche aupr\u00e8s du rectorat de cette institution de l\u2019enseignement sup\u00e9rieur. \u00abLa nomenclature p\u00e9dagogique sera ainsi renforc\u00e9e par des sp\u00e9cialit\u00e9s en aquaculture et en m\u00e9trologie au niveau de l\u2019Institut de technologies au p\u00f4le universitaire 2, \u00e0 la satisfaction des [&hellip;]<\/p>\n","protected":false},"author":1744,"featured_media":0,"comment_status":"closed","ping_status":"closed","sticky":false,"template":"","format":"standard","meta":{"fifu_image_url":"","fifu_image_alt":"","footnotes":""},"categories":[73,53],"tags":[],"class_list":["post-47741","post","type-post","status-publish","format-standard","hentry","category-actualite","category-algerie"],"_links":{"self":[{"href":"https:\/\/linitiative.ca\/International\/wp-json\/wp\/v2\/posts\/47741","targetHints":{"allow":["GET"]}}],"collection":[{"href":"https:\/\/linitiative.ca\/International\/wp-json\/wp\/v2\/posts"}],"about":[{"href":"https:\/\/linitiative.ca\/International\/wp-json\/wp\/v2\/types\/post"}],"author":[{"embeddable":true,"href":"https:\/\/linitiative.ca\/International\/wp-json\/wp\/v2\/users\/1744"}],"replies":[{"embeddable":true,"href":"https:\/\/linitiative.ca\/International\/wp-json\/wp\/v2\/comments?post=47741"}],"version-history":[{"count":0,"href":"https:\/\/linitiative.ca\/International\/wp-json\/wp\/v2\/posts\/47741\/revisions"}],"wp:attachment":[{"href":"https:\/\/linitiative.ca\/International\/wp-json\/wp\/v2\/media?parent=47741"}],"wp:term":[{"taxonomy":"category","embeddable":true,"href":"https:\/\/linitiative.ca\/International\/wp-json\/wp\/v2\/categories?post=47741"},{"taxonomy":"post_tag","embeddable":true,"href":"https:\/\/linitiative.ca\/International\/wp-json\/wp\/v2\/tags?post=47741"}],"curies":[{"name":"wp","href":"https:\/\/api.w.org\/{rel}","templated":true}]}}