{"id":47742,"date":"2019-07-21T19:00:00","date_gmt":"2019-07-21T23:00:00","guid":{"rendered":"https:\/\/linitiative.ca\/International\/nouveaux-bacheliers-debut-des-preinscriptions-et-inscriptions\/"},"modified":"2019-07-21T19:00:00","modified_gmt":"2019-07-21T23:00:00","slug":"nouveaux-bacheliers-debut-des-preinscriptions-et-inscriptions","status":"publish","type":"post","link":"https:\/\/linitiative.ca\/International\/nouveaux-bacheliers-debut-des-preinscriptions-et-inscriptions\/","title":{"rendered":"Nouveaux bacheliers  :  D\u00e9but des pr\u00e9inscriptions et inscriptions"},"content":{"rendered":"<p>Les pr\u00e9inscriptions et inscriptions d\u00e9finitives, au titre de l&rsquo;ann\u00e9e universitaire 2019-2020, d\u00e9buteront aujourd\u2019hui pour les nouveaux bacheliers, selon le calendrier \u00e9tabli par le minist\u00e8re de l&rsquo;Enseignement sup\u00e9rieur et de la Recherche scientifique qui fixe au 12 septembre la cl\u00f4ture de l&rsquo;op\u00e9ration.<br \/>La p\u00e9riode de pr\u00e9inscriptions des titulaires du baccalaur\u00e9at, fix\u00e9e du 22 au 24 juillet, a \u00e9t\u00e9 pr\u00e9c\u00e9d\u00e9e par des portes ouvertes au niveau des \u00e9tablissements d\u2019enseignement sup\u00e9rieur (du 15 au 23 juillet 2019) et par une 1re phase dont la premi\u00e8re \u00e9tape (du 20 au 22 juillet), a \u00e9t\u00e9 consacr\u00e9e \u00e0 l&rsquo;exploitation des r\u00e9sultats du baccalaur\u00e9at et la d\u00e9termination des moyennes nationales minimales pour participer au classement dans certaines fili\u00e8res. La p\u00e9riode des pr\u00e9inscriptions (22 au 24 juillet) sera suivie par celle de la confirmation des pr\u00e9inscriptions (25 au 26 juillet), puis au traitement des v\u0153ux (27 juillet au 3 ao\u00fbt) et, enfin, \u00e0 la proclamation des r\u00e9sultats des affectations (3 ao\u00fbt au soir). La 2e phase, qui s&rsquo;\u00e9tale du 4 au 17 ao\u00fbt, portera sur la confirmation ou la r\u00e9orientation ou les tests et entretiens pour les fili\u00e8res concern\u00e9es (4 au 8 ao\u00fbt), l&rsquo;ouverture du portail \u00ab\u00a0h\u00e9bergement\u00a0\u00bb (8 au 17 ao\u00fbt), le 2e traitement des cas d&rsquo;\u00e9checs aux tests\/entretiens et des demandes de r\u00e9orientations (14 au 17 ao\u00fbt au matin) et la proclamation des r\u00e9sultats des affectations (17 ao\u00fbt). La 3e phase, qui s&rsquo;\u00e9tendra du 2 au 8 septembre, concernera les inscriptions d\u00e9finitives et les dossiers des \u0153uvres universitaires, alors que la 4e phase (du 2 au 12 septembre), portera sur le traitement des cas particuliers par les EES (PROGRES) et la r\u00e9ouverture du portail h\u00e9bergement, bourse et transport. Selon le minist\u00e8re, la date limite du 12 septembre cl\u00f4ture d\u00e9finitivement les inscriptions au titre de l&rsquo;ann\u00e9e universitaire 2019-2020. Une nouvelle circulaire minist\u00e9rielle relative aux pr\u00e9inscriptions et \u00e0 l&rsquo;orientation des nouveaux bacheliers au titre de l&rsquo;ann\u00e9e universitaire 2019\/2020 a \u00e9t\u00e9 promulgu\u00e9e le 18 juin dernier. Cette circulaire d\u00e9finit les r\u00e8gles g\u00e9n\u00e9rales applicables pour les pr\u00e9inscriptions et l&rsquo;orientation des nouveaux bacheliers au titre de l&rsquo;ann\u00e9e 2019-2020 et les porteurs de dipl\u00f4mes \u00e9trangers pour l&rsquo;acc\u00e8s \u00e0 l&rsquo;enseignement et \u00e0 la formation sup\u00e9rieurs en fonction des moyennes obtenues au baccalaur\u00e9at.<br \/>L&rsquo;orientation vers l&rsquo;enseignement et la formation sup\u00e9rieurs repose, conform\u00e9ment aux conditions fix\u00e9es par cette circulaire, sur quatre param\u00e8tres, \u00e0 savoir : les v\u0153ux exprim\u00e9s par le titulaire du baccalaur\u00e9at, la s\u00e9rie et le r\u00e9sultat du baccalaur\u00e9at, les capacit\u00e9s d&rsquo;accueil des \u00e9tablissements d&rsquo;enseignement et de formation sup\u00e9rieurs et les circonscriptions g\u00e9ographiques. Des conditions compl\u00e9mentaires de pr\u00e9inscription sont, toutefois, exig\u00e9es pour l&rsquo;acc\u00e8s aux classes pr\u00e9paratoires et \u00e0 certains domaines et fili\u00e8res de formation. Lors de la rentr\u00e9e universitaire 2018\/2019, plus de 265.000 nouveaux \u00e9tudiants avaient rejoint les bancs de l&rsquo;universit\u00e9. Leur nombre pourrait d\u00e9passer les 300.000 \u00e0 l&rsquo;occasion de la nouvelle rentr\u00e9e universitaire (2019\/2020). En effet, le taux de r\u00e9ussite \u00e0 l&rsquo;examen du baccalaur\u00e9at (session 2019) a atteint 54,56%, selon les r\u00e9sultats communiqu\u00e9s par le minist\u00e8re de l&rsquo;Education nationale. Un total de 674.831 candidats avaient pass\u00e9 l&rsquo;examen du baccalaur\u00e9at en juin dernier, dont 411.431 scolaris\u00e9s et 263.400 libres, selon les statistiques du minist\u00e8re de l&rsquo;Education nationale.<\/p>\n<p>Auteur: elmoudjahid<br \/>\n<a href=\"http:\/\/www.elmoudjahid.com\/fr\/actualites\/139602\">Cliquez ici pour lire l&rsquo;article depuis sa source.<\/a><\/p>\n","protected":false},"excerpt":{"rendered":"<p>Les pr\u00e9inscriptions et inscriptions d\u00e9finitives, au titre de l&rsquo;ann\u00e9e universitaire 2019-2020, d\u00e9buteront aujourd\u2019hui pour les nouveaux bacheliers, selon le calendrier \u00e9tabli par le minist\u00e8re de l&rsquo;Enseignement sup\u00e9rieur et de la Recherche scientifique qui fixe au 12 septembre la cl\u00f4ture de l&rsquo;op\u00e9ration.La p\u00e9riode de pr\u00e9inscriptions des titulaires du baccalaur\u00e9at, fix\u00e9e du 22 au 24 juillet, a [&hellip;]<\/p>\n","protected":false},"author":1744,"featured_media":0,"comment_status":"closed","ping_status":"closed","sticky":false,"template":"","format":"standard","meta":{"fifu_image_url":"","fifu_image_alt":"","footnotes":""},"categories":[73,53],"tags":[],"class_list":["post-47742","post","type-post","status-publish","format-standard","hentry","category-actualite","category-algerie"],"_links":{"self":[{"href":"https:\/\/linitiative.ca\/International\/wp-json\/wp\/v2\/posts\/47742","targetHints":{"allow":["GET"]}}],"collection":[{"href":"https:\/\/linitiative.ca\/International\/wp-json\/wp\/v2\/posts"}],"about":[{"href":"https:\/\/linitiative.ca\/International\/wp-json\/wp\/v2\/types\/post"}],"author":[{"embeddable":true,"href":"https:\/\/linitiative.ca\/International\/wp-json\/wp\/v2\/users\/1744"}],"replies":[{"embeddable":true,"href":"https:\/\/linitiative.ca\/International\/wp-json\/wp\/v2\/comments?post=47742"}],"version-history":[{"count":0,"href":"https:\/\/linitiative.ca\/International\/wp-json\/wp\/v2\/posts\/47742\/revisions"}],"wp:attachment":[{"href":"https:\/\/linitiative.ca\/International\/wp-json\/wp\/v2\/media?parent=47742"}],"wp:term":[{"taxonomy":"category","embeddable":true,"href":"https:\/\/linitiative.ca\/International\/wp-json\/wp\/v2\/categories?post=47742"},{"taxonomy":"post_tag","embeddable":true,"href":"https:\/\/linitiative.ca\/International\/wp-json\/wp\/v2\/tags?post=47742"}],"curies":[{"name":"wp","href":"https:\/\/api.w.org\/{rel}","templated":true}]}}