{"id":47743,"date":"2019-07-21T19:00:00","date_gmt":"2019-07-21T23:00:00","guid":{"rendered":"https:\/\/linitiative.ca\/International\/situation-politique-le-dialogue-encore-et-toujours\/"},"modified":"2019-07-21T19:00:00","modified_gmt":"2019-07-21T23:00:00","slug":"situation-politique-le-dialogue-encore-et-toujours","status":"publish","type":"post","link":"https:\/\/linitiative.ca\/International\/situation-politique-le-dialogue-encore-et-toujours\/","title":{"rendered":"Situation politique : le dialogue encore et toujours"},"content":{"rendered":"<p><strong>La logique du dialogue, en vue d\u2019une issue \u00e0 la crise politique actuelle, semble susciter un r\u00e9el int\u00e9r\u00eat au sein des diff\u00e9rentes formations politiques. Leurs prises de position se suivent et confortent toutes cette id\u00e9e selon laquelle il y a r\u00e9ellement n\u00e9cessit\u00e9 d\u2019une concertation \u00e9largie, en vue d\u2019instaurer un consensus\u00a0 solide \u00e0 m\u00eame de transcender le contexte actuel.<\/strong><\/p>\n<p>Du c\u00f4t\u00e9 de la composante de l\u2019\u00e9chiquier politique, comme de celui des personnalit\u00e9s et des organisations de la soci\u00e9t\u00e9 civile, il ressort une prise de conscience de plus en plus manifeste quant aux cons\u00e9quences dommageables pour le pays pouvant d\u00e9couler de la crise actuelle. Plus vite est consacr\u00e9 le retour au processus \u00e9lectoral en vue d\u2019une pr\u00e9sidentielle dans les meilleurs d\u00e9lais, plus vite le r\u00eave d\u2019une Alg\u00e9rie meilleure sera exauc\u00e9.<br \/>\u00c0 ce titre, la p\u00e9riode de transition, telle que r\u00e9clam\u00e9e par certains, ne semble plus d\u2019actualit\u00e9, et les voix qui r\u00e9clamaient cette option, beaucoup plus synonyme d\u2019un saut dans l\u2019inconnu, perdent du terrain, se rendant assur\u00e9ment \u00e0 l\u2019\u00e9vidence qu\u2019un tel choix ne peut que mener vers l\u2019impasse. Le recours \u00e0 un dialogue national dans le respect de la Constitution et l\u2019engagement de toutes les parties \u00e0 pr\u00e9server, d\u2019une part, l\u2019int\u00e9r\u00eat supr\u00eame du pays, et \u00e0 cristalliser, d\u2019autre part, les revendications d\u2019essence d\u00e9mocratique exprim\u00e9es par le peuple, constitue, en revanche, ce m\u00e9canisme qui \u00e9merge \u00e0 titre de d\u00e9nominateur commun du c\u00f4t\u00e9 de nombreux partis. En la mati\u00e8re, il faut dire que les garanties \u00e9mises par le chef de l\u2019\u00c9tat, lors de son message adress\u00e9 \u00e0 la nation, la veille du 5 juillet, ont consid\u00e9rablement contribu\u00e9 au rapprochement des positions des uns et des autres parmi les partis et des repr\u00e9sentants de la soci\u00e9t\u00e9 civile, qui sont nombreux \u00e0 adh\u00e9rer \u00e0 un processus du dialogue tendant \u00e0 fixer le timing d\u2019une \u00e9lection pr\u00e9sidentielle et \u00e0 \u00e9tablir une plateforme commune pour instaurer la nouvelle R\u00e9publique souhait\u00e9e par tous.<br \/>Et pour cause, l\u2019id\u00e9e de confier la conduite du dialogue \u00e0 un panel de personnalit\u00e9s cr\u00e9dibles, sans affiliation partisane ni aucune ambition \u00e9lectorale, a suscit\u00e9 un \u00e9cho favorable, comme l\u2019atteste, \u00e0 juste titre, l\u2019initiative du Forum de la soci\u00e9t\u00e9 civile ayant propos\u00e9 la semaine derni\u00e8re une liste de figures bien connues par l\u2019opinion pour se charger de cette mission. Cette initiative a \u00e9t\u00e9 qualifi\u00e9e de positive par le chef de l\u2019\u00c9tat, mais aussi par des partis, \u00e0 l\u2019exemple du RND, qui, \u00e0 l\u2019issue des travaux de la session extraordinaire de son conseil national, s\u2019est f\u00e9licit\u00e9 \u00abdes initiatives lanc\u00e9es par des forums et des tribunes de la soci\u00e9t\u00e9 civile, proposant des personnalit\u00e9s politiques pour consolider le processus du dialogue national\u00bb. La m\u00eame formation politique, qui vient de nommer un SG int\u00e9rimaire en la personne d\u2019Azzedine Mihoubi, a salu\u00e9 en outre la feuille de route annonc\u00e9e par le chef de l\u2019\u00c9tat, qui consiste \u00e0 relancer des consultations s\u00e9rieuses et franches, en accordant toutes les garanties aux diff\u00e9rents acteurs et partenaires politiques et sociaux, en vue de parvenir \u00e0 une plateforme de consensus \u00e0 m\u00eame d&rsquo;aboutir \u00e0 l&rsquo;organisation d&rsquo;une \u00e9lection pr\u00e9sidentielle libre et transparente avec des m\u00e9canismes d\u00e9mocratiques. Le chef de l&rsquo;\u00c9tat, Abdelkader Bensalah, n&rsquo;a eu cesse de pr\u00f4ner la n\u00e9cessit\u00e9 du dialogue comme \u00e9tant la solution adapt\u00e9e \u00e0 la r\u00e9solution de la crise. \u00abCe dialogue est urgent, parce que le pays doit recouvrer au plus vite sa normalit\u00e9 politique et institutionnelle\u00bb, a-t-il d\u00e9j\u00e0 soutenu, ajoutant que l&rsquo;organisation de l&rsquo;\u00e9lection pr\u00e9sidentielle \u00abreste la seule solution d\u00e9mocratique viable et raisonnable\u00bb.<br \/>Karim Aoudia<br \/>\u00a0<\/p>\n<p>Auteur: elmoudjahid<br \/>\n<a href=\"http:\/\/www.elmoudjahid.com\/fr\/actualites\/139603\">Cliquez ici pour lire l&rsquo;article depuis sa source.<\/a><\/p>\n","protected":false},"excerpt":{"rendered":"<p>La logique du dialogue, en vue d\u2019une issue \u00e0 la crise politique actuelle, semble susciter un r\u00e9el int\u00e9r\u00eat au sein des diff\u00e9rentes formations politiques. Leurs prises de position se suivent et confortent toutes cette id\u00e9e selon laquelle il y a r\u00e9ellement n\u00e9cessit\u00e9 d\u2019une concertation \u00e9largie, en vue d\u2019instaurer un consensus\u00a0 solide \u00e0 m\u00eame de transcender [&hellip;]<\/p>\n","protected":false},"author":1744,"featured_media":0,"comment_status":"closed","ping_status":"closed","sticky":false,"template":"","format":"standard","meta":{"fifu_image_url":"","fifu_image_alt":"","footnotes":""},"categories":[73,53],"tags":[],"class_list":["post-47743","post","type-post","status-publish","format-standard","hentry","category-actualite","category-algerie"],"_links":{"self":[{"href":"https:\/\/linitiative.ca\/International\/wp-json\/wp\/v2\/posts\/47743","targetHints":{"allow":["GET"]}}],"collection":[{"href":"https:\/\/linitiative.ca\/International\/wp-json\/wp\/v2\/posts"}],"about":[{"href":"https:\/\/linitiative.ca\/International\/wp-json\/wp\/v2\/types\/post"}],"author":[{"embeddable":true,"href":"https:\/\/linitiative.ca\/International\/wp-json\/wp\/v2\/users\/1744"}],"replies":[{"embeddable":true,"href":"https:\/\/linitiative.ca\/International\/wp-json\/wp\/v2\/comments?post=47743"}],"version-history":[{"count":0,"href":"https:\/\/linitiative.ca\/International\/wp-json\/wp\/v2\/posts\/47743\/revisions"}],"wp:attachment":[{"href":"https:\/\/linitiative.ca\/International\/wp-json\/wp\/v2\/media?parent=47743"}],"wp:term":[{"taxonomy":"category","embeddable":true,"href":"https:\/\/linitiative.ca\/International\/wp-json\/wp\/v2\/categories?post=47743"},{"taxonomy":"post_tag","embeddable":true,"href":"https:\/\/linitiative.ca\/International\/wp-json\/wp\/v2\/tags?post=47743"}],"curies":[{"name":"wp","href":"https:\/\/api.w.org\/{rel}","templated":true}]}}