{"id":47746,"date":"2019-07-21T19:00:00","date_gmt":"2019-07-21T23:00:00","guid":{"rendered":"https:\/\/linitiative.ca\/International\/forces-de-lalternative-democratique-la-reunion-du-31-aout-sera-ouverte-a-tous\/"},"modified":"2019-07-21T19:00:00","modified_gmt":"2019-07-21T23:00:00","slug":"forces-de-lalternative-democratique-la-reunion-du-31-aout-sera-ouverte-a-tous","status":"publish","type":"post","link":"https:\/\/linitiative.ca\/International\/forces-de-lalternative-democratique-la-reunion-du-31-aout-sera-ouverte-a-tous\/","title":{"rendered":"Forces de l\u2019alternative d\u00e9mocratique  : La r\u00e9union du 31 ao\u00fbt sera ouverte \u00e0 tous"},"content":{"rendered":"<p>Les partis constituant les Forces de l&rsquo;alternative d\u00e9mocratique ont annonc\u00e9, hier \u00e0 Alger, la tenue, le 31 ao\u00fbt 2019, d&rsquo;une r\u00e9union nationale ouverte \u00e0 tous, en vue d&rsquo;\u00e9laborer une feuille de route pour sortir de la crise politique que traverse le pays. Lors d&rsquo;une conf\u00e9rence de presse au si\u00e8ge du Rassemblement pour la culture et la d\u00e9mocratie (RCD), les partis des Forces de l&rsquo;alternative d\u00e9mocratique ont appel\u00e9 toutes les forces nationales \u00abd\u00e9sireuses de concr\u00e9tiser les revendications exprim\u00e9es par le peuple depuis le 22 f\u00e9vrier \u00e0 prendre part \u00e0 la r\u00e9union du 31 ao\u00fbt, pour s&rsquo;entendre sur une feuille de route \u00e0 m\u00eame de mettre un terme \u00e0 la crise que traverse le pays\u00bb. Pour ces formations politiques signataires, le 26 juin dernier, du Pacte pour une transition d\u00e9mocratique, \u00abune p\u00e9riode de transition est n\u00e9cessaire pour cr\u00e9er un climat politique et institutionnel\u00bb. La tenue d&rsquo;une \u00e9lection pr\u00e9sidentielle, \u00e0 la lumi\u00e8re des lois actuelles, est \u00abune tentative visant \u00e0 sauver le syst\u00e8me en place\u00bb, estiment ces partis qui pr\u00f4nent \u00abla rupture avec le syst\u00e8me\u00bb. Les Forces de l&rsquo;alternative d\u00e9mocratique comptent le RCD, le Front des Forces socialistes (FFS), le Parti des travailleurs (PT), le Parti socialiste des travailleurs (PST), l&rsquo;Union pour le changement et le progr\u00e8s (UCP), le Mouvement d\u00e9mocratique et social (MDS) et la Ligue alg\u00e9rienne de d\u00e9fense des droits de l&rsquo;homme (LADDH). Concernant la r\u00e9union du 31 ao\u00fbt, le pr\u00e9sident du RCD, Mohcine Belabbas, a pr\u00e9cis\u00e9 qu&rsquo;\u00abelle sera ouverte \u00e0 tous sans exclusive, le plus important \u00e9tant de sortir avec une vision et des solutions en ad\u00e9quation avec les revendications du peuple\u00bb. Parmi les propositions consid\u00e9r\u00e9es par les initiateurs de cette initiative comme condition sine qua non pour mettre fin \u00e0 la crise, figure l&rsquo;adoption \u00abd&rsquo;une Constitution consensuelle par r\u00e9f\u00e9rendum populaire\u00bb, avant l&rsquo;organisation d&rsquo;une \u00e9lection pr\u00e9sidentielle, a-t-il dit, jugeant que \u00able peuple, qui sort chaque semaine pour exiger le d\u00e9part du syst\u00e8me, ne participera pas \u00e0 une \u00e9lection sous les lois actuelles\u00bb. S&rsquo;agissant du dialogue auquel a appel\u00e9 le chef de l&rsquo;\u00c9tat dans son message du 4 juillet, M. Belabbas consid\u00e8re que \u00abM. Bensalah n&rsquo;a pas appel\u00e9 \u00e0 un dialogue, mais \u00e0 l&rsquo;\u00e9change de vues entre les acteurs\u00bb. Le pr\u00e9sident du RCD a affirm\u00e9, \u00e0 l&rsquo;occasion, \u00abla n\u00e9cessit\u00e9 pour l&rsquo;institution militaire de se conformer \u00e0 ses missions constitutionnelles\u00bb.\u00a0 Pour sa part, la pr\u00e9sidente du parti de l\u2019UCP, Zoubida Assoul, a estim\u00e9 que la r\u00e9union de fin ao\u00fbt sera ouverte, \u00abnotamment aux jeunes qui doivent avoir un r\u00f4le \u00e0 jouer dans la r\u00e9solution de la crise actuelle\u00bb, indiquant que la modification de certaines dispositions de la Constitution en vue de r\u00e9aliser un \u00e9quilibre des Pouvoirs \u00abest une condition essentielle avant d&rsquo;\u00e9voquer la pr\u00e9sidentielle, pour \u00e9viter l&rsquo;accaparement du pouvoir\u00bb. Les partis des Forces de l&rsquo;alternative d\u00e9mocratique ont, par ailleurs, appel\u00e9 \u00e0 \u00ab\u2026l&rsquo;ouverture du champs politique et m\u00e9diatique, et au d\u00e9part de tous les symboles du syst\u00e8me\u00bb.<\/p>\n<p>Auteur: elmoudjahid<br \/>\n<a href=\"http:\/\/www.elmoudjahid.com\/fr\/actualites\/139606\">Cliquez ici pour lire l&rsquo;article depuis sa source.<\/a><\/p>\n","protected":false},"excerpt":{"rendered":"<p>Les partis constituant les Forces de l&rsquo;alternative d\u00e9mocratique ont annonc\u00e9, hier \u00e0 Alger, la tenue, le 31 ao\u00fbt 2019, d&rsquo;une r\u00e9union nationale ouverte \u00e0 tous, en vue d&rsquo;\u00e9laborer une feuille de route pour sortir de la crise politique que traverse le pays. Lors d&rsquo;une conf\u00e9rence de presse au si\u00e8ge du Rassemblement pour la culture et [&hellip;]<\/p>\n","protected":false},"author":1744,"featured_media":0,"comment_status":"closed","ping_status":"closed","sticky":false,"template":"","format":"standard","meta":{"fifu_image_url":"","fifu_image_alt":"","footnotes":""},"categories":[73,53],"tags":[],"class_list":["post-47746","post","type-post","status-publish","format-standard","hentry","category-actualite","category-algerie"],"_links":{"self":[{"href":"https:\/\/linitiative.ca\/International\/wp-json\/wp\/v2\/posts\/47746","targetHints":{"allow":["GET"]}}],"collection":[{"href":"https:\/\/linitiative.ca\/International\/wp-json\/wp\/v2\/posts"}],"about":[{"href":"https:\/\/linitiative.ca\/International\/wp-json\/wp\/v2\/types\/post"}],"author":[{"embeddable":true,"href":"https:\/\/linitiative.ca\/International\/wp-json\/wp\/v2\/users\/1744"}],"replies":[{"embeddable":true,"href":"https:\/\/linitiative.ca\/International\/wp-json\/wp\/v2\/comments?post=47746"}],"version-history":[{"count":0,"href":"https:\/\/linitiative.ca\/International\/wp-json\/wp\/v2\/posts\/47746\/revisions"}],"wp:attachment":[{"href":"https:\/\/linitiative.ca\/International\/wp-json\/wp\/v2\/media?parent=47746"}],"wp:term":[{"taxonomy":"category","embeddable":true,"href":"https:\/\/linitiative.ca\/International\/wp-json\/wp\/v2\/categories?post=47746"},{"taxonomy":"post_tag","embeddable":true,"href":"https:\/\/linitiative.ca\/International\/wp-json\/wp\/v2\/tags?post=47746"}],"curies":[{"name":"wp","href":"https:\/\/api.w.org\/{rel}","templated":true}]}}