{"id":47748,"date":"2019-07-21T19:00:00","date_gmt":"2019-07-21T23:00:00","guid":{"rendered":"https:\/\/linitiative.ca\/International\/initiative-du-forum-de-la-societe-civile-pour-le-changement-un-pas-positif\/"},"modified":"2019-07-21T19:00:00","modified_gmt":"2019-07-21T23:00:00","slug":"initiative-du-forum-de-la-societe-civile-pour-le-changement-un-pas-positif","status":"publish","type":"post","link":"https:\/\/linitiative.ca\/International\/initiative-du-forum-de-la-societe-civile-pour-le-changement-un-pas-positif\/","title":{"rendered":"Initiative du Forum de la soci\u00e9t\u00e9 civile pour le changement :  un pas positif"},"content":{"rendered":"<p>\u00a0D\u00e8s l\u2019annonce par le Forum de la soci\u00e9t\u00e9 civile pour le changement de la liste des 13 personnalit\u00e9s nationales propos\u00e9es pour g\u00e9rer et mener la m\u00e9diation et le dialogue national, les internautes \u00e0 travers les r\u00e9seaux sociaux notamment Facebook, ont \u00e9t\u00e9 partag\u00e9s entre approbation et d\u00e9sapprobation. Certains ont \u00e9mis des r\u00e9serves \u00e0 propos de certains noms figurant sur la liste, tandis que d\u2019autres ont accueilli cette liste favorablement, soulignant que la situation actuelle du pays exige de ne plus perde de temps et de mettre tout le monde autour de la table pour le dialogue. En effet, de nombreuses personnalit\u00e9s ont r\u00e9agi \u00e0 cette liste qui comprend d\u2019anciens hauts responsables, des juristes, syndicalistes et acad\u00e9miciens.<br \/>Le pr\u00e9sident du Forum de la soci\u00e9t\u00e9 civile pour le changement, Abderrahmane Arar, a estim\u00e9 que la liste des 13 personnalit\u00e9s \u00e9tablie par le forum \u00abn\u2019est pas d\u00e9finitive\u00bb. \u00abNous sommes la force de proposition et nous avons choisi des personnalit\u00e9s. Nous avons travaill\u00e9 dur. Celui qui a une autre alternative n\u2019a qu\u2019\u00e0 la proposer \u00e0 son tour\u00bb, a affirm\u00e9 M. Arar.<br \/>Il a exprim\u00e9 son \u00e9tonnement quant \u00e0 certaines voix critiques qui ont qualifi\u00e9 la liste de \u00abpi\u00e8ce th\u00e9\u00e2trale, et non-repr\u00e9sentative\u00bb, tout en pr\u00e9cisant que \u00ables personnalit\u00e9s que nous proposons ne feront pas partie du dialogue, mais g\u00e9reront et m\u00e8neront un dialogue entre toutes les parties, y compris les citoyens\u00bb.<br \/>Il a fait savoir que depuis la fin du mois de Ramadhan, le Forum a \u0153uvr\u00e9 pour proposer une solution \u00e0 la situation que vit le pays. Il a enfin d\u00e9cid\u00e9 de choisir des personnalit\u00e9s pour diriger et mener le dialogue national.<br \/>En ce qui concerne Djamila Bouhired, Ahmed Taleb Brahimi ainsi que les deux anciens Premiers ministres, Mouloud Hamrouche et Mokdad Sifi, il a affirm\u00e9 que c\u2019est le Forum qui a sugg\u00e9r\u00e9 leurs noms pour ce qu\u2019ils repr\u00e9sentent et en tant que symboles accept\u00e9s par le peuple, comme ils sont aussi cit\u00e9s par le mouvement populaire. Les autres personnalit\u00e9s ont \u00e9t\u00e9 contact\u00e9es et \u00abnous leur avons expliqu\u00e9 l\u2019id\u00e9e avant d\u2019obtenir leur accord quant \u00e0 cette initiative\u00bb, a-t-il d\u00e9clar\u00e9.<br \/>Selon M. Arar, le dialogue doit \u00eatre pr\u00e9c\u00e9d\u00e9 de ce qu\u2019il a qualifi\u00e9 de \u00abmesures de confiance et d\u2019apaisement de la part du pouvoir\u00bb, telles que l\u2019ouverture des issues et des routes devant les manifestants les mardis et vendredis.<br \/>\u00abLes r\u00e9sultats et d\u00e9cisions de l\u2019instance dirigeante du dialogue seront contraignants pour toutes les parties, y compris le pouvoir, car elles seront concr\u00e9tis\u00e9es sur le terrain et nous n\u2019avons plus de temps \u00e0 perdre\u00bb, a-t-il affirm\u00e9.<br \/>Pour rappel, le chef de l\u2019Etat, Abdelkader Bensalah, a qualifi\u00e9 jeudi dernier, de \u00abpas positif\u00bb l\u2019initiative du Forum de la soci\u00e9t\u00e9 civile pour le changement qui a propos\u00e9 une liste de personnalit\u00e9s nationales pour mener le processus du dialogue, annon\u00e7ant que des consultations seront engag\u00e9es pour la \u00abconstitution de ce panel\u00bb, dont la composition d\u00e9finitive sera annonc\u00e9e \u00abprochainement\u00bb.<br \/>Le chef de l\u2019Etat a pris connaissance du contenu de la communication faite le 17 juillet 2019, par le Forum et consid\u00e8re qu\u2019il s\u2019agit d\u2019un pas positif dans le sens de la concr\u00e9tisation de la d\u00e9marche propos\u00e9e par l\u2019Etat, a indiqu\u00e9 la pr\u00e9sidence de la R\u00e9publique dans un communiqu\u00e9. M. Bensalah a consid\u00e9r\u00e9, \u00e0 ce titre, cette proposition \u00abde nature \u00e0 servir de base pour la constitution du panel de personnalit\u00e9s nationales appel\u00e9es \u00e0 mener le processus de facilitation du dialogue\u00bb, a ajout\u00e9 la pr\u00e9sidence de la R\u00e9publique.<br \/>Comme souhait\u00e9 par les concitoyens, ces personnalit\u00e9s devaient \u00eatre cr\u00e9dibles, ind\u00e9pendantes, sans affiliation partisane et sans ambition \u00e9lectorale.<br \/>Des personnalit\u00e9s qui \u00e9mergent du fait de leur autorit\u00e9 morale ou de leur l\u00e9gitimit\u00e9 historique, politique ou socioprofessionnelle, a soulign\u00e9 le communiqu\u00e9.<br \/>Salima Ettouahria<\/p>\n<p>Auteur: elmoudjahid<br \/>\n<a href=\"http:\/\/www.elmoudjahid.com\/fr\/actualites\/139608\">Cliquez ici pour lire l&rsquo;article depuis sa source.<\/a><\/p>\n","protected":false},"excerpt":{"rendered":"<p>\u00a0D\u00e8s l\u2019annonce par le Forum de la soci\u00e9t\u00e9 civile pour le changement de la liste des 13 personnalit\u00e9s nationales propos\u00e9es pour g\u00e9rer et mener la m\u00e9diation et le dialogue national, les internautes \u00e0 travers les r\u00e9seaux sociaux notamment Facebook, ont \u00e9t\u00e9 partag\u00e9s entre approbation et d\u00e9sapprobation. Certains ont \u00e9mis des r\u00e9serves \u00e0 propos de certains [&hellip;]<\/p>\n","protected":false},"author":1744,"featured_media":0,"comment_status":"closed","ping_status":"closed","sticky":false,"template":"","format":"standard","meta":{"fifu_image_url":"","fifu_image_alt":"","footnotes":""},"categories":[73,53],"tags":[],"class_list":["post-47748","post","type-post","status-publish","format-standard","hentry","category-actualite","category-algerie"],"_links":{"self":[{"href":"https:\/\/linitiative.ca\/International\/wp-json\/wp\/v2\/posts\/47748","targetHints":{"allow":["GET"]}}],"collection":[{"href":"https:\/\/linitiative.ca\/International\/wp-json\/wp\/v2\/posts"}],"about":[{"href":"https:\/\/linitiative.ca\/International\/wp-json\/wp\/v2\/types\/post"}],"author":[{"embeddable":true,"href":"https:\/\/linitiative.ca\/International\/wp-json\/wp\/v2\/users\/1744"}],"replies":[{"embeddable":true,"href":"https:\/\/linitiative.ca\/International\/wp-json\/wp\/v2\/comments?post=47748"}],"version-history":[{"count":0,"href":"https:\/\/linitiative.ca\/International\/wp-json\/wp\/v2\/posts\/47748\/revisions"}],"wp:attachment":[{"href":"https:\/\/linitiative.ca\/International\/wp-json\/wp\/v2\/media?parent=47748"}],"wp:term":[{"taxonomy":"category","embeddable":true,"href":"https:\/\/linitiative.ca\/International\/wp-json\/wp\/v2\/categories?post=47748"},{"taxonomy":"post_tag","embeddable":true,"href":"https:\/\/linitiative.ca\/International\/wp-json\/wp\/v2\/tags?post=47748"}],"curies":[{"name":"wp","href":"https:\/\/api.w.org\/{rel}","templated":true}]}}