{"id":47750,"date":"2019-07-22T06:47:40","date_gmt":"2019-07-22T10:47:40","guid":{"rendered":"https:\/\/linitiative.ca\/International\/92270-mondiaux-de-natation-1500m-nage-libre-l-algerienne-cherouati-8e-de-serie\/"},"modified":"2019-07-22T06:47:40","modified_gmt":"2019-07-22T10:47:40","slug":"92270-mondiaux-de-natation-1500m-nage-libre-l-algerienne-cherouati-8e-de-serie","status":"publish","type":"post","link":"https:\/\/linitiative.ca\/International\/92270-mondiaux-de-natation-1500m-nage-libre-l-algerienne-cherouati-8e-de-serie\/","title":{"rendered":"Natation-Mondial 2019 (1500m nage libre): l&rsquo;Alg\u00e9rienne Cherouati 8e de s\u00e9rie"},"content":{"rendered":"<div>\n<div class=\"K2FeedImage\"><img decoding=\"async\" src=\"http:\/\/www.aps.dz\/media\/k2\/items\/cache\/54f54aade5f933d617e1cf5468a5c74c_S.jpg\" alt=\"Natation-Mondial 2019 (1500m nage libre): l'Alg\u00e9rienne Cherouati 8e de s\u00e9rie\"><\/div>\n<div class=\"K2FeedIntroText\">\n<p>\u00a0<strong>GWANGJU (Cor\u00e9e du Sud) &#8211; La nageuse alg\u00e9rienne Souad Nefissa Cherouati s&rsquo;est class\u00e9e, lundi \u00e0 Gwangju\u00a0 en Cor\u00e9e du Sud, en 8e et avant derni\u00e8re position de sa s\u00e9rie \u00e0 l&rsquo;\u00e9preuve du 1500m nage libre, comptant pour les Championnats du monde.<\/strong><\/p>\n<\/div>\n<div class=\"K2FeedFullText\">\n<p>Engag\u00e9e dans la 1re s\u00e9rie, Cherouati a couru la distance en 17:25.12, se positionnant \u00e0 la 28e et avant derni\u00e8re position des trois s\u00e9ries au programme, devant Eva Petrovska (Mac\u00e9doine).<\/p>\n<p>Sa s\u00e9rie a \u00e9t\u00e9 remport\u00e9e par l&rsquo;Autrichienne Marlene Kahler (16:32.00), qui a devanc\u00e9 Gan Ching-Hwee (Singapour) en 16:44.65 et la Cor\u00e9enne Dakyng Han (16:49.13).<\/p>\n<p>La finale de l&rsquo;\u00e9preuve du 1500m nage libre aura lieu mardi.<\/p>\n<p>Souad Nefissa Cherouati devra aussi prendre part, vendredi, \u00e0 l&rsquo;\u00e9preuve du 800m nage libre et sera align\u00e9e dans la 2e s\u00e9rie.<\/p>\n<p>Outre Cherouati, la natation alg\u00e9rienne sera pr\u00e9sente \u00e0 Gwangju avec Oussama Sahnoune et Jaouad Syoud.<\/p>\n<p>Sahnoune nagera mercredi dans la 11e s\u00e9rie du 100m nage libre et dans la 13e s\u00e9rie du 50m nage libre.<\/p>\n<p>Pour sa part, Syoud nagera mercredi aussi dans la 2e s\u00e9rie du 200m 4 nages et dimanche prochain dans la 3e s\u00e9rie du 400m 4 nages.<\/p>\n<\/div>\n<p><img loading=\"lazy\" decoding=\"async\" src=\"http:\/\/feeds.feedburner.com\/~r\/aps-sport\/~4\/rdWH_vSQaBQ\" height=\"1\" width=\"1\" alt=\"\"><\/div>\n<p>Auteur:<br \/>\n<a href=\"http:\/\/feeds.aps.dz\/~r\/aps-sport\/~3\/rdWH_vSQaBQ\/92270-mondiaux-de-natation-1500m-nage-libre-l-algerienne-cherouati-8e-de-serie\">Cliquez ici pour lire l&rsquo;article depuis sa source.<\/a><\/p>\n","protected":false},"excerpt":{"rendered":"<p>\u00a0GWANGJU (Cor\u00e9e du Sud) &#8211; La nageuse alg\u00e9rienne Souad Nefissa Cherouati s&rsquo;est class\u00e9e, lundi \u00e0 Gwangju\u00a0 en Cor\u00e9e du Sud, en 8e et avant derni\u00e8re position de sa s\u00e9rie \u00e0 l&rsquo;\u00e9preuve du 1500m nage libre, comptant pour les Championnats du monde. Engag\u00e9e dans la 1re s\u00e9rie, Cherouati a couru la distance en 17:25.12, se positionnant [&hellip;]<\/p>\n","protected":false},"author":1790,"featured_media":47751,"comment_status":"closed","ping_status":"closed","sticky":false,"template":"","format":"standard","meta":{"fifu_image_url":"","fifu_image_alt":"","footnotes":""},"categories":[53,75],"tags":[],"class_list":["post-47750","post","type-post","status-publish","format-standard","has-post-thumbnail","hentry","category-algerie","category-sport"],"_links":{"self":[{"href":"https:\/\/linitiative.ca\/International\/wp-json\/wp\/v2\/posts\/47750","targetHints":{"allow":["GET"]}}],"collection":[{"href":"https:\/\/linitiative.ca\/International\/wp-json\/wp\/v2\/posts"}],"about":[{"href":"https:\/\/linitiative.ca\/International\/wp-json\/wp\/v2\/types\/post"}],"author":[{"embeddable":true,"href":"https:\/\/linitiative.ca\/International\/wp-json\/wp\/v2\/users\/1790"}],"replies":[{"embeddable":true,"href":"https:\/\/linitiative.ca\/International\/wp-json\/wp\/v2\/comments?post=47750"}],"version-history":[{"count":0,"href":"https:\/\/linitiative.ca\/International\/wp-json\/wp\/v2\/posts\/47750\/revisions"}],"wp:featuredmedia":[{"embeddable":true,"href":"https:\/\/linitiative.ca\/International\/wp-json\/"}],"wp:attachment":[{"href":"https:\/\/linitiative.ca\/International\/wp-json\/wp\/v2\/media?parent=47750"}],"wp:term":[{"taxonomy":"category","embeddable":true,"href":"https:\/\/linitiative.ca\/International\/wp-json\/wp\/v2\/categories?post=47750"},{"taxonomy":"post_tag","embeddable":true,"href":"https:\/\/linitiative.ca\/International\/wp-json\/wp\/v2\/tags?post=47750"}],"curies":[{"name":"wp","href":"https:\/\/api.w.org\/{rel}","templated":true}]}}