{"id":47757,"date":"2019-07-22T09:28:46","date_gmt":"2019-07-22T13:28:46","guid":{"rendered":"https:\/\/linitiative.ca\/International\/92280-cyclisme-9e-challenge-du-maroc-l-algerie-avec-six-coureurs\/"},"modified":"2019-07-22T09:28:46","modified_gmt":"2019-07-22T13:28:46","slug":"92280-cyclisme-9e-challenge-du-maroc-l-algerie-avec-six-coureurs","status":"publish","type":"post","link":"https:\/\/linitiative.ca\/International\/92280-cyclisme-9e-challenge-du-maroc-l-algerie-avec-six-coureurs\/","title":{"rendered":"Cyclisme\/9e challenge du Maroc: l&rsquo;Alg\u00e9rie avec six coureurs"},"content":{"rendered":"<div>\n<div class=\"K2FeedImage\"><img decoding=\"async\" src=\"http:\/\/www.aps.dz\/media\/k2\/items\/cache\/c9899a9471b46d39e6d7bd0c07a05ae2_S.jpg\" alt=\"Cyclisme\/9e challenge du Maroc: l'Alg\u00e9rie avec six coureurs\"><\/div>\n<div class=\"K2FeedIntroText\">\n<p><strong>ALGER &#8211; Six cyclistes alg\u00e9riens prennent part \u00e0 la neuvi\u00e8me \u00e9dition du Challenge du Prince Moulay El Hassan, pr\u00e9vu en trois \u00e9tapes, du 22 au 25 juillet 2019 au Maroc, a-t-on appris lundi aupr\u00e8s de la F\u00e9d\u00e9ration alg\u00e9rienne de cyclisme (FAC)<\/strong><\/p>\n<\/div>\n<div class=\"K2FeedFullText\">\n<p>Il s&rsquo;agit de Youcef Reguigui, Azzedine Lagab, Abderrahmane Mansouri, Islam Mansouri, Nassim Sa\u00efdi et Hamza Yacine, encadr\u00e9s par l&rsquo;entra\u00eeneur Ch\u00e9rif Merabet.<\/p>\n<p>La s\u00e9lection nationale, qui s&rsquo;est envol\u00e9e dimanche pour le Maroc est accompagn\u00e9e du m\u00e9canicien Abdelwahab Merrah et du soigneur Abdenour Karrar.<\/p>\n<p>Un d\u00e9part qui intervient 24 heures seulement apr\u00e8s les Championnats d&rsquo;Alg\u00e9rie sur route, disput\u00e9s samedi dans la commune d&rsquo;A\u00efn Far\u00e8s (Mascara) et auxquels ces six cyclistes avaient tous pris part.<\/p>\n<p>Lors de cette 9e \u00e9dition du Challenge du Prince Moulay El Hassan, l&rsquo;objectif de la s\u00e9lection nationale sera de gagner des points pour am\u00e9liorer son classement mondial, elle qui pointe actuellement au 34e rang du Ranking de l&rsquo;Union internationale cycliste (UCI).<\/p>\n<p>Une situation qui lui permettra de qualifier par la m\u00eame occasion d&rsquo;autres cyclistes aux prochains Jeux Olympiques d&rsquo;\u00e9t\u00e9, pr\u00e9vus en 2020 \u00e0 Tokyo (Japon).<\/p>\n<p>En effet, pour l&rsquo;heure, seul Azzedine Lagab est qualifi\u00e9 pour le rendez-vous olympique, et l&rsquo;objectif sera donc d&rsquo;essayer de qualifier d&rsquo;autres cyclistes.<\/p>\n<p>Outre l&rsquo;Alg\u00e9rie, huit autres formations sont engag\u00e9es dans cette comp\u00e9tition, dont six s\u00e9lections nationales. Il s&rsquo;agit de Maroc, Egypte, Turquie, Azerba\u00efdjan, Burkina-Faso, les s\u00e9lections R\u00e9gionale et Olympique marocaines et le club sud-africain Pro-Touch Team.<\/p>\n<p>\u00a0<\/p>\n<p><strong>Les \u00e9tapes inscrites au programme du Challenge :<\/strong><\/p>\n<p>22.07.2019 \u00e0 16h00 : El Kela\u00e2 des Sraghna &#8211; B\u00e9ni Mellal (151 km) via El Bourouj &#8211; Fkih Ben Saleh<\/p>\n<p>23.07.2019 : Journ\u00e9e de repos<\/p>\n<p>24.07.2019 \u00e0 16h00 : Beni Mellal &#8211; Beja\u00e2d (146 km) via Fkih Ben Saleh &#8211; Kouribga &#8211; Oued Zem<\/p>\n<p>25.07.2019 \u00e0 16h00: Fkih Ben Saleh &#8211; Fkih Ben Saleh (140 km) via Kasbah Tadla &#8211; Beja\u00e2d &#8211; Oued Zem et Retour \u00e0 Fkih Ben Saleh.<\/p>\n<\/div>\n<p><img loading=\"lazy\" decoding=\"async\" src=\"http:\/\/feeds.feedburner.com\/~r\/aps-sport\/~4\/uinySCvNG-A\" height=\"1\" width=\"1\" alt=\"\"><\/div>\n<p>Auteur:<br \/>\n<a href=\"http:\/\/www.aps.dz\/sport\/92280-cyclisme-9e-challenge-du-maroc-l-algerie-avec-six-coureurs?utm_source=feedburner&#038;utm_medium=feed&#038;utm_campaign=Feed%3A+aps-sport+%28APS+-+SPORT%29\">Cliquez ici pour lire l&rsquo;article depuis sa source.<\/a><\/p>\n","protected":false},"excerpt":{"rendered":"<p>ALGER &#8211; Six cyclistes alg\u00e9riens prennent part \u00e0 la neuvi\u00e8me \u00e9dition du Challenge du Prince Moulay El Hassan, pr\u00e9vu en trois \u00e9tapes, du 22 au 25 juillet 2019 au Maroc, a-t-on appris lundi aupr\u00e8s de la F\u00e9d\u00e9ration alg\u00e9rienne de cyclisme (FAC) Il s&rsquo;agit de Youcef Reguigui, Azzedine Lagab, Abderrahmane Mansouri, Islam Mansouri, Nassim Sa\u00efdi et [&hellip;]<\/p>\n","protected":false},"author":1790,"featured_media":47758,"comment_status":"closed","ping_status":"closed","sticky":false,"template":"","format":"standard","meta":{"fifu_image_url":"","fifu_image_alt":"","footnotes":""},"categories":[53,75],"tags":[],"class_list":["post-47757","post","type-post","status-publish","format-standard","has-post-thumbnail","hentry","category-algerie","category-sport"],"_links":{"self":[{"href":"https:\/\/linitiative.ca\/International\/wp-json\/wp\/v2\/posts\/47757","targetHints":{"allow":["GET"]}}],"collection":[{"href":"https:\/\/linitiative.ca\/International\/wp-json\/wp\/v2\/posts"}],"about":[{"href":"https:\/\/linitiative.ca\/International\/wp-json\/wp\/v2\/types\/post"}],"author":[{"embeddable":true,"href":"https:\/\/linitiative.ca\/International\/wp-json\/wp\/v2\/users\/1790"}],"replies":[{"embeddable":true,"href":"https:\/\/linitiative.ca\/International\/wp-json\/wp\/v2\/comments?post=47757"}],"version-history":[{"count":0,"href":"https:\/\/linitiative.ca\/International\/wp-json\/wp\/v2\/posts\/47757\/revisions"}],"wp:featuredmedia":[{"embeddable":true,"href":"https:\/\/linitiative.ca\/International\/wp-json\/"}],"wp:attachment":[{"href":"https:\/\/linitiative.ca\/International\/wp-json\/wp\/v2\/media?parent=47757"}],"wp:term":[{"taxonomy":"category","embeddable":true,"href":"https:\/\/linitiative.ca\/International\/wp-json\/wp\/v2\/categories?post=47757"},{"taxonomy":"post_tag","embeddable":true,"href":"https:\/\/linitiative.ca\/International\/wp-json\/wp\/v2\/tags?post=47757"}],"curies":[{"name":"wp","href":"https:\/\/api.w.org\/{rel}","templated":true}]}}