{"id":47759,"date":"2019-07-22T11:58:12","date_gmt":"2019-07-22T15:58:12","guid":{"rendered":"https:\/\/linitiative.ca\/International\/92295-classement-fifa-du-mois-de-juillet-l-algerie-devrait-se-hisser-a-la-40e-place\/"},"modified":"2019-07-22T11:58:12","modified_gmt":"2019-07-22T15:58:12","slug":"92295-classement-fifa-du-mois-de-juillet-l-algerie-devrait-se-hisser-a-la-40e-place","status":"publish","type":"post","link":"https:\/\/linitiative.ca\/International\/92295-classement-fifa-du-mois-de-juillet-l-algerie-devrait-se-hisser-a-la-40e-place\/","title":{"rendered":"Classement Fifa du mois de juillet: l&rsquo;Alg\u00e9rie devrait se hisser \u00e0 la 40e place"},"content":{"rendered":"<div>\n<div class=\"K2FeedImage\"><img decoding=\"async\" src=\"http:\/\/www.aps.dz\/media\/k2\/items\/cache\/6beb0073dcd25273fddb20721f1c6b10_S.jpg\" alt=\"Classement Fifa du mois de juillet: l'Alg\u00e9rie devrait se hisser \u00e0 la 40e place\"><\/div>\n<div class=\"K2FeedIntroText\">\n<p>\u00a0<\/p>\n<p><strong>ZURICH &#8211;\u00a0 L&rsquo;Alg\u00e9rie devrait faire un bond d&rsquo;une trentaine de places pour se hisser \u00e0 la 40e position au prochain classement de la FIFA pr\u00e9vu jeudi prochain, selon les derniers calculs de la F\u00e9d\u00e9ration internationale du football (FIFA), suite \u00e0 la\u00a0 cons\u00e9cration des Verts \u00e0 la Coupe d&rsquo;Afrique des Nations 2019.<\/strong><\/p>\n<\/div>\n<div class=\"K2FeedFullText\">\n<p>Install\u00e9s \u00e0 la 68\u00e8me place mondiale, (12\u00e8me africaine) les champions d&rsquo;Afrique alg\u00e9riens devront \u00eatre logiquement les plus grands b\u00e9n\u00e9ficiaires du prochain classement FIFA pour la Zone Afrique du 25 juillet.<\/p>\n<p>Les partenaires de Riyad Mahrez devraient gagner 28 places pour se hisser au 40e rang mondial et \u00e0 la 4e place continentale juste devant le marocain (5\u00e8me).<\/p>\n<p>L&rsquo;Alg\u00e9rie avait \u00e9t\u00e9 sacr\u00e9e championne d&rsquo;Afrique pour la deuxi\u00e8me fois vendredi soir au Caire contre le S\u00e9n\u00e9gal (1-0).<\/p>\n<hr>\n<h3>Lire aussi:\u00a0<a href=\"http:\/\/www.aps.dz\/sport\/92253-can-2019-du-kenya-au-senegal-retour-sur-la-belle-epopee-des-verts\" target=\"_blank\" rel=\"noopener noreferrer\">CAN-2019: du Kenya au S\u00e9n\u00e9gal, retour sur la belle \u00e9pop\u00e9e des \u00ab\u00a0Verts\u00a0\u00bb<\/a><\/h3>\n<hr>\n<p>Il y aura plusieurs r\u00e9am\u00e9nagements dans le premier classement mensuel des nations post-CAN, d\u00e9terminant les meilleures nations du mois de juillet 2019.<\/p>\n<p>Il convient de noter \u00e9galement que d\u2019apr\u00e8s les statistiques de la FIFA, la s\u00e9lection nationale du S\u00e9n\u00e9gal continuera de tr\u00f4ner sur l\u2019Afrique tandis que la Tunisie (2e) et le Nigeria (3e) compl\u00e9teront toujours le Top 3 africain.<\/p>\n<p>Viendront ensuite l&rsquo;Alg\u00e9rie (4e), le Maroc (5e) et l\u2019Egypte (6e) qui devanceront le Ghana (7e), le Cameroun (8e) la RD Congo (9e) et enfin la C\u00f4te d\u2019Ivoire (10e).<\/p>\n<p>\u00a0<\/p>\n<p>Ci-apr\u00e8s le probable Top 20 africain des mois de juin et juillet 2019 :<\/p>\n<p>\u00a0<\/p>\n<p>1)\u00a0 S\u00e9n\u00e9gal (20e mondial)<\/p>\n<p>2) Tunisie (28e)<\/p>\n<p>3) Nigeria (33e)<\/p>\n<p>4) Alg\u00e9rie (40e)<\/p>\n<p>5) Maroc (41e)<\/p>\n<p>6) Egypte (49e)<\/p>\n<p>7) Ghana (51e)<\/p>\n<p>8) Cameroun (53e)<\/p>\n<p>9) RD Congo (56e)<\/p>\n<p>10) C\u00f4te d&rsquo;Ivoire (57e)<\/p>\n<p>11) Mali (59e)<\/p>\n<p>12) Burkina Faso (61e)<\/p>\n<p>13) Afrique du Sud (70e)<\/p>\n<p>14) Guin\u00e9e (75e)<\/p>\n<p>15) Cap-vert (76e)<\/p>\n<p>16) Ouganda (80e)<\/p>\n<p>17) Zambie (81e)<\/p>\n<p>18) B\u00e9nin (82e)<\/p>\n<p>19) Gabon (90e)<\/p>\n<p>20) Congo (91e)<\/p>\n<p>&#8230;<\/p>\n<p>21) Madagascar (95e).<\/p>\n<\/div>\n<p><img loading=\"lazy\" decoding=\"async\" src=\"http:\/\/feeds.feedburner.com\/~r\/aps-sport\/~4\/HlGHtNNZUeo\" height=\"1\" width=\"1\" alt=\"\"><\/div>\n<p>Auteur:<br \/>\n<a href=\"http:\/\/www.aps.dz\/sport\/92295-classement-fifa-du-mois-de-juillet-l-algerie-devrait-se-hisser-a-la-40e-place?utm_source=feedburner&#038;utm_medium=feed&#038;utm_campaign=Feed%3A+aps-sport+%28APS+-+SPORT%29\">Cliquez ici pour lire l&rsquo;article depuis sa source.<\/a><\/p>\n","protected":false},"excerpt":{"rendered":"<p>\u00a0 ZURICH &#8211;\u00a0 L&rsquo;Alg\u00e9rie devrait faire un bond d&rsquo;une trentaine de places pour se hisser \u00e0 la 40e position au prochain classement de la FIFA pr\u00e9vu jeudi prochain, selon les derniers calculs de la F\u00e9d\u00e9ration internationale du football (FIFA), suite \u00e0 la\u00a0 cons\u00e9cration des Verts \u00e0 la Coupe d&rsquo;Afrique des Nations 2019. Install\u00e9s \u00e0 la [&hellip;]<\/p>\n","protected":false},"author":1790,"featured_media":47760,"comment_status":"closed","ping_status":"closed","sticky":false,"template":"","format":"standard","meta":{"fifu_image_url":"","fifu_image_alt":"","footnotes":""},"categories":[53,75],"tags":[],"class_list":["post-47759","post","type-post","status-publish","format-standard","has-post-thumbnail","hentry","category-algerie","category-sport"],"_links":{"self":[{"href":"https:\/\/linitiative.ca\/International\/wp-json\/wp\/v2\/posts\/47759","targetHints":{"allow":["GET"]}}],"collection":[{"href":"https:\/\/linitiative.ca\/International\/wp-json\/wp\/v2\/posts"}],"about":[{"href":"https:\/\/linitiative.ca\/International\/wp-json\/wp\/v2\/types\/post"}],"author":[{"embeddable":true,"href":"https:\/\/linitiative.ca\/International\/wp-json\/wp\/v2\/users\/1790"}],"replies":[{"embeddable":true,"href":"https:\/\/linitiative.ca\/International\/wp-json\/wp\/v2\/comments?post=47759"}],"version-history":[{"count":0,"href":"https:\/\/linitiative.ca\/International\/wp-json\/wp\/v2\/posts\/47759\/revisions"}],"wp:featuredmedia":[{"embeddable":true,"href":"https:\/\/linitiative.ca\/International\/wp-json\/"}],"wp:attachment":[{"href":"https:\/\/linitiative.ca\/International\/wp-json\/wp\/v2\/media?parent=47759"}],"wp:term":[{"taxonomy":"category","embeddable":true,"href":"https:\/\/linitiative.ca\/International\/wp-json\/wp\/v2\/categories?post=47759"},{"taxonomy":"post_tag","embeddable":true,"href":"https:\/\/linitiative.ca\/International\/wp-json\/wp\/v2\/tags?post=47759"}],"curies":[{"name":"wp","href":"https:\/\/api.w.org\/{rel}","templated":true}]}}