{"id":47765,"date":"2019-07-22T14:36:00","date_gmt":"2019-07-22T18:36:00","guid":{"rendered":"https:\/\/linitiative.ca\/International\/de-tres-lourds-dossiers-epluches-la-cour-des-comptes-enquete-a-la-wilaya-doran\/"},"modified":"2019-07-22T14:36:00","modified_gmt":"2019-07-22T18:36:00","slug":"de-tres-lourds-dossiers-epluches-la-cour-des-comptes-enquete-a-la-wilaya-doran","status":"publish","type":"post","link":"https:\/\/linitiative.ca\/International\/de-tres-lourds-dossiers-epluches-la-cour-des-comptes-enquete-a-la-wilaya-doran\/","title":{"rendered":"DE TRES LOURDS DOSSIERS EPLUCHES : La Cour des comptes enqu\u00eate \u00e0 la wilaya d&rsquo;Oran"},"content":{"rendered":"<p><br id=\"sep_para_1\" class=\"sep_para access\"\/><\/p>\n<div id=\"para_1\" class=\"para_32251197 resize\">\n<div class=\"photo shadow left\"><a href=\"javascript:void(0)\" rel=\"https:\/\/www.reflexiondz.net\/photo\/art\/grande\/35819132-32251197.jpg?v=1563824103&#038;ibox\" title=\"DE TRES LOURDS DOSSIERS EPLUCHES : La Cour des comptes enqu\u00eate \u00e0 la wilaya d'Oran\"><img decoding=\"async\" class=\"responsive c9\" src=\"https:\/\/www.reflexiondz.net\/photo\/art\/grande\/35819132-32251197.jpg?v=1563824103\" alt=\"DE TRES LOURDS DOSSIERS EPLUCHES : La Cour des comptes enqu\u00eate \u00e0 la wilaya d'Oran\" title=\"DE TRES LOURDS DOSSIERS EPLUCHES : La Cour des comptes enqu\u00eate \u00e0 la wilaya d'Oran\"\/><img decoding=\"async\" class=\"not-responsive\" src=\"https:\/\/www.reflexiondz.net\/photo\/art\/default\/35819132-32251197.jpg?v=1563824104\" alt=\"DE TRES LOURDS DOSSIERS EPLUCHES : La Cour des comptes enqu\u00eate \u00e0 la wilaya d'Oran\" title=\"DE TRES LOURDS DOSSIERS EPLUCHES : La Cour des comptes enqu\u00eate \u00e0 la wilaya d'Oran\"\/><\/a><\/div>\n<div class=\"texte access firstletter\">Toujours selon la m\u00eame source, les enqu\u00eateurs se seraient m\u00eame d\u00e9plac\u00e9s, sur des sites, pour voir de visu certains projets r\u00e9alis\u00e9s. Selon des indiscr\u00e9tions, la commission se serait\u00a0 pench\u00e9e beaucoup plus sur la gestion ant\u00e9rieure de projets. On dit qu\u2019elle se serait d\u00e9plac\u00e9e dans des sites abritant de grands projets \u00absuite\u00a0 \u00e0 un rapport d\u00e9non\u00e7ant la gestion des affaires des march\u00e9s publics, dont le ou les auteurs (dudit rapport), ayant requis l\u2019anonymat, avaient adress\u00e9 \u00e0 toutes les autorit\u00e9s concern\u00e9es\u00bb. D\u2019apr\u00e8s certaines sources, la commission d\u2019enqu\u00eate se serait pench\u00e9e sur la gestion de certains projets r\u00e9alis\u00e9s \u00e0 partir de 2005, particuli\u00e8rement ceux relevant du secteur de la jeunesse et des sports en compagnie de ceux r\u00e9alis\u00e9s par les ex walis\u00a0 Boudiaf Abdelmalek et Zaalane Abdelghani. De gros et lourds dossiers de d\u00e9tournement et d\u2019atteinte directe \u00e0 l\u2019\u00e9conomie nationale bien connus mais qui ont \u00e9t\u00e9 bien cach\u00e9s toutes ces ann\u00e9es durant pour diverses raisons, commencent \u00e0 appara\u00eetre et les langues \u00e0 se d\u00e9lier. Une politique de l\u2019omerta et des d\u00e9passements totalement pass\u00e9s sous silence, d\u2019\u00e9normes d\u00e9passements qui ont caus\u00e9 un tort consid\u00e9rable au d\u00e9veloppement local et national, comme c\u2019est le cas pour la wilaya d\u2019Oran, o\u00f9 il a fallu la visite inopin\u00e9e du ministre des Ressources en Eau, Ali Hamam \u00e0 la station d\u2019\u00e9puration d\u2019El Kerma, pour s\u2019apercevoir que le m\u00e9gaprojet tant attendu au co\u00fbt de 1400 milliards est toujours \u00e0 l&rsquo;arr\u00eat. Lors de la pr\u00e9sence de la commission sur place, une certaine tension, \u00e9bruitent plusieurs t\u00e9moignages, a r\u00e9gn\u00e9 au niveau des diff\u00e9rents bureaux et services. On rapporte notamment les incessants va-et-vient des agents et surtout les piles de dossiers ressortis partout dans les diff\u00e9rents services.<br \/>La venue de cette commission de la Cour des comptes \u00e0\u00a0 Oran a vol\u00e9 la vedette \u00e0 la coupe d\u2019Afrique, allant jusqu\u2019\u00e0 constituer le sujet de quasiment toutes les discussions \u00e0 l\u2019int\u00e9rieur comme \u00e0 l\u2019ext\u00e9rieur de l\u2019administration. Les mauvaises langues donnaient libre cours \u00e0 des supputations sur de suppos\u00e9s \u00abtrous financiers signal\u00e9s\u00bb. L\u2019\u00e9v\u00e9nement a raviv\u00e9 \u00e9galement les discussions autour de diff\u00e9rents projets confi\u00e9s, surtout \u00e0 partir des ann\u00e9es 2000, notamment \u00e0 certaines entreprises par la wilaya et non la DLEP, comme le stipule la r\u00e9glementation. Et en dernier lieu l&rsquo;ont nous informe des d\u00e9tournements de logements de fonction des ex directeurs DAL et\u00a0 autres cadres qui n&rsquo;ont pas encore lib\u00e9r\u00e9 des logements de fonction depuis plus de six ans sont toujours occup\u00e9s par leurs proches fr\u00e8res et fils avec les voitures de service de la wilaya d&rsquo;Oran.<\/div>\n<\/div>\n<p>Auteur: Medjadji H.<br \/>\n<a href=\"https:\/\/www.reflexiondz.net\/DE-TRES-LOURDS-DOSSIERS-EPLUCHES-La-Cour-des-comptes-enquete-a-la-wilaya-d-Oran_a56730.html\">Cliquez ici pour lire l&rsquo;article depuis sa source.<\/a><\/p>\n","protected":false},"excerpt":{"rendered":"<p>Toujours selon la m\u00eame source, les enqu\u00eateurs se seraient m\u00eame d\u00e9plac\u00e9s, sur des sites, pour voir de visu certains projets r\u00e9alis\u00e9s. Selon des indiscr\u00e9tions, la commission se serait\u00a0 pench\u00e9e beaucoup plus sur la gestion ant\u00e9rieure de projets. On dit qu\u2019elle se serait d\u00e9plac\u00e9e dans des sites abritant de grands projets \u00absuite\u00a0 \u00e0 un rapport d\u00e9non\u00e7ant [&hellip;]<\/p>\n","protected":false},"author":1740,"featured_media":0,"comment_status":"closed","ping_status":"closed","sticky":false,"template":"","format":"standard","meta":{"fifu_image_url":"","fifu_image_alt":"","footnotes":""},"categories":[53,76],"tags":[],"class_list":["post-47765","post","type-post","status-publish","format-standard","hentry","category-algerie","category-regions"],"_links":{"self":[{"href":"https:\/\/linitiative.ca\/International\/wp-json\/wp\/v2\/posts\/47765","targetHints":{"allow":["GET"]}}],"collection":[{"href":"https:\/\/linitiative.ca\/International\/wp-json\/wp\/v2\/posts"}],"about":[{"href":"https:\/\/linitiative.ca\/International\/wp-json\/wp\/v2\/types\/post"}],"author":[{"embeddable":true,"href":"https:\/\/linitiative.ca\/International\/wp-json\/wp\/v2\/users\/1740"}],"replies":[{"embeddable":true,"href":"https:\/\/linitiative.ca\/International\/wp-json\/wp\/v2\/comments?post=47765"}],"version-history":[{"count":0,"href":"https:\/\/linitiative.ca\/International\/wp-json\/wp\/v2\/posts\/47765\/revisions"}],"wp:attachment":[{"href":"https:\/\/linitiative.ca\/International\/wp-json\/wp\/v2\/media?parent=47765"}],"wp:term":[{"taxonomy":"category","embeddable":true,"href":"https:\/\/linitiative.ca\/International\/wp-json\/wp\/v2\/categories?post=47765"},{"taxonomy":"post_tag","embeddable":true,"href":"https:\/\/linitiative.ca\/International\/wp-json\/wp\/v2\/tags?post=47765"}],"curies":[{"name":"wp","href":"https:\/\/api.w.org\/{rel}","templated":true}]}}