{"id":47766,"date":"2019-07-22T14:42:00","date_gmt":"2019-07-22T18:42:00","guid":{"rendered":"https:\/\/linitiative.ca\/International\/zetchi-ecarte-de-la-photo-souvenir\/"},"modified":"2019-07-22T14:42:00","modified_gmt":"2019-07-22T18:42:00","slug":"zetchi-ecarte-de-la-photo-souvenir","status":"publish","type":"post","link":"https:\/\/linitiative.ca\/International\/zetchi-ecarte-de-la-photo-souvenir\/","title":{"rendered":"Zetchi \u00e9cart\u00e9 de la photo souvenir"},"content":{"rendered":"<p><br id=\"sep_para_1\" class=\"sep_para access\"\/><\/p>\n<div id=\"para_1\" class=\"para_32251280 resize\">\n<div class=\"texte access firstletter\">L\u2019\u00c9quipe nationale a eu droit \u00e0 un hommage officiel de la part des plus hautes autorit\u00e9s du pays. Le chef de l\u2019Etat Abdelkader Bensalah a d\u00e9cern\u00e9 les m\u00e9dailles de l\u2019ordre du m\u00e9rite national \u00e0 l\u2019ensemble de la d\u00e9l\u00e9gation de l\u2019EN. Cependant, la photo officielle des Champions d\u2019Afrique en compagnie du chef de l\u2019Etat, Abdelkader Bensalah , a suscit\u00e9 beaucoup d\u2019interrogations. En effet, l\u2019absence de Kheireddine Zetchi de la photo officielle a donn\u00e9 lieu \u00e0 des interpr\u00e9tations de la part des observateurs. Impossible de ne pas en faire une lecture politique de cette mise \u00e0 l\u2019\u00e9cart. En tant que patron de la FAF, Kheireddine Zetchi devait normalement figurer dans cette photo officielle. Selon une source, sur la liste figuraient deux m\u00e9decins de l\u2019ancien staff de l\u2019EN. Comment est-ce possible que le pr\u00e9sident actuel de la FAF soit mis \u00e0 l\u2019\u00e9cart tandis que deux m\u00e9decins de l\u2019ancien staff figurent dans la liste ?<\/div>\n<\/div>\n<p>Auteur: R\u00e9flexion<br \/>\n<a href=\"https:\/\/www.reflexiondz.net\/Zetchi-ecarte-de-la-photo-souvenir_a56748.html\">Cliquez ici pour lire l&rsquo;article depuis sa source.<\/a><\/p>\n","protected":false},"excerpt":{"rendered":"<p>L\u2019\u00c9quipe nationale a eu droit \u00e0 un hommage officiel de la part des plus hautes autorit\u00e9s du pays. Le chef de l\u2019Etat Abdelkader Bensalah a d\u00e9cern\u00e9 les m\u00e9dailles de l\u2019ordre du m\u00e9rite national \u00e0 l\u2019ensemble de la d\u00e9l\u00e9gation de l\u2019EN. Cependant, la photo officielle des Champions d\u2019Afrique en compagnie du chef de l\u2019Etat, Abdelkader Bensalah [&hellip;]<\/p>\n","protected":false},"author":1740,"featured_media":0,"comment_status":"closed","ping_status":"closed","sticky":false,"template":"","format":"standard","meta":{"fifu_image_url":"","fifu_image_alt":"","footnotes":""},"categories":[53,76],"tags":[],"class_list":["post-47766","post","type-post","status-publish","format-standard","hentry","category-algerie","category-regions"],"_links":{"self":[{"href":"https:\/\/linitiative.ca\/International\/wp-json\/wp\/v2\/posts\/47766","targetHints":{"allow":["GET"]}}],"collection":[{"href":"https:\/\/linitiative.ca\/International\/wp-json\/wp\/v2\/posts"}],"about":[{"href":"https:\/\/linitiative.ca\/International\/wp-json\/wp\/v2\/types\/post"}],"author":[{"embeddable":true,"href":"https:\/\/linitiative.ca\/International\/wp-json\/wp\/v2\/users\/1740"}],"replies":[{"embeddable":true,"href":"https:\/\/linitiative.ca\/International\/wp-json\/wp\/v2\/comments?post=47766"}],"version-history":[{"count":0,"href":"https:\/\/linitiative.ca\/International\/wp-json\/wp\/v2\/posts\/47766\/revisions"}],"wp:attachment":[{"href":"https:\/\/linitiative.ca\/International\/wp-json\/wp\/v2\/media?parent=47766"}],"wp:term":[{"taxonomy":"category","embeddable":true,"href":"https:\/\/linitiative.ca\/International\/wp-json\/wp\/v2\/categories?post=47766"},{"taxonomy":"post_tag","embeddable":true,"href":"https:\/\/linitiative.ca\/International\/wp-json\/wp\/v2\/tags?post=47766"}],"curies":[{"name":"wp","href":"https:\/\/api.w.org\/{rel}","templated":true}]}}