{"id":47767,"date":"2019-07-22T14:42:00","date_gmt":"2019-07-22T18:42:00","guid":{"rendered":"https:\/\/linitiative.ca\/International\/abdelkader-bensalah-piege-au-caire\/"},"modified":"2019-07-22T14:42:00","modified_gmt":"2019-07-22T18:42:00","slug":"abdelkader-bensalah-piege-au-caire","status":"publish","type":"post","link":"https:\/\/linitiative.ca\/International\/abdelkader-bensalah-piege-au-caire\/","title":{"rendered":"Abdelkader Bensalah \u2018\u2019pi\u00e9g\u00e9\u2019\u2019 au Caire"},"content":{"rendered":"<p><br id=\"sep_para_1\" class=\"sep_para access\"\/><\/p>\n<div id=\"para_1\" class=\"para_32251277 resize\">\n<div class=\"texte access firstletter\">Abdelkader Bensalah \u00e9tait bien seul, au stade du Caire, \u00e0 l\u2019occasion de la finale de la Coupe d\u2019Afrique des nations. Double gravissime erreur protocolaire. D\u2019abord, en se faisant accueillir \u00e0 l\u2019a\u00e9roport du Caire par un membre du gouvernement \u00e9gyptien au lieu de son homologue. La r\u00e9putation de l\u2019Alg\u00e9rie s\u2019en est trouv\u00e9e \u00e9corn\u00e9e. L\u2019entorse au protocole s\u2019est poursuivie au stade du Caire o\u00f9 Abdelkader Bensalah s\u2019est retrouv\u00e9 seul, entour\u00e9 des responsables du football africain et mondial, incarn\u00e9s par les pr\u00e9sidents de la Fifa et de la CAF et un membre du gouvernement \u00e9gyptien. Ni Abdelfattah Al-Sissi ni le pr\u00e9sident s\u00e9n\u00e9galais, Macky Sall, n\u2019ont daign\u00e9 faire le d\u00e9placement pour rehausser de leur pr\u00e9sence la finale de la CAN-2019 anim\u00e9e par les deux meilleures s\u00e9lections du moment.<\/div>\n<\/div>\n<p>Auteur: R\u00e9flexion<br \/>\n<a href=\"https:\/\/www.reflexiondz.net\/Abdelkader-Bensalah-piege-au-Caire_a56747.html\">Cliquez ici pour lire l&rsquo;article depuis sa source.<\/a><\/p>\n","protected":false},"excerpt":{"rendered":"<p>Abdelkader Bensalah \u00e9tait bien seul, au stade du Caire, \u00e0 l\u2019occasion de la finale de la Coupe d\u2019Afrique des nations. Double gravissime erreur protocolaire. D\u2019abord, en se faisant accueillir \u00e0 l\u2019a\u00e9roport du Caire par un membre du gouvernement \u00e9gyptien au lieu de son homologue. La r\u00e9putation de l\u2019Alg\u00e9rie s\u2019en est trouv\u00e9e \u00e9corn\u00e9e. L\u2019entorse au protocole [&hellip;]<\/p>\n","protected":false},"author":1740,"featured_media":0,"comment_status":"closed","ping_status":"closed","sticky":false,"template":"","format":"standard","meta":{"fifu_image_url":"","fifu_image_alt":"","footnotes":""},"categories":[53,76],"tags":[],"class_list":["post-47767","post","type-post","status-publish","format-standard","hentry","category-algerie","category-regions"],"_links":{"self":[{"href":"https:\/\/linitiative.ca\/International\/wp-json\/wp\/v2\/posts\/47767","targetHints":{"allow":["GET"]}}],"collection":[{"href":"https:\/\/linitiative.ca\/International\/wp-json\/wp\/v2\/posts"}],"about":[{"href":"https:\/\/linitiative.ca\/International\/wp-json\/wp\/v2\/types\/post"}],"author":[{"embeddable":true,"href":"https:\/\/linitiative.ca\/International\/wp-json\/wp\/v2\/users\/1740"}],"replies":[{"embeddable":true,"href":"https:\/\/linitiative.ca\/International\/wp-json\/wp\/v2\/comments?post=47767"}],"version-history":[{"count":0,"href":"https:\/\/linitiative.ca\/International\/wp-json\/wp\/v2\/posts\/47767\/revisions"}],"wp:attachment":[{"href":"https:\/\/linitiative.ca\/International\/wp-json\/wp\/v2\/media?parent=47767"}],"wp:term":[{"taxonomy":"category","embeddable":true,"href":"https:\/\/linitiative.ca\/International\/wp-json\/wp\/v2\/categories?post=47767"},{"taxonomy":"post_tag","embeddable":true,"href":"https:\/\/linitiative.ca\/International\/wp-json\/wp\/v2\/tags?post=47767"}],"curies":[{"name":"wp","href":"https:\/\/api.w.org\/{rel}","templated":true}]}}