{"id":47768,"date":"2019-07-22T14:42:00","date_gmt":"2019-07-22T18:42:00","guid":{"rendered":"https:\/\/linitiative.ca\/International\/automobile-les-premieres-voitures-peugeot-des-janvier-2020\/"},"modified":"2019-07-22T14:42:00","modified_gmt":"2019-07-22T18:42:00","slug":"automobile-les-premieres-voitures-peugeot-des-janvier-2020","status":"publish","type":"post","link":"https:\/\/linitiative.ca\/International\/automobile-les-premieres-voitures-peugeot-des-janvier-2020\/","title":{"rendered":"AUTOMOBILE : Les premi\u00e8res voitures Peugeot d\u00e8s janvier 2020"},"content":{"rendered":"<p><br id=\"sep_para_1\" class=\"sep_para access\"\/><\/p>\n<div id=\"para_1\" class=\"para_32251272 resize\">\n<div class=\"texte access firstletter\">Les premi\u00e8res voitures de marque Peugeot Citro\u00ebn\u00a0 assembl\u00e9es en Alg\u00e9rie seront livr\u00e9es en Janvier 2020, a d\u00e9clar\u00e9, hier, Jean Christophe Qu\u00e9mard, ex\u00e9cutive vice-pr\u00e9sident Afrique Moyen-Orient du groupe PSA, cit\u00e9 par une source locale. S\u2019exprimant sur ce point\u00a0 lors d\u2019une conf\u00e9rence de presse, organis\u00e9e, en marge de la pose de la premi\u00e8re pierre de cette usine, \u00e0 Tafraoui (Oran), ce dernier a d\u00e9voil\u00e9 que les premi\u00e8res voitures mont\u00e9es dans cette usine seront sur le march\u00e9 d\u00e8s janvier 2020, pr\u00e9cisant que la production sera en hausse en mars prochain .La capacit\u00e9 de la production annuelle de l\u2019unit\u00e9 de production Peugeot est de 50.000 v\u00e9hicules\/an.\u00a0 Le projet\u00a0 pr\u00e9voit tout au cours de la premi\u00e8re ann\u00e9e, la\u00a0 fabrication de trois mod\u00e8les avant d\u2019\u00e9largir, petit \u00e0 petit, la gamme de v\u00e9hicules mont\u00e9s localement. Le taux d\u2019int\u00e9gration locale sera de 15% durant la 3\u00e8me ann\u00e9e de production, et devrait grimper \u00e0 40 ou 60% durant la 6\u00e8me ann\u00e9e, a expliqu\u00e9 le manager de Peugeot.<\/div>\n<\/div>\n<p>Auteur: Ismain<br \/>\n<a href=\"https:\/\/www.reflexiondz.net\/AUTOMOBILE-Les-premieres-voitures-Peugeot-des-janvier-2020_a56745.html\">Cliquez ici pour lire l&rsquo;article depuis sa source.<\/a><\/p>\n","protected":false},"excerpt":{"rendered":"<p>Les premi\u00e8res voitures de marque Peugeot Citro\u00ebn\u00a0 assembl\u00e9es en Alg\u00e9rie seront livr\u00e9es en Janvier 2020, a d\u00e9clar\u00e9, hier, Jean Christophe Qu\u00e9mard, ex\u00e9cutive vice-pr\u00e9sident Afrique Moyen-Orient du groupe PSA, cit\u00e9 par une source locale. S\u2019exprimant sur ce point\u00a0 lors d\u2019une conf\u00e9rence de presse, organis\u00e9e, en marge de la pose de la premi\u00e8re pierre de cette usine, [&hellip;]<\/p>\n","protected":false},"author":1740,"featured_media":0,"comment_status":"closed","ping_status":"closed","sticky":false,"template":"","format":"standard","meta":{"fifu_image_url":"","fifu_image_alt":"","footnotes":""},"categories":[53,76],"tags":[],"class_list":["post-47768","post","type-post","status-publish","format-standard","hentry","category-algerie","category-regions"],"_links":{"self":[{"href":"https:\/\/linitiative.ca\/International\/wp-json\/wp\/v2\/posts\/47768","targetHints":{"allow":["GET"]}}],"collection":[{"href":"https:\/\/linitiative.ca\/International\/wp-json\/wp\/v2\/posts"}],"about":[{"href":"https:\/\/linitiative.ca\/International\/wp-json\/wp\/v2\/types\/post"}],"author":[{"embeddable":true,"href":"https:\/\/linitiative.ca\/International\/wp-json\/wp\/v2\/users\/1740"}],"replies":[{"embeddable":true,"href":"https:\/\/linitiative.ca\/International\/wp-json\/wp\/v2\/comments?post=47768"}],"version-history":[{"count":0,"href":"https:\/\/linitiative.ca\/International\/wp-json\/wp\/v2\/posts\/47768\/revisions"}],"wp:attachment":[{"href":"https:\/\/linitiative.ca\/International\/wp-json\/wp\/v2\/media?parent=47768"}],"wp:term":[{"taxonomy":"category","embeddable":true,"href":"https:\/\/linitiative.ca\/International\/wp-json\/wp\/v2\/categories?post=47768"},{"taxonomy":"post_tag","embeddable":true,"href":"https:\/\/linitiative.ca\/International\/wp-json\/wp\/v2\/tags?post=47768"}],"curies":[{"name":"wp","href":"https:\/\/api.w.org\/{rel}","templated":true}]}}