{"id":47771,"date":"2019-07-22T14:42:00","date_gmt":"2019-07-22T18:42:00","guid":{"rendered":"https:\/\/linitiative.ca\/International\/france-des-supporters-algeriens-victimes-dagressions-racistes\/"},"modified":"2019-07-22T14:42:00","modified_gmt":"2019-07-22T18:42:00","slug":"france-des-supporters-algeriens-victimes-dagressions-racistes","status":"publish","type":"post","link":"https:\/\/linitiative.ca\/International\/france-des-supporters-algeriens-victimes-dagressions-racistes\/","title":{"rendered":"FRANCE : Des supporters alg\u00e9riens victimes d\u2019agressions racistes"},"content":{"rendered":"<p><br id=\"sep_para_1\" class=\"sep_para access\"\/><\/p>\n<div id=\"para_1\" class=\"para_32251274 resize\">\n<div class=\"texte access firstletter\">Vendredi soir, apr\u00e8s la victoire de l\u2019\u00e9quipe nationale en finale de la CAN, des dizaines de milliers de personnes sont sortis \u00e0 travers la France pour f\u00eater l\u2019\u00e9v\u00e9nement. \u00c0 Lyon, deux familles ont \u00e9t\u00e9 prises pour cibles par un groupe d\u2019individus v\u00eatus de noir venus du Vieux-Lyon et arm\u00e9s, entre autres, de battes de base-ball, rapporte le journal local Le Progr\u00e8s. Des vid\u00e9os de ces agressions circulent sur les r\u00e9seaux sociaux. \u00ab On y voit une trentaine d\u2019individus v\u00eatus de noir et le visage masqu\u00e9 par des cagoules attaquant une voiture \u00e0 coups de projectiles, \u00e0 coups de pied ou encore de battes de base-ball aux cris de \u00ab sales bougnoules \u00bb \u00bb, relate ce dimanche le journal Le Parisien. Les victimes ont port\u00e9 plainte et une enqu\u00eate a \u00e9t\u00e9 ouverte pour \u00ab violence aggrav\u00e9e, d\u00e9gradation aggrav\u00e9e et menaces de mort \u00e0 caract\u00e8re raciste \u00bb, a indiqu\u00e9 le parquet de Lyon, qui cherchait \u00e0 d\u00e9terminer si ce groupe avait pu commettre d\u2019autres faits lors de cette soir\u00e9e. Ismain<\/div>\n<\/div>\n<p>Auteur: R\u00e9flexion<br \/>\n<a href=\"https:\/\/www.reflexiondz.net\/FRANCE-Des-supporters-algeriens-victimes-d-agressions-racistes_a56746.html\">Cliquez ici pour lire l&rsquo;article depuis sa source.<\/a><\/p>\n","protected":false},"excerpt":{"rendered":"<p>Vendredi soir, apr\u00e8s la victoire de l\u2019\u00e9quipe nationale en finale de la CAN, des dizaines de milliers de personnes sont sortis \u00e0 travers la France pour f\u00eater l\u2019\u00e9v\u00e9nement. \u00c0 Lyon, deux familles ont \u00e9t\u00e9 prises pour cibles par un groupe d\u2019individus v\u00eatus de noir venus du Vieux-Lyon et arm\u00e9s, entre autres, de battes de base-ball, [&hellip;]<\/p>\n","protected":false},"author":1740,"featured_media":0,"comment_status":"closed","ping_status":"closed","sticky":false,"template":"","format":"standard","meta":{"fifu_image_url":"","fifu_image_alt":"","footnotes":""},"categories":[53,76],"tags":[],"class_list":["post-47771","post","type-post","status-publish","format-standard","hentry","category-algerie","category-regions"],"_links":{"self":[{"href":"https:\/\/linitiative.ca\/International\/wp-json\/wp\/v2\/posts\/47771","targetHints":{"allow":["GET"]}}],"collection":[{"href":"https:\/\/linitiative.ca\/International\/wp-json\/wp\/v2\/posts"}],"about":[{"href":"https:\/\/linitiative.ca\/International\/wp-json\/wp\/v2\/types\/post"}],"author":[{"embeddable":true,"href":"https:\/\/linitiative.ca\/International\/wp-json\/wp\/v2\/users\/1740"}],"replies":[{"embeddable":true,"href":"https:\/\/linitiative.ca\/International\/wp-json\/wp\/v2\/comments?post=47771"}],"version-history":[{"count":0,"href":"https:\/\/linitiative.ca\/International\/wp-json\/wp\/v2\/posts\/47771\/revisions"}],"wp:attachment":[{"href":"https:\/\/linitiative.ca\/International\/wp-json\/wp\/v2\/media?parent=47771"}],"wp:term":[{"taxonomy":"category","embeddable":true,"href":"https:\/\/linitiative.ca\/International\/wp-json\/wp\/v2\/categories?post=47771"},{"taxonomy":"post_tag","embeddable":true,"href":"https:\/\/linitiative.ca\/International\/wp-json\/wp\/v2\/tags?post=47771"}],"curies":[{"name":"wp","href":"https:\/\/api.w.org\/{rel}","templated":true}]}}