{"id":47772,"date":"2019-07-22T14:42:00","date_gmt":"2019-07-22T18:42:00","guid":{"rendered":"https:\/\/linitiative.ca\/International\/blocage-de-leniem-lapw-de-tizi-ouzou-denonce\/"},"modified":"2019-07-22T14:42:00","modified_gmt":"2019-07-22T18:42:00","slug":"blocage-de-leniem-lapw-de-tizi-ouzou-denonce","status":"publish","type":"post","link":"https:\/\/linitiative.ca\/International\/blocage-de-leniem-lapw-de-tizi-ouzou-denonce\/","title":{"rendered":"BLOCAGE DE L\u2019ENIEM  : L\u2019APW de Tizi-Ouzou d\u00e9nonce"},"content":{"rendered":"<p><br id=\"sep_para_1\" class=\"sep_para access\"\/><\/p>\n<div id=\"para_1\" class=\"para_32251271 resize\">\n<div class=\"texte access firstletter\">L\u2019Assembl\u00e9e populaire de la wilaya de Tizi-Ouzou, a d\u00e9nonc\u00e9, ce lundi 22 juillet 2019, \u00ab un crime \u00e9conomique et social \u00bb, quant \u00e0 la situation de blocage que subit l\u2019Eniem qui risque la disparition totale de l\u2019entreprise publique. \u00ab L\u2019entreprise nationale des industries de l\u2019\u00e9lectrom\u00e9nager, ENIEM, symbole de l\u2019industrie au niveau de notre wilaya, est en train de faire face \u00e0 une situation extr\u00eamement difficile susceptible de menacer carr\u00e9ment son existence \u00bb, a \u00e9crit l\u2019APW de Tizi-Ouzou dans un communiqu\u00e9 publi\u00e9 sur sa page Facebook. \u00ab Le blocage de ses cr\u00e9dits d\u2019exploitation et d\u2019approvisionnement par la banque depuis le d\u00e9but de l\u2019ann\u00e9e, aggrav\u00e9 r\u00e9cemment par un blocage des autorisations d\u2019importation des mati\u00e8res premi\u00e8res a paralys\u00e9 compl\u00e8tement sa production et anticip\u00e9 par voie de cons\u00e9quence des d\u00e9parts en cong\u00e9s de plus d\u2019un millier de travailleurs. L\u2019entreprise se retrouve pratiquement dans une situation du ch\u00f4mage technique \u00bb, a alert\u00e9 l\u2019Assembl\u00e9e dans son communiqu\u00e9 sign\u00e9 par le P\/APW Youcef Aouchiche, ajoutant que \u00ab pire encore, cette situation peut provoquer \u00e0 tr\u00e8s court terme la fermeture compl\u00e8te de l\u2019entreprise et mettre au ch\u00f4mage 1735 ouvriers. \u00bb L\u2019APW de Tizi-Ouzou, \u00e0 sa t\u00eate Monsieur le Pr\u00e9sident Youcef Aouchiche, exprime \u00ab son soutien et son enti\u00e8re solidarit\u00e9 avec la direction de l\u2019ENIEM et ses ouvriers \u00bb et d\u00e9nonce \u00ab \u00e9nergiquement le laxisme des pouvoirs publics et des autorit\u00e9s concern\u00e9es. \u00bb Elle consid\u00e8re que \u00ab la pr\u00e9servation des emplois et des entreprises publiques \u00e9conomiques est une ligne rouge \u00e0 ne pas franchir et n\u2019acceptera jamais de faire payer au peuple et aux ouvriers les cons\u00e9quences d\u00e9sastreuses d\u2019une gestion mafieuse de l\u2019\u00e9conomie nationale. \u00bb\u00a0<\/div>\n<\/div>\n<p>Auteur: Nadine<br \/>\n<a href=\"https:\/\/www.reflexiondz.net\/BLOCAGE-DE-L-ENIEM-L-APW-de-Tizi-Ouzou-denonce_a56744.html\">Cliquez ici pour lire l&rsquo;article depuis sa source.<\/a><\/p>\n","protected":false},"excerpt":{"rendered":"<p>L\u2019Assembl\u00e9e populaire de la wilaya de Tizi-Ouzou, a d\u00e9nonc\u00e9, ce lundi 22 juillet 2019, \u00ab un crime \u00e9conomique et social \u00bb, quant \u00e0 la situation de blocage que subit l\u2019Eniem qui risque la disparition totale de l\u2019entreprise publique. \u00ab L\u2019entreprise nationale des industries de l\u2019\u00e9lectrom\u00e9nager, ENIEM, symbole de l\u2019industrie au niveau de notre wilaya, est [&hellip;]<\/p>\n","protected":false},"author":1740,"featured_media":0,"comment_status":"closed","ping_status":"closed","sticky":false,"template":"","format":"standard","meta":{"fifu_image_url":"","fifu_image_alt":"","footnotes":""},"categories":[53,76],"tags":[],"class_list":["post-47772","post","type-post","status-publish","format-standard","hentry","category-algerie","category-regions"],"_links":{"self":[{"href":"https:\/\/linitiative.ca\/International\/wp-json\/wp\/v2\/posts\/47772","targetHints":{"allow":["GET"]}}],"collection":[{"href":"https:\/\/linitiative.ca\/International\/wp-json\/wp\/v2\/posts"}],"about":[{"href":"https:\/\/linitiative.ca\/International\/wp-json\/wp\/v2\/types\/post"}],"author":[{"embeddable":true,"href":"https:\/\/linitiative.ca\/International\/wp-json\/wp\/v2\/users\/1740"}],"replies":[{"embeddable":true,"href":"https:\/\/linitiative.ca\/International\/wp-json\/wp\/v2\/comments?post=47772"}],"version-history":[{"count":0,"href":"https:\/\/linitiative.ca\/International\/wp-json\/wp\/v2\/posts\/47772\/revisions"}],"wp:attachment":[{"href":"https:\/\/linitiative.ca\/International\/wp-json\/wp\/v2\/media?parent=47772"}],"wp:term":[{"taxonomy":"category","embeddable":true,"href":"https:\/\/linitiative.ca\/International\/wp-json\/wp\/v2\/categories?post=47772"},{"taxonomy":"post_tag","embeddable":true,"href":"https:\/\/linitiative.ca\/International\/wp-json\/wp\/v2\/tags?post=47772"}],"curies":[{"name":"wp","href":"https:\/\/api.w.org\/{rel}","templated":true}]}}