{"id":47773,"date":"2019-07-22T14:42:00","date_gmt":"2019-07-22T18:42:00","guid":{"rendered":"https:\/\/linitiative.ca\/International\/affaire-tahkout-lex-wali-de-saida-et-lactuel-wali-del-bayadh-auditionnes\/"},"modified":"2019-07-22T14:42:00","modified_gmt":"2019-07-22T18:42:00","slug":"affaire-tahkout-lex-wali-de-saida-et-lactuel-wali-del-bayadh-auditionnes","status":"publish","type":"post","link":"https:\/\/linitiative.ca\/International\/affaire-tahkout-lex-wali-de-saida-et-lactuel-wali-del-bayadh-auditionnes\/","title":{"rendered":"AFFAIRE TAHKOUT : L&rsquo;ex-wali de Sa\u00efda et l\u2019actuel  wali d\u2019El Bayadh auditionn\u00e9s"},"content":{"rendered":"<p><br id=\"sep_para_1\" class=\"sep_para access\"\/><\/p>\n<div id=\"para_1\" class=\"para_32251266 resize\">\n<div class=\"texte access firstletter\">Les auditions se poursuivent chez le juge enqu\u00eateur de la Cour Supr\u00eame. L&rsquo;ancien wali de Saida, Djelloul Boukrabila a \u00e9t\u00e9 auditionn\u00e9, ce dimanche, par le Conseiller instructeur pr\u00e8s la Cour supr\u00eame (Alger)\u00a0 dans le cadre de l&rsquo;affaire de Mahieddine Tahkout et d\u00e9cid\u00e9 de sa \u00ab\u00a0mise en libert\u00e9\u00a0\u00bb, a indiqu\u00e9 dimanche un communiqu\u00e9 du Procureur g\u00e9n\u00e9ral pr\u00e8s la m\u00eame cour.\u00a0 \u00ab\u00a0Dans le cadre de l&rsquo;enqu\u00eate ouverte au niveau de la Cour supr\u00eame, le Conseiller instructeur a auditionn\u00e9, le 18 juillet 2019, l&rsquo;ex wali de Saida, Djeloul Boukrabila dans le cadre de l&rsquo;affaire Mahieddine Tahkout, pour octroi d\u00e9lib\u00e9r\u00e9 d&rsquo;indus avantages lors de passation d&rsquo;un march\u00e9 en violation des dispositions l\u00e9gislatives et r\u00e9glementaires, abus de fonction par un agent public en violation des lois et r\u00e9glementations, conflit d&rsquo;int\u00e9r\u00eat, corruption lors de la passation de march\u00e9s publics et dilapidation de deniers publics\u00a0\u00bb, pr\u00e9cise le communiqu\u00e9. A cet effet, le Conseiller instructeur a ordonn\u00e9 \u00ab\u00a0la mise en libert\u00e9 \u00a0\u00bb du pr\u00e9venu, indique la m\u00eame source ajoutant que le parquet g\u00e9n\u00e9ral fera appel de cette d\u00e9cision. Dans le m\u00eame contexte,\u00a0 le wali d\u2019El Bayadh, Djamel Khenfar, a \u00e9t\u00e9 entendu ce lundi par le juge enqu\u00eateur de la Cour Supr\u00eame. Djamel Khenfar, wali d\u2019El Bayadh avait d\u00e9j\u00e0 comparu devant la cour supr\u00eame pour avoir attribu\u00e9 des assiettes fonci\u00e8res \u00e0 l\u2019homme d\u2019affaire emprisonn\u00e9, Ali Haddad avant d\u2019\u00eatre rel\u00e2ch\u00e9. Plusieurs walis, anciens et actuels, ont comparu devant la Cour Supr\u00eame \u00e0 l\u2019image d\u2019Abdelkader Zoukh. Les responsables politiques et fonctionnaires de l\u2019Etat comparaissent tour \u00e0 tour devant la justice depuis trois mois..\u00a0\u00a0<\/div>\n<\/div>\n<p>Auteur: Nadine<br \/>\n<a href=\"https:\/\/www.reflexiondz.net\/AFFAIRE-TAHKOUT-L-ex-wali-de-Saida-et-l-actuel-wali-d-El-Bayadh-auditionnes_a56743.html\">Cliquez ici pour lire l&rsquo;article depuis sa source.<\/a><\/p>\n","protected":false},"excerpt":{"rendered":"<p>Les auditions se poursuivent chez le juge enqu\u00eateur de la Cour Supr\u00eame. L&rsquo;ancien wali de Saida, Djelloul Boukrabila a \u00e9t\u00e9 auditionn\u00e9, ce dimanche, par le Conseiller instructeur pr\u00e8s la Cour supr\u00eame (Alger)\u00a0 dans le cadre de l&rsquo;affaire de Mahieddine Tahkout et d\u00e9cid\u00e9 de sa \u00ab\u00a0mise en libert\u00e9\u00a0\u00bb, a indiqu\u00e9 dimanche un communiqu\u00e9 du Procureur g\u00e9n\u00e9ral [&hellip;]<\/p>\n","protected":false},"author":1740,"featured_media":0,"comment_status":"closed","ping_status":"closed","sticky":false,"template":"","format":"standard","meta":{"fifu_image_url":"","fifu_image_alt":"","footnotes":""},"categories":[53,76],"tags":[],"class_list":["post-47773","post","type-post","status-publish","format-standard","hentry","category-algerie","category-regions"],"_links":{"self":[{"href":"https:\/\/linitiative.ca\/International\/wp-json\/wp\/v2\/posts\/47773","targetHints":{"allow":["GET"]}}],"collection":[{"href":"https:\/\/linitiative.ca\/International\/wp-json\/wp\/v2\/posts"}],"about":[{"href":"https:\/\/linitiative.ca\/International\/wp-json\/wp\/v2\/types\/post"}],"author":[{"embeddable":true,"href":"https:\/\/linitiative.ca\/International\/wp-json\/wp\/v2\/users\/1740"}],"replies":[{"embeddable":true,"href":"https:\/\/linitiative.ca\/International\/wp-json\/wp\/v2\/comments?post=47773"}],"version-history":[{"count":0,"href":"https:\/\/linitiative.ca\/International\/wp-json\/wp\/v2\/posts\/47773\/revisions"}],"wp:attachment":[{"href":"https:\/\/linitiative.ca\/International\/wp-json\/wp\/v2\/media?parent=47773"}],"wp:term":[{"taxonomy":"category","embeddable":true,"href":"https:\/\/linitiative.ca\/International\/wp-json\/wp\/v2\/categories?post=47773"},{"taxonomy":"post_tag","embeddable":true,"href":"https:\/\/linitiative.ca\/International\/wp-json\/wp\/v2\/tags?post=47773"}],"curies":[{"name":"wp","href":"https:\/\/api.w.org\/{rel}","templated":true}]}}