{"id":47774,"date":"2019-07-22T15:18:00","date_gmt":"2019-07-22T19:18:00","guid":{"rendered":"https:\/\/linitiative.ca\/International\/mascara-la-vulgarite-du-maire-de-mohamadia-denoncee\/"},"modified":"2019-07-22T15:18:00","modified_gmt":"2019-07-22T19:18:00","slug":"mascara-la-vulgarite-du-maire-de-mohamadia-denoncee","status":"publish","type":"post","link":"https:\/\/linitiative.ca\/International\/mascara-la-vulgarite-du-maire-de-mohamadia-denoncee\/","title":{"rendered":"MASCARA :  La vulgarit\u00e9 du maire de Mohamadia d\u00e9nonc\u00e9e"},"content":{"rendered":"<p><br id=\"sep_para_1\" class=\"sep_para access\"\/><\/p>\n<div id=\"para_1\" class=\"para_32251570 resize\">\n<div class=\"photo shadow left\"><a href=\"javascript:void(0)\" rel=\"https:\/\/www.reflexiondz.net\/photo\/art\/grande\/35820456-32251570.jpg?v=1563824118&#038;ibox\" title=\"MASCARA : La vulgarit\u00e9 du maire de Mohamadia d\u00e9nonc\u00e9e\"><img decoding=\"async\" class=\"responsive c9\" src=\"https:\/\/www.reflexiondz.net\/photo\/art\/grande\/35820456-32251570.jpg?v=1563824118\" alt=\"MASCARA : La vulgarit\u00e9 du maire de Mohamadia d\u00e9nonc\u00e9e\" title=\"MASCARA : La vulgarit\u00e9 du maire de Mohamadia d\u00e9nonc\u00e9e\"\/><img decoding=\"async\" class=\"not-responsive\" src=\"https:\/\/www.reflexiondz.net\/photo\/art\/default\/35820456-32251570.jpg?v=1563824119\" alt=\"MASCARA : La vulgarit\u00e9 du maire de Mohamadia d\u00e9nonc\u00e9e\" title=\"MASCARA : La vulgarit\u00e9 du maire de Mohamadia d\u00e9nonc\u00e9e\"\/><\/a><\/div>\n<div class=\"texte access firstletter\">Pourquoi le maire de Mohamadia s\u2019est il emport\u00e9 pour dire des obsc\u00e9nit\u00e9s et des vulgarit\u00e9s devant la population qui l\u2019a port\u00e9 sur la chaise qu\u2019il occupe aujourd\u2019hui\u00a0 et qui lui a permis de venir se promener devant la population de Mohamadia et prof\u00e9r\u00e9 des obsc\u00e9nit\u00e9s devant des femmes, hommes et des jeunes, humiliant ainsi tout un peuple. Le maire mal \u00e9lev\u00e9, disent les habitants, doit quitter la mairie, les autorit\u00e9s de la Wilaya doivent prendre les dispositions n\u00e9cessaires pour d\u00e9choir cet homme de ce poste. Le Maire, ce repr\u00e9sentant de la population de la Commune, arrive \u00e0 oublier sa mission allant jusqu\u2019\u00e0 prononc\u00e9er des obsc\u00e9nit\u00e9s comme un voyou. Pourquoi se plaindre des jeunes qui parfois arrivent \u00e0 prononcer des vulgarit\u00e9s devant les passants, si aujourd\u2019hui des personnes \u00e2g\u00e9es,\u00a0 instruites, assurant des responsabilit\u00e9s politique et administrative, personne repr\u00e9sentant la population d\u2019une aussi importante commune. Hadj Said disait \u00ab Le Maire, qui dans les pays civilis\u00e9s repr\u00e9sente le pr\u00e9sident de la R\u00e9publique dans sa Commune et qui pouvait m\u00eame s\u2019opposer \u00e0 une d\u00e9cision de ministre, arrive \u00e0 se mettre debout devant une population compos\u00e9e de femmes, hommes et de jeunes en pr\u00e9sence de leurs parents et se permettre de prononcer de telles vulgarit\u00e9s, les responsables semblent avoir pris un peu de retard pour prendre la d\u00e9cision qu\u2019il faut devant une telle situation \u00bb.\u00a0\u00a0\u00a0\u00a0\u00a0\u00a0\u00a0\u00a0\u00a0\u00a0\u00a0\u00a0\u00a0\u00a0<\/div>\n<\/div>\n<p>Auteur: B. Boufaden<br \/>\n<a href=\"https:\/\/www.reflexiondz.net\/MASCARA-La-vulgarite-du-maire-de-Mohamadia-denoncee_a56750.html\">Cliquez ici pour lire l&rsquo;article depuis sa source.<\/a><\/p>\n","protected":false},"excerpt":{"rendered":"<p>Pourquoi le maire de Mohamadia s\u2019est il emport\u00e9 pour dire des obsc\u00e9nit\u00e9s et des vulgarit\u00e9s devant la population qui l\u2019a port\u00e9 sur la chaise qu\u2019il occupe aujourd\u2019hui\u00a0 et qui lui a permis de venir se promener devant la population de Mohamadia et prof\u00e9r\u00e9 des obsc\u00e9nit\u00e9s devant des femmes, hommes et des jeunes, humiliant ainsi tout [&hellip;]<\/p>\n","protected":false},"author":1740,"featured_media":0,"comment_status":"closed","ping_status":"closed","sticky":false,"template":"","format":"standard","meta":{"fifu_image_url":"","fifu_image_alt":"","footnotes":""},"categories":[53,76],"tags":[],"class_list":["post-47774","post","type-post","status-publish","format-standard","hentry","category-algerie","category-regions"],"_links":{"self":[{"href":"https:\/\/linitiative.ca\/International\/wp-json\/wp\/v2\/posts\/47774","targetHints":{"allow":["GET"]}}],"collection":[{"href":"https:\/\/linitiative.ca\/International\/wp-json\/wp\/v2\/posts"}],"about":[{"href":"https:\/\/linitiative.ca\/International\/wp-json\/wp\/v2\/types\/post"}],"author":[{"embeddable":true,"href":"https:\/\/linitiative.ca\/International\/wp-json\/wp\/v2\/users\/1740"}],"replies":[{"embeddable":true,"href":"https:\/\/linitiative.ca\/International\/wp-json\/wp\/v2\/comments?post=47774"}],"version-history":[{"count":0,"href":"https:\/\/linitiative.ca\/International\/wp-json\/wp\/v2\/posts\/47774\/revisions"}],"wp:attachment":[{"href":"https:\/\/linitiative.ca\/International\/wp-json\/wp\/v2\/media?parent=47774"}],"wp:term":[{"taxonomy":"category","embeddable":true,"href":"https:\/\/linitiative.ca\/International\/wp-json\/wp\/v2\/categories?post=47774"},{"taxonomy":"post_tag","embeddable":true,"href":"https:\/\/linitiative.ca\/International\/wp-json\/wp\/v2\/tags?post=47774"}],"curies":[{"name":"wp","href":"https:\/\/api.w.org\/{rel}","templated":true}]}}