{"id":47785,"date":"2019-07-22T05:00:58","date_gmt":"2019-07-22T09:00:58","guid":{"rendered":"https:\/\/linitiative.ca\/International\/total-doit-se-desister-des-actifs-danadarko-en-algerie\/"},"modified":"2019-07-22T05:00:58","modified_gmt":"2019-07-22T09:00:58","slug":"total-doit-se-desister-des-actifs-danadarko-en-algerie","status":"publish","type":"post","link":"https:\/\/linitiative.ca\/International\/total-doit-se-desister-des-actifs-danadarko-en-algerie\/","title":{"rendered":"\u00abTotal doit se d\u00e9sister des actifs d\u2019Anadarko en Alg\u00e9rie\u00bb"},"content":{"rendered":"<h4 class=\"title-14\">Rabah Reghis. Consultant\u00a0et \u00e9conomiste p\u00e9trolier<\/h4>\n<div class=\"featured_image\"><img width=\"400\" height=\"445\" data-cfsrc=\"https:\/\/www.elwatan.com\/wp-content\/uploads\/2019\/07\/Sans-titre-1-186.gif\" class=\"attachment-post-thumbnail size-post-thumbnail wp-post-image c2\" alt=\"\"\/><noscript><\/p>\n<p><img loading=\"lazy\" decoding=\"async\" width=\"400\" height=\"445\" src=\"https:\/\/www.elwatan.com\/wp-content\/uploads\/2019\/07\/Sans-titre-1-186.gif\" class=\"attachment-post-thumbnail size-post-thumbnail wp-post-image\" alt=\"\"\/><\/p>\n<p><\/noscript><\/div>\n<p class=\"p4\"><span class=\"s2\"><strong>\u00abGuerre d\u2019influence\u00bb, \u00abjeu des puissances\u00bb, Rabah Reghis situe les enjeux de l\u2019acquisition (irr\u00e9versible\u00a0?) par Total des actifs de la major Anadarko en Afrique. En Alg\u00e9rie, la multinationale fran\u00e7aise lorgne sur un jackpot \u00e0 8,8 milliards de dollars en s\u2019offrant les actifs d\u00e9tenus par le g\u00e9ant am\u00e9ricain Andarko. Tout s\u2019est fait par devers l\u2019Etat alg\u00e9rien \u2013 royalement cocufi\u00e9 par ses partenaires am\u00e9ricains et fran\u00e7ais \u2013 et par-del\u00e0 tout \u00abdroit de pr\u00e9emption\u00bb tardivement invoqu\u00e9. Pour M. Reghis, il s\u2019agit bien d\u2019un \u00abaffront\u00bb\u00a0 que vient d\u2019essuyer Sonatrach et \u00e0 travers elle toute la nation alg\u00e9rienne de la part de son partenaire Anadarko qui s\u2019est engraiss\u00e9 en Alg\u00e9rie et s\u2019est montr\u00e9 ingrat \u00e0 deux reprises. La premi\u00e8re fois en \u00ab extorquant\u00bb 4 milliards de dollars dans un proc\u00e8s que cette multinationale lui a intent\u00e9 pour la Taxe sur le profit exceptionnel (TPE) et refus\u00e9 ainsi toute voie amiable\u00bb. Dans un deuxi\u00e8me temps, son \u00abcomportement\u00bb contre toute \u00e9thique commerciale pour avoir n\u00e9goci\u00e9, voire \u00abmenti\u00bb \u00e0 son partenaire en n\u00e9gociant en catimini\u00a0la cession de ses actifs sans l\u2019en informer au pr\u00e9alable.<\/strong><\/span><\/p>\n<p class=\"p5\"><em><strong><span class=\"s2\">\u2013 Peu de temps s\u2019est \u00e9coul\u00e9 entre l\u2019annonce du rachat du g\u00e9ant Anadarko par l\u2019autre g\u00e9ant (am\u00e9ricain) Occidental Petroleum, et l\u2019annonce de\u00a0 la revente par ce dernier \u00e0 Total\u00a0 des actifs d\u2019Anadarko en Afrique \u2013 situ\u00e9s notamment en Alg\u00e9rie, Ghana, Mozambique et Afrique du Sud.\u00a0Pris de court (par la rapidit\u00e9 des transactions et les m\u00e9thodes exp\u00e9ditives des multinationales), l\u2019Etat a d\u00e9cid\u00e9ment du mal a faire respecter ses lois. Et\u00a0apr\u00e8s avoir annonc\u00e9 l\u2019intention de s\u2019opposer \u00e0 la transaction, le ministre de l\u2019Energie, M. Arkoub, se dit partisan d\u2019un \u00abbon compromis\u00bb.\u00a0Pourquoi le gouvernement n\u2019a pas percut\u00e9 en invoquant son droit de pr\u00e9emption d\u00e8s l\u2019annonce du rachat d\u2019Anadarko par Occidental Petroleum, et pourquoi avoir attendu l\u2019entr\u00e9e en lice du fran\u00e7ais Total pour le faire\u00a0?<\/span><\/strong><\/em><\/p>\n<p class=\"p5\"><span class=\"s2\">Je dois d\u2019abord vous pr\u00e9ciser d\u2019embl\u00e9e que cette transaction ne date pas de l\u2019entr\u00e9e en lice du fran\u00e7aise Total, mais bien avant cela ; fin mars dernier, Chevron a annonc\u00e9 et nous l\u2019avons appris par l\u2019agence Reuters, l\u2019acquisition d\u2019Anadarko Petroleum pour 33 milliards de dollars, ce qui devrait la propulser au deuxi\u00e8me rang des plus grandes compagnies p\u00e9troli\u00e8res au monde et renforcer nettement ses activit\u00e9s dans le schiste aux Etats-Unis. Cette transaction, une des plus importantes dans le secteur p\u00e9trolier, se fera en actions et en num\u00e9raire. Elle reprendra la dette de l\u2019entreprise.<\/span><\/p>\n<p class=\"p5\"><span class=\"s2\">Elle a pour objectif de renforcer Chevron dans le p\u00e9trole et gaz de schiste et le Gaz naturel liqu\u00e9fi\u00e9 (GNL). A cette date d\u00e9j\u00e0, on s\u2019est \u00e9tonn\u00e9 pourquoi il n\u2019y a pas eu de r\u00e9action de la part de l\u2019ancien ministre de l\u2019Energie et des d\u00e9clarations de l\u2019ancien PDG de Sonatrach Abelmoun\u00e8ne Ould Kaddour qui avait lui-m\u00eame annonc\u00e9 \u00e0 la m\u00eame agence une joint-venture avec le g\u00e9ant am\u00e9ricain Chevron dans l\u2019exploitation du gaz de schiste.<\/span><\/p>\n<p class=\"p5\"><span class=\"s2\">Personnellement, je n\u2019avais pas de bons contacts avec cet ancien PDG, mais des cadres m\u2019ont appris que depuis avril 2017, Sonatrach n\u2019envoie aucun rapport \u00e0 la hi\u00e9rarchie et l\u2019Etat commence \u00e0 perdre le contr\u00f4le du mastodonte. La brouille entre Ould Kaddour et les institutions publiques en est la preuve irr\u00e9futable.<\/span><\/p>\n<p class=\"p5\"><span class=\"s2\">En termes simples, durant la p\u00e9riode du management de l\u2019ancien PDG, les Fran\u00e7ais et les Am\u00e9ricains avaient un lobby \u00e0 Sonatrach sur lequel ils pouvaient compter sans aller tr\u00e8s loin. Entre-temps, Occidental s\u2019est entendu avec Total pour lui c\u00e9der les actifs africains d\u2019Anadarko pour 8,8 milliards de dollars. Les n\u00e9gociations ont \u00e9t\u00e9 men\u00e9es en toute discr\u00e9tion entre la pr\u00e9sidente d\u2019Occidental et le PDG de Total.<\/span><\/p>\n<p class=\"p5\"><span class=\"s2\">Il n\u2019a fallu que quelques jours au PDG de Total et \u00e0 un cercle restreint de conseillers pour mettre au point le projet de rachat des actifs africains de l\u2019am\u00e9ricain Anadarko, qui constituerait la plus grande acquisition du groupe fran\u00e7ais depuis pr\u00e8s de 20 ans. Patrick Pouyann\u00e9 a vu une aubaine et l\u2019a saisie dans l\u2019un des volets de la contre-offre de 38 milliards de dollars lanc\u00e9e fin avril par Occidental sur Anadarko pour coiffer au poteau son concurrent Chevron.<\/span><\/p>\n<p class=\"p5\"><span class=\"s2\">Donc, avec cette bouff\u00e9e d\u2019oxyg\u00e8ne pour rembourser une partie de sa dette Occidental \u00e9tait bien parti pour remporter la mise puisque Chevron avait jet\u00e9 l\u2019\u00e9ponge et ne rel\u00e8verait pas son offre de 33 milliards sur Anadarko. Cette information, certainement tr\u00e8s connue par un cercle restreint du management de Sonatrach, n\u2019a pas attir\u00e9 l\u2019attention des pouvoir publics qui \u00e9taient pr\u00e9occup\u00e9s par la crise politique.<\/span><\/p>\n<p class=\"p5\"><span class=\"s2\">Il a fallu un post d\u2019un expert sur les r\u00e9seaux sociaux pour \u00e9veiller l\u2019opinion publique. La r\u00e9action imm\u00e9diate du nouveau ministre de l\u2019Energie, M. Arkoub, ne s\u2019est pas faite attendre. Il a parl\u00e9 carr\u00e9ment de \u00abblocage du fran\u00e7ais Total\u00bb en usant du droit de pr\u00e9emption. Mais il a appris \u00e0 l\u2019opinion publique par ailleurs que son d\u00e9partement a saisi formellement son partenaire am\u00e9ricain et qu\u2019il attendait \u00e0 ce jour une r\u00e9ponse.<\/span><\/p>\n<p class=\"p5\"><span class=\"s2\">Le ministre de l\u2019Energie n\u2019est pas seul dans son minist\u00e8re, mais il y a toute une \u00e9quipe dont la majorit\u00e9 sont des patriotes qui ne se laissent pas faire facilement. Donc, ce que \u00abcertains\u00bb ont appel\u00e9 un \u00abr\u00e9trop\u00e9dalage\u00bb du ministre n\u2019est en fait qu\u2019une r\u00e9ponse \u00abpolitiquement correcte\u00bb au partenaire fran\u00e7ais qui est all\u00e9 \u00abpleurnicher\u00bb aupr\u00e8s de sa diplomatie comme il fait d\u2019habitude.<\/span><\/p>\n<p class=\"p5\"><span class=\"s2\">Pourquoi\u00a0? Les propos du ministre de l\u2019Energie ont \u00e9t\u00e9 mal interpr\u00e9t\u00e9s car \u00abfaire valoir son droit de pr\u00e9emption\u00bb ne visait pas sp\u00e9cialement l\u2019entreprise fran\u00e7aise avec laquelle la Sonatrach et, partant, l\u2019Alg\u00e9rie n\u2019a rien \u00e0 voir. L\u2019expression utilis\u00e9e par la presse, notamment fran\u00e7aise \u2013 \u00abBloquer Total\u00bb \u2013 est une lecture des cons\u00e9quences de l\u2019application du droit de pr\u00e9emption pour les actifs d\u2019Anadarko \u00aben Alg\u00e9rie\u00bb.<\/span><\/p>\n<p class=\"p5\"><span class=\"s2\">Elle n\u2019a en cons\u00e9quence que faire du Mozambique et encore moins de l\u2019Afrique du Sud. C\u2019est le g\u00e9ant fran\u00e7ais qui a paniqu\u00e9 \u00e0 ces d\u00e9clarations officielles du ministre alg\u00e9rien de l\u2019Energie et donc par la m\u00eame occasion a fait de m\u00eame pour la diplomatie de son pays.<\/span><\/p>\n<p class=\"p5\"><span class=\"s2\">Le PDG de Total est venu le jeudi 30 mai dernier en esp\u00e9rant voir directement le Premier ministre qui n\u2019\u00e9tait pas en Alg\u00e9rie, il a \u00e9t\u00e9 re\u00e7u au si\u00e8ge du minist\u00e8re de l\u2019Energie par le ministre du secteur lui-m\u00eame en pr\u00e9sence du nouveau PDG de Sonatrach.<\/span><\/p>\n<p class=\"p5\"><span class=\"s2\">Le Fran\u00e7ais les a trouv\u00e9s, selon des indiscr\u00e9tions, tout \u00e0 fait \u00e0 l\u2019aise pour lui faire d\u2019abord comprendre que cette affaire si elle touche Total par ricochet, concerne en premier lieu notre associ\u00e9 Anadarko qui est tenu de nous donner des explications qui lui ont \u00e9t\u00e9 formellement demand\u00e9es sans r\u00e9ponse \u00e0 ce jour.<\/span><\/p>\n<p class=\"p5\"><span class=\"s2\">Ils ont pass\u00e9 en revue \u00e0 l\u2019occasion tous les accords (avec Total) qui restent intacts. Une chose est certaine\u00a0: aucun accord\u00a0sur la cession que le groupe fran\u00e7ais compte r\u00e9aliser n\u2019a \u00e9t\u00e9 conclu contrairement \u00e0 ce que laisse entendre la presse fran\u00e7aise. Cette m\u00eame presse qui rapporte que Pouyann\u00e9 est reparti \u00abbredouille\u00bb car il \u00e9tait venu pour quelque chose qui ne relevait pas de ses pr\u00e9rogatives (\u2026)<\/span><\/p>\n<p class=\"p5\"><span class=\"s2\">La partie alg\u00e9rienne attend toujours la r\u00e9ponse de son partenaire am\u00e9ricain. Il faut pr\u00e9ciser aussi que la partie alg\u00e9rienne a tous les avantages en sa faveur pour la r\u00e9cup\u00e9ration \u00e0 100% des actifs d\u2019Anadarko pour la simple raison que l\u2019ensemble des installations dans cette association sont exploit\u00e9es par du personnel d\u00e9tach\u00e9 par Sonatrach. L\u2019entr\u00e9e donc du groupe Total dans ce fameux projet du Mozambique, annonc\u00e9 en grande pompe pour le 8 ao\u00fbt prochain \u00e0 Houston est consid\u00e9r\u00e9 comme un non-\u00e9v\u00e9nement (\u2026)<\/span><\/p>\n<p class=\"p5\"><em><span class=\"s2\"><strong>\u2013 Le ministre de l\u2019Energie a parl\u00e9 de la recherche d\u2019un \u00abbon compromis\u00bb\u2026 A quoi devrait-il ressembler, d\u2019apr\u00e8s vous\u00bb ?<\/strong><\/span><\/em><\/p>\n<p class=\"p5\"><span class=\"s2\">Ma d\u00e9finition du \u00a0\u00abbon compromis\u00bb, que beaucoup ne partageront pas, c\u2019est que Total se d\u00e9siste tout simplement des actifs d\u2019Anadarko en Alg\u00e9rie. Une \u00e9valuation exacte des actifs physiques de la compagnie am\u00e9ricaine en Alg\u00e9rie doit, \u00e0 ce titre, \u00eatre entreprise par les \u00e9quipes de Sonatrach et sa tutelle.<\/span><\/p>\n<p class=\"p5\"><span class=\"s2\">Car les multinationales ont tendance \u00e0 jongler avec leurs r\u00e9serves. Elles les sous-estiment pour payer moins d\u2019imp\u00f4ts et elles les gonflent pour augmenter le prix des actions. Le scandale Shell qui a vu la d\u00e9mission de son PDG Philip Watts et du directeur de l\u2019exploration et de la production, Walter Van de Vijver, l\u2019illustre bien.<\/span><\/p>\n<p class=\"p5\"><span class=\"s2\">Anadarko situe ses actifs autour de 500 millions de barils \u2013 sans doute pour tirer le maximum \u2013, les \u00e9quipes du minist\u00e8re les estiment \u00e0 beaucoup moins, voire de moiti\u00e9, puisque des r\u00e9serves originales, l\u2019am\u00e9ricain n\u2019en pas produit plus de 50%. Par ailleurs, dans quatre ans, soit en 2022, l\u2019ensemble des installations reviendront de fait \u00e0 Sonatrach. Tout est donc une question de calcul de rentabilit\u00e9 lorsque les choses se pr\u00e9ciseront avec la concern\u00e9e.<\/span><\/p>\n<p class=\"p5\"><em><strong><span class=\"s2\">\u2013 Sonatrach ayant perdu les arbitrages internationaux face aux multinationales, quelles seraient d\u2019apr\u00e8s vous les chances de l\u2019Alg\u00e9rie de faire valoir son droit de pr\u00e9emption\u00a0?<\/span><\/strong><\/em><\/p>\n<p class=\"p5\"><span class=\"s2\">Ecoutez, pour moi les choses ont beaucoup chang\u00e9 en Alg\u00e9rie depuis le 22 f\u00e9vrier dernier, l\u2019arbitrage \u00e0 l\u2019\u00e9poque se faisait avec la complicit\u00e9 en interne \u00e0 la soci\u00e9t\u00e9, et aujourd\u2019hui l\u2019entreprise est dot\u00e9e d\u2019un encadrement int\u00e8gre, et je le dis en connaissance de cause. Pour ce cas pr\u00e9cis, il s\u2019agit bien d\u2019un affront que vient d\u2019essuyer Sonatrach et \u00e0 travers elle toute la nation alg\u00e9rienne de la part de son partenaire Anadarko qui s\u2019est engraiss\u00e9 en Alg\u00e9rie et s\u2019est montr\u00e9 ingrat \u00e0 deux reprises.<\/span><\/p>\n<p class=\"p5\"><span class=\"s2\">La premi\u00e8re fois en extorquant 4 milliards de dollars dans un proc\u00e8s que cette multinationale lui a intent\u00e9 pour la Taxe sur le profit exceptionnel (TPE) et refus\u00e9 ainsi toute voie amiable. La deuxi\u00e8me fois, son comportement contre toute \u00e9thique commerciale pour avoir n\u00e9goci\u00e9, voire \u00abmenti\u00bb \u00e0 son partenaire en n\u00e9gociant en catimini la cession de ses actifs sans l\u2019en informer au pr\u00e9alable, comme le stipulaient clairement les textes contractuels.<\/span><\/p>\n<p class=\"p5\"><span class=\"s2\">En effet, il n\u2019y a ni formules contractuelles particuli\u00e8res comme le \u00abright of the first offer\u00bb ni le \u00abright of the first refusal\u00bb, mais la cession des actifs au tiers pour un partenaire dans le cadre d\u2019une association de partage de production conform\u00e9ment \u00e0 la loi 86-14 modifi\u00e9e et compl\u00e9t\u00e9e est clairement \u00abl\u00e9gif\u00e9r\u00e9e\u00bb et le droit de pr\u00e9emption y est bien sp\u00e9cifi\u00e9 et reste indiscutable.<\/span><\/p>\n<p class=\"p5\"><span class=\"s2\">Donc, le faire valoir ouvertement comme l\u2019a fait le ministre de l\u2019Energie n\u2019est en aucun cas une \u00abmaladresse\u00bb. D\u2019ailleurs, le r\u00e9sultat est que le fran\u00e7ais Total s\u2019est rendu compte que la crise que conna\u00eet actuellement l\u2019Alg\u00e9rie n\u2019emp\u00eache pas les responsables du syst\u00e8me de gouvernance d\u2019\u00eatre vigilants pour contrer les cachotteries qui se trament dans son dos.<\/span><\/p>\n<p class=\"p5\"><em><strong><span class=\"s2\">\u2013 Quelle doit \u00eatre la parade face au \u00absyndrome Djezzy\u00bb \u00a0qui a tendance \u00e0 se d\u00e9multiplier notamment dans des secteurs strat\u00e9giques (\u00e9nergie) ?<\/span><\/strong><\/em><\/p>\n<p class=\"p5\"><span class=\"s2\">Non, le secteur de l\u2019\u00e9nergie a toujours \u00e9t\u00e9 bien prot\u00e9g\u00e9 et pris en charge par le mouvement syndical et de nombreux cadres de l\u2019entreprise, certes marginalis\u00e9s mais qui ne se laissent pas faire. Ils sont patriotes et tr\u00e8s conscients et sensibilis\u00e9s pour ce que repr\u00e9sente Sonatrach dans le rouage \u00e9conomique et social.<\/span><\/p>\n<p class=\"p5\"><span class=\"s2\">Les exemples ne manquent pas dont le plus c\u00e9l\u00e8bre est l\u2019\u00e9chec de la privatisation pure et simple en ouvrant le capital de Sonatrach et en la d\u00e9verrouillant de ses \u00ab3I\u00bb \u2013 Inali\u00e9nable, incessible, insaisissable \u2013, par la loi sur les hydrocarbures de 2005.<\/span><\/p>\n<p class=\"p5\"><span class=\"s2\">Le mouvement syndical a oblig\u00e9 le pr\u00e9sident d\u00e9missionnaire Abdelaziz Bouteflika \u00e0 revenir sur sa d\u00e9cision par ordonnance, pourtant c\u2019\u00e9tait une consigne am\u00e9ricaine ramen\u00e9e dans les bagages de son ami. Je rassure pour ma part et de par mon exp\u00e9rience que le \u00absyndrome Djezzy\u00bb favoris\u00e9 par un clan au pouvoir ne tiendra pas dans le secteur de l\u2019\u00e9nergie.<\/span><\/p>\n<p class=\"p5\"><em><strong><span class=\"s2\">\u2013 Par cette acquisition, la plus importante de Total apr\u00e8s le rachat d\u2019Elf, la multinationale fran\u00e7aise asseoit\u00a0 son acc\u00e8s aux ressources hydrocarbures en Afrique, et devient leader \u2013 avec Shell \u2013 dans le segment du gaz naturel liqu\u00e9fi\u00e9. En Alg\u00e9rie, en plus de ses parts historiques, Total met la main sur les 25% d\u2019Anadarko dans la production d\u2019hydrocarbures (\u00e9quivalent 260\u00a0000 barils).\u00a0 Est-ce un retour \u00e0 la configuration d\u2019avant la \u00abnationalisation\u00bb \u00a0avec une part pr\u00e9pond\u00e9rante (concentration) pour l\u2019exploitant fran\u00e7ais\u00a0?<\/span><\/strong><\/em><\/p>\n<p class=\"p5\"><span class=\"s2\">D\u2019abord et avant d\u2019aller droit \u00e0 la question, je me permets de rappeler la strat\u00e9gie de cette soci\u00e9t\u00e9 fran\u00e7aise et son retour en Afrique qu\u2019elle a abandonn\u00e9e \u00e0 un moment donn\u00e9 dans des circonstances particuli\u00e8res sur lesquelles je pourrais revenir une autre fois. Avec l\u2019acquisition des actifs d\u2019Anadarko, \u00e9civait la journaliste El\u00e9onore Hughes le 5 juin dernier, \u00abTotal confirme son ancrage sur le continent africain\u00bb.<\/span><\/p>\n<p class=\"p5\"><span class=\"s2\">Car, en plus de sa pr\u00e9sence historique dans les anciennes colonies fran\u00e7aises et dans des pays comme le Nigeria et l\u2019Angola, le groupe fran\u00e7ais se lance d\u00e9sormais sur de nouveaux terrains de chasse comme l\u2019Ouganda, l\u2019Afrique du Sud ou le Mozambique. Les multinationales entendent bien continuer \u00e0 exploiter de nouveaux gisements de p\u00e9trole et de gaz, et l\u2019Afrique demeure une cible privil\u00e9gi\u00e9e pour leurs projets destructeurs, destin\u00e9s \u00e0 alimenter les march\u00e9s des pays riches.<\/span><\/p>\n<p class=\"p5\"><span class=\"s2\">Ses habitants n\u2019ont malheureusement pas fini d\u2019en faire les frais.\u00a0 Par cette transaction en Alg\u00e9rie, Total cherche \u00e0 assurer une influence politique par une diversification de son portefeuille d\u2019activit\u00e9s. Nous rappelons pour la circonstance qu\u2019en 2018, le groupe fran\u00e7ais a conclu un accord sur le d\u00e9veloppement du champ de Tin Fou\u00e9 Tabenkort (TFT) o\u00f9 il d\u00e9tient 49% avec une assurance d\u2019une commercialisation conjointe du gaz produit \u00e0\u00a0partir de 2021.<\/span><\/p>\n<p class=\"p5\"><span class=\"s2\">Total contr\u00f4le d\u00e9j\u00e0 35% du condensat dans le m\u00eame champ. Apr\u00e8s une conciliation fortement lobbyiste, il vient d\u2019occuper une place importante dans le p\u00f4le oranais dans la production des lubrifiants et la cr\u00e9ation toute r\u00e9cente d\u2019une joint-venture avec Sonatrach dans le domaine de la p\u00e9trochimie, le steam cracking. Total est aussi pr\u00e9sent dans le champ du gaz de Timimoune avec 38% des parts.<\/span><\/p>\n<p class=\"p5\"><span class=\"s2\">Il a acquis l\u2019ann\u00e9e derni\u00e8re 12,25% des actifs de Maersk Oil dans la r\u00e9gion d\u2019Ourhoud qui viennent s\u2019ajouter au GNL une ann\u00e9e avant des parts d\u2019ENGIE et cela certainement ne s\u2019arr\u00eatera pas l\u00e0. La Chine, la Russie, l\u2019Ukraine, l\u2019Allemagne, l\u2019Argentine concurrencent la France dans d\u2019autres produits, notamment le bl\u00e9, les hydrocarbures \u00e9tant la seule ressource qui permet de payer ses importations\u00a0; la France, par le biais de Total vise \u00e9videmment \u00e0 s\u2019en accaparer pour mettre fin \u00e0 son casse-t\u00eate \u00e9conomique d\u2019aujourd\u2019hui.<\/span><\/p>\n<p class=\"p5\"><span class=\"s2\">Par contre, ailleurs en Afrique, elle rafle le GNL pour son stockage dans le cadre de la transition \u00e9nerg\u00e9tique 2040 initi\u00e9e par l\u2019ancien ministre de l\u2019Ecologie Nicolas Hulot, \u00e9ch\u00e9ance durant laquelle aucune voiture fran\u00e7aise ne roulera au diesel mais le tout-\u00e9lectrique \u00e0 partir d\u2019une transformation thermique du gaz que Total compte stocker. Tout cela montre incontestablement ce qu\u2019est Total en Alg\u00e9rie et dans le monde.<\/span><\/p>\n<p class=\"p5\"><span class=\"s2\">N\u2019est-ce pas son PDG\u00a0 qui disait\u00a0: <em>\u00abNotre nationalit\u00e9 existe. Nous sommes le seul major non anglo-saxon. La France est membre permanent du Conseil de s\u00e9curit\u00e9 des Nations unies. Et notre activit\u00e9 de gaz et de p\u00e9trole est vue par les pays producteurs comme un domaine de souverainet\u00e9. Total participe aux relations qu\u2019entretient la France avec ces pays tout en b\u00e9n\u00e9ficiant de celles-ci\u00bb<\/em>.<\/span><\/p>\n<p class=\"p5\"><span class=\"s2\">Elle se comporte en France \u00a0comme un <em>\u00abgouvernement bis\u00bb<\/em> (Alain Denealt) bien qu\u2019elle soit dirig\u00e9e par un actionnariat international pour lequel cette France n\u2019est qu\u2019un espace parmi tant d\u2019autres. Cependant, si elle est g\u00e9n\u00e9reuse dans les dividendes qu\u2019elle distribue \u00e0 ses actionnaires dans le monde lorsqu\u2019il s\u2019agit des contrats en Afrique, c\u2019est \u00e0 l\u2019Elys\u00e9e que cela se passe. La suite, les lecteurs la comprendront facilement.\u00a0<\/span><\/p>\n<p><span class=\"post-views-label\">Post Views:<\/span> <span class=\"post-views-count\">2\u00a0924<\/span><\/p>\n<p><br class=\"c4\"\/><\/p>\n<p>Auteur: Anis Khecheba<br \/>\n<a href=\"https:\/\/www.elwatan.com\/edition\/actualite\/total-doit-se-desister-des-actifs-danadarko-en-algerie-22-07-2019\">Cliquez ici pour lire l&rsquo;article depuis sa source.<\/a><\/p>\n","protected":false},"excerpt":{"rendered":"<p>Rabah Reghis. Consultant\u00a0et \u00e9conomiste p\u00e9trolier \u00abGuerre d\u2019influence\u00bb, \u00abjeu des puissances\u00bb, Rabah Reghis situe les enjeux de l\u2019acquisition (irr\u00e9versible\u00a0?) par Total des actifs de la major Anadarko en Afrique. En Alg\u00e9rie, la multinationale fran\u00e7aise lorgne sur un jackpot \u00e0 8,8 milliards de dollars en s\u2019offrant les actifs d\u00e9tenus par le g\u00e9ant am\u00e9ricain Andarko. Tout s\u2019est fait [&hellip;]<\/p>\n","protected":false},"author":1743,"featured_media":47786,"comment_status":"closed","ping_status":"closed","sticky":false,"template":"","format":"standard","meta":{"fifu_image_url":"","fifu_image_alt":"","footnotes":""},"categories":[73,53],"tags":[],"class_list":["post-47785","post","type-post","status-publish","format-standard","has-post-thumbnail","hentry","category-actualite","category-algerie"],"_links":{"self":[{"href":"https:\/\/linitiative.ca\/International\/wp-json\/wp\/v2\/posts\/47785","targetHints":{"allow":["GET"]}}],"collection":[{"href":"https:\/\/linitiative.ca\/International\/wp-json\/wp\/v2\/posts"}],"about":[{"href":"https:\/\/linitiative.ca\/International\/wp-json\/wp\/v2\/types\/post"}],"author":[{"embeddable":true,"href":"https:\/\/linitiative.ca\/International\/wp-json\/wp\/v2\/users\/1743"}],"replies":[{"embeddable":true,"href":"https:\/\/linitiative.ca\/International\/wp-json\/wp\/v2\/comments?post=47785"}],"version-history":[{"count":0,"href":"https:\/\/linitiative.ca\/International\/wp-json\/wp\/v2\/posts\/47785\/revisions"}],"wp:featuredmedia":[{"embeddable":true,"href":"https:\/\/linitiative.ca\/International\/wp-json\/"}],"wp:attachment":[{"href":"https:\/\/linitiative.ca\/International\/wp-json\/wp\/v2\/media?parent=47785"}],"wp:term":[{"taxonomy":"category","embeddable":true,"href":"https:\/\/linitiative.ca\/International\/wp-json\/wp\/v2\/categories?post=47785"},{"taxonomy":"post_tag","embeddable":true,"href":"https:\/\/linitiative.ca\/International\/wp-json\/wp\/v2\/tags?post=47785"}],"curies":[{"name":"wp","href":"https:\/\/api.w.org\/{rel}","templated":true}]}}