{"id":47789,"date":"2019-07-22T05:02:13","date_gmt":"2019-07-22T09:02:13","guid":{"rendered":"https:\/\/linitiative.ca\/International\/lalgerie-a-mange-son-ble-en-herbe\/"},"modified":"2019-07-22T05:02:13","modified_gmt":"2019-07-22T09:02:13","slug":"lalgerie-a-mange-son-ble-en-herbe","status":"publish","type":"post","link":"https:\/\/linitiative.ca\/International\/lalgerie-a-mange-son-ble-en-herbe\/","title":{"rendered":"L\u2019Alg\u00e9rie a mang\u00e9 son bl\u00e9 en herbe"},"content":{"rendered":"<h4 class=\"title-14\">Grande corruption dans la fili\u00e8re c\u00e9r\u00e9ali\u00e8re<\/h4>\n<div class=\"featured_image\"><img width=\"1000\" height=\"500\" data-cfsrc=\"https:\/\/www.elwatan.com\/wp-content\/uploads\/2019\/07\/Sans-titre-1-182.gif\" class=\"attachment-post-thumbnail size-post-thumbnail wp-post-image c2\" alt=\"\"\/><noscript><\/p>\n<p><img loading=\"lazy\" decoding=\"async\" width=\"1000\" height=\"500\" src=\"https:\/\/www.elwatan.com\/wp-content\/uploads\/2019\/07\/Sans-titre-1-182.gif\" class=\"attachment-post-thumbnail size-post-thumbnail wp-post-image\" alt=\"\"\/><\/p>\n<p><\/noscript><\/div>\n<p class=\"p5\"><span class=\"s1\"><strong>Apr\u00e8s un laisser-aller qui aura dur\u00e9 des ann\u00e9es, des largesses et des aides en s\u00e9rie qui auront surtout profit\u00e9 \u00e0 l\u2019explosion des importations,<\/strong> voil\u00e0 que le gouvernement d\u00e9cide, \u00e0 la faveur de cette campagne contre la corruption, de mettre de l\u2019ordre dans la fili\u00e8re c\u00e9r\u00e9ales. Une fili\u00e8re strat\u00e9gique sur laquelle se base toute d\u00e9marche visant \u00e0 assurer la s\u00e9curit\u00e9 alimentaire du pays.<\/span><\/p>\n<p class=\"p7\">Ainsi, apr\u00e8s avoir ferm\u00e9 les yeux devant des pratiques frauduleuses encourag\u00e9es \u00e0 travers des subventions tous azimuts la cr\u00e9ation de minoteries et semouleries jusqu\u2019\u00e0 saturation du march\u00e9, les pouvoirs publics d\u00e9cident de resserrer l\u2019\u00e9tau autour des industriels d\u2019une fili\u00e8re qui a toujours \u00e9t\u00e9 caract\u00e9ris\u00e9e par des dysfonctionnements.<\/p>\n<p class=\"p8\">Des dysfonctionnements mis en exergue \u00e0 maintes reprises par les experts sans pour autant \u00eatre corrig\u00e9s<em>. \u00abTant qu\u2019on pouvait profiter de la g\u00e9n\u00e9rosit\u00e9 d\u2019un syst\u00e8me de subventions g\u00e9n\u00e9reux et d\u2019un mode de gouvernance qui encourage les d\u00e9tournements, pourquoi s\u2019en priver ?\u00bb<\/em> s\u2019interroge un expert pour r\u00e9sumer le fonctionnement de cette fili\u00e8re qui se retrouve aujourd\u2019hui au centre des pr\u00e9occupations du gouvernement Bedoui.<\/p>\n<p class=\"p8\">Nous sommes face \u00e0 un circuit aliment\u00e9 par un syst\u00e8me de subvention sur lequel se sont greff\u00e9s tous types de trafic, de corruption (revente du bl\u00e9 import\u00e9 \u00e0 l\u2019Etat\u2026), et ce, depuis la fin des ann\u00e9es 90\u2019. Dans le secteur \u00e9conomique, a fini par se cr\u00e9er une br\u00e8che totalement virtuelle, sur laquelle vivent actuellement des milliers de familles et directement ou indirectement des centaines de milliers de personnes.<\/p>\n<p class=\"p8\">Le mal est donc plus profond qu\u2019on ne le croit, le laisser-faire a dur\u00e9 trop longtemps. L\u2019approvisionnement de ce r\u00e9seau a fait passer en quelques ann\u00e9es les importations de bl\u00e9 tendre de 3 \u00e0 6 millions de tonnes. Il serait donc na\u00eff de croire que ce sont les quelques grammes sur lesquels sp\u00e9culent de tout temps les boulangers qui ont fait exploser cette demande, r\u00e9sume pour sa part l\u2019expert agronome Sofiane Benadjila pour souligner l\u2019ampleur de la probl\u00e9matique qu\u2019on a toujours ignor\u00e9e pour se r\u00e9veiller aujourd\u2019hui.<\/p>\n<p class=\"p9\"><strong><span class=\"s1\">Fermer pour r\u00e9guler<\/span><\/strong><\/p>\n<p class=\"p8\">Tout a commenc\u00e9 fin mai dernier avec l\u2019annonce de nouvelles mesures pour la r\u00e9gulation des importations des c\u00e9r\u00e9ales et du lait dans le cadre d\u2019une d\u00e9marche visant la pr\u00e9servation des r\u00e9serves de changes.<\/p>\n<p class=\"p8\">Mi-juin, une autre d\u00e9cision tombe, celle de la cr\u00e9ation d\u2019un Comit\u00e9 de r\u00e9gulation, de contr\u00f4le et d\u2019\u00e9valuation de la c\u00e9r\u00e9aliculture, d\u00e9cid\u00e9e dimanche par le gouvernement, constitue une nouvelle mesure de rationalisation des importations plac\u00e9 aupr\u00e8s du ministre des Finances et associant les ministres du Commerce, de l\u2019Industrie et de l\u2019Agriculture, avec pour mission l\u2019\u00e9tablissement d\u2019un audit global concernant le respect des obligations juridiques par l\u2019ensemble des op\u00e9rateurs activant dans cette fili\u00e8re.<\/p>\n<p class=\"p8\">Trois semaines plus tard, pr\u00e9cis\u00e9ment le 11 juillet, passage \u00e0 l\u2019action avec la mise en \u0153uvre de la d\u00e9cision du conseil interminist\u00e9riel portant arr\u00eat de l\u2019approvisionnement de 45 minoteries<span class=\"Apple-converted-space\">\u00a0<\/span> (implant\u00e9es pour la majorit\u00e9 \u00e0 l\u2019ouest du pays)<span class=\"Apple-converted-space\">\u00a0<\/span> dont la fermeture a \u00e9t\u00e9 d\u00e9cid\u00e9e alors que les 333 autres minoteries (sur un total de 500 unit\u00e9s qui assureraient 300% des besoins de la population) font toujours l\u2019objet d\u2019audit.<\/p>\n<p class=\"p8\">Les enqu\u00eates se poursuivent sur cette fili\u00e8re. Les Coop\u00e9rations de c\u00e9r\u00e9ales et de l\u00e9gumes secs (CCLS) travaillent d\u2019ailleurs ces derniers jours sous pression en pleine campagne de moissons-battage.<\/p>\n<p class=\"p8\"><strong><span class=\"s1\">\u00abNettoyage\u00bb<\/span><\/strong><\/p>\n<p class=\"p9\">Le limogeage du directeur g\u00e9n\u00e9ral de l\u2019Office alg\u00e9rien interprofessionnel des c\u00e9r\u00e9ales (OACI), Mohamed Belabidi, vient renforcer cette campagne de \u00abnettoyage\u00bb au sein de la fili\u00e8re c\u00e9r\u00e9ales. Il serait \u00e0 l\u2019origine de d\u00e9tournement de quotas de bl\u00e9 au profit de certaines minoteries mais aussi de fausses d\u00e9clarations.<\/p>\n<p class=\"p10\"><em>\u00abAlors que les minoteries ont droit \u00e0 des quotas de bl\u00e9 au prix subventionn\u00e9 ne d\u00e9passant pas 40% de leur capacit\u00e9 de production, certaines arrivent \u00e0 travailler totalement avec du bl\u00e9 subventionn\u00e9, c\u2019est-\u00e0-dire elles arrivent \u00e0 avoir des quotas \u00e9quivalent \u00e0 100% de leurs capacit\u00e9s, et ce, au d\u00e9triment d\u2019autres unit\u00e9s de production qui voient leurs quotas revus \u00e0 la baisse (moins de 40%).<\/em><\/p>\n<p class=\"p10\"><em>Nous recevons r\u00e9guli\u00e8rement des instructions dans ce cadre\u00bb,<\/em> nous confie un employ\u00e9 de l\u2019OAIC au niveau r\u00e9gional qui nous dira encore : <em>\u00abApr\u00e8s les 45 minoteries ferm\u00e9es, les enqu\u00eates se poursuivent. M\u00eame les services des imp\u00f4ts sont \u00e0 pied d\u2019\u0153uvre sur ce dossier.\u00bb<\/em><\/p>\n<p class=\"p10\">Un dossier qui n\u2019en finira pas de d\u00e9voiler ses secrets. Les ministres de l\u2019Agriculture et de l\u2019Industrie ont \u00e9t\u00e9 charg\u00e9s dans ce sillage de pr\u00e9senter les r\u00e9sultats de l\u2019audit en cours concernant les minoteries restantes lors du prochain conseil interminist\u00e9riel.<\/p>\n<p class=\"p10\"><strong><span class=\"s2\">Un plan contre la rupture<\/span><\/strong><\/p>\n<p class=\"p10\">En attendant, le cap est mis du c\u00f4t\u00e9 des responsables du secteur sur un approvisionnement constant et r\u00e9gulier aux boulangeries et aux consommateurs pour minimiser l\u2019impact de la fermeture des 45 minoteries, et ce, \u00e0 travers la mobilisation des minoteries publiques \u00abEriad\u00bb relevant du groupe Agrodiv, outre la mise \u00e0 exploitation de l\u2019entrep\u00f4t de Corso apr\u00e8s sa r\u00e9habilitation pr\u00e9vue avant la fin d\u2019ann\u00e9e.<\/p>\n<p class=\"p10\">Un plan d\u2019action visant \u00e0 \u00e9viter toute rupture ou perturbation d\u2019approvisionnement du march\u00e9 est en effet en cours. En application des d\u00e9cisions de la r\u00e9union du gouvernement du 10 juillet 2019 relatives \u00e0 la fermeture de 45 minoteries dans le cadre de la r\u00e9organisation et l\u2019assainissement de la fili\u00e8re c\u00e9r\u00e9ale, la ministre de l\u2019Industrie et des Mines, Djamila Tamazirt, a pr\u00e9sid\u00e9 une r\u00e9union regroupant, les responsables du groupe public Agrodiv et de ses filiales pour \u00e9tablir un plan d\u2019action <em>\u00abqui vise \u00e0 pourvoir au d\u00e9ficit de l\u2019offre que pourrait induire la fermeture des minoteries par les pouvoirs publics afin d\u2019\u00e9viter toute probable rupture ou perturbation d\u2019approvisionnement du march\u00e9\u00bb,<\/em> a annonc\u00e9 mi-juillet un communiqu\u00e9 du minist\u00e8re de l\u2019Industrie.<\/p>\n<p class=\"p10\">Instruction a \u00e9t\u00e9 donn\u00e9e de \u00abmobiliser tous les moyens et pr\u00e9parer la logistique n\u00e9cessaire pour satisfaire la nouvelle demande du march\u00e9, notamment apr\u00e8s la fermeture des minoteries et pour \u00e9viter toute probable rupture ou perturbation d\u2019approvisionnement du march\u00e9\u00bb. Et aussi de \u00abd\u00e9finir les quotas n\u00e9cessaires pour atteindre 100% des capacit\u00e9s de ces moulins aupr\u00e8s de l\u2019OAIC afin de satisfaire la demande nationale\u00bb.<\/p>\n<p class=\"p10\">Donc, pour le gouvernement, le plus important est de jouer l\u2019assurance sur l\u2019approvisionnement du march\u00e9. D\u2019ailleurs, m\u00eame le ministre du Commerce, Sa\u00efd Djellab a tenu \u00e0 rassurer que l\u2019op\u00e9ration n\u2019ait aucun impact n\u00e9gatif sur l\u2019approvisionnement des boulangers en mati\u00e8res premi\u00e8res, soulignant que l\u2019assainissement n\u2019affectera pas les op\u00e9rateurs qui exercent dans le cadre du respect de la loi.<\/p>\n<p class=\"p10\">Mais, il affectera sans nul doute le monde de l\u2019emploi avec la mise au ch\u00f4mage de milliers de travailleurs. Ce sera en effet l\u2019autre cons\u00e9quence d\u2019un plan d\u2019assainissement lanc\u00e9 h\u00e2tivement pour faire bonne figure aupr\u00e8s de l\u2019opinion publique en cette phase de mobilisation. Cette menace de ch\u00f4mage p\u00e8se aussi sur d\u2019autres segments d\u2019activit\u00e9s dans l\u2019industrie agroalimentaire.<\/p>\n<p class=\"p10\"><strong><span class=\"s1\">La fili\u00e8re lait prochainement sous la loupe<\/span><\/strong><\/p>\n<p class=\"p9\"><span class=\"s1\">L\u2019industrie du lait et ses d\u00e9riv\u00e9s risque aussi d\u2019\u00eatre frapp\u00e9e par les coups de fermetures ayant comme point commun avec celle des c\u00e9r\u00e9ales les dysfonctionnements et les d\u00e9tournements \u00e0 outrance de la poudre de lait subventionn\u00e9e pour la production de fromages et autres yaourts.<\/span><\/p>\n<p class=\"p8\"><span class=\"s1\">L\u00e0 aussi, le souci des pouvoirs publics ne s\u2019est manifest\u00e9 que sous la pression de la progression effr\u00e9n\u00e9e de la facture des importations du lait sous toutes ses formes avec une facture de 1,5 milliard de dollars en 2018, d\u2019o\u00f9 la panique et les annonces successives de r\u00e9organisation qui avait consist\u00e9 \u00e0 mettre face-\u00e0-face les \u00e9leveurs et les laiteries pour trouver des solutions du fait que l\u2019administration s\u2019est d\u00e9sengag\u00e9e totalement en l\u2019absence de vision.<\/span><\/p>\n<p class=\"p8\"><span class=\"s1\">Cependant, cette d\u00e9marche comme l\u2019attestent les experts n\u2019a pas permis d\u2019atteindre les objectifs pr\u00e9conis\u00e9s. <em>\u00abUne preuve flagrante de l\u2019inefficacit\u00e9 des \u2018\u2018strat\u00e9gies\u2019\u2019 engag\u00e9es, dont les limites ont \u00e9t\u00e9 impos\u00e9es par la configuration du paysage laitier traditionnel domin\u00e9 par la petitesse des exploitations de 5 \u00e0 20 vaches, qui ne permettent pas de d\u00e9gager un produit r\u00e9mun\u00e9rateur pour l\u2019\u00e9leveur qui s\u2019est reconverti le plus souvent dans le mara\u00eechage\u00bb<\/em>, nous donnera comme exemple l\u2019expert Akli Moussouni.<\/span><\/p>\n<p class=\"p8\">En conclusion, au m\u00eame titre que les c\u00e9r\u00e9ales, le d\u00e9fi \u00e0 relever consiste en la construction d\u2019une nouvelle fili\u00e8re, dot\u00e9e d\u2019outils r\u00e9ellement incitatifs pour la mise en place de modules industriels et r\u00e9orienter les petits \u00e9leveurs vers la fili\u00e8re viande \u00e0 travers l\u2019activit\u00e9 de l\u2019engraissement. Le tout adoss\u00e9 \u00e0 une politique agricole globale d\u00e9pendante elle aussi d\u2019une strat\u00e9gie \u00e9conomique bien \u00e9tudi\u00e9e, elle aussi li\u00e9e au changement politique tant attendue.<\/p>\n<p><span class=\"post-views-label\">Post Views:<\/span> <span class=\"post-views-count\">8\u00a0249<\/span><\/p>\n<p><br class=\"c4\"\/><\/p>\n<p>Auteur: Anis Khecheba<br \/>\n<a href=\"https:\/\/www.elwatan.com\/pages-hebdo\/sup-eco\/lalgerie-a-mange-son-ble-en-herbe-22-07-2019\">Cliquez ici pour lire l&rsquo;article depuis sa source.<\/a><\/p>\n","protected":false},"excerpt":{"rendered":"<p>Grande corruption dans la fili\u00e8re c\u00e9r\u00e9ali\u00e8re Apr\u00e8s un laisser-aller qui aura dur\u00e9 des ann\u00e9es, des largesses et des aides en s\u00e9rie qui auront surtout profit\u00e9 \u00e0 l\u2019explosion des importations, voil\u00e0 que le gouvernement d\u00e9cide, \u00e0 la faveur de cette campagne contre la corruption, de mettre de l\u2019ordre dans la fili\u00e8re c\u00e9r\u00e9ales. Une fili\u00e8re strat\u00e9gique sur [&hellip;]<\/p>\n","protected":false},"author":1743,"featured_media":47790,"comment_status":"closed","ping_status":"closed","sticky":false,"template":"","format":"standard","meta":{"fifu_image_url":"","fifu_image_alt":"","footnotes":""},"categories":[73,53],"tags":[],"class_list":["post-47789","post","type-post","status-publish","format-standard","has-post-thumbnail","hentry","category-actualite","category-algerie"],"_links":{"self":[{"href":"https:\/\/linitiative.ca\/International\/wp-json\/wp\/v2\/posts\/47789","targetHints":{"allow":["GET"]}}],"collection":[{"href":"https:\/\/linitiative.ca\/International\/wp-json\/wp\/v2\/posts"}],"about":[{"href":"https:\/\/linitiative.ca\/International\/wp-json\/wp\/v2\/types\/post"}],"author":[{"embeddable":true,"href":"https:\/\/linitiative.ca\/International\/wp-json\/wp\/v2\/users\/1743"}],"replies":[{"embeddable":true,"href":"https:\/\/linitiative.ca\/International\/wp-json\/wp\/v2\/comments?post=47789"}],"version-history":[{"count":0,"href":"https:\/\/linitiative.ca\/International\/wp-json\/wp\/v2\/posts\/47789\/revisions"}],"wp:featuredmedia":[{"embeddable":true,"href":"https:\/\/linitiative.ca\/International\/wp-json\/"}],"wp:attachment":[{"href":"https:\/\/linitiative.ca\/International\/wp-json\/wp\/v2\/media?parent=47789"}],"wp:term":[{"taxonomy":"category","embeddable":true,"href":"https:\/\/linitiative.ca\/International\/wp-json\/wp\/v2\/categories?post=47789"},{"taxonomy":"post_tag","embeddable":true,"href":"https:\/\/linitiative.ca\/International\/wp-json\/wp\/v2\/tags?post=47789"}],"curies":[{"name":"wp","href":"https:\/\/api.w.org\/{rel}","templated":true}]}}