{"id":47791,"date":"2019-07-22T05:03:46","date_gmt":"2019-07-22T09:03:46","guid":{"rendered":"https:\/\/linitiative.ca\/International\/les-facteurs-de-la-panne-integrale-de-leconomie\/"},"modified":"2019-07-22T05:03:46","modified_gmt":"2019-07-22T09:03:46","slug":"les-facteurs-de-la-panne-integrale-de-leconomie","status":"publish","type":"post","link":"https:\/\/linitiative.ca\/International\/les-facteurs-de-la-panne-integrale-de-leconomie\/","title":{"rendered":"Les facteurs de la panne int\u00e9grale de l\u2019\u00e9conomie"},"content":{"rendered":"<h4 class=\"title-14\">Fonte des r\u00e9serves de change, absence de confiance et psychose chez les banquiers\u00a0\u00a0<\/h4>\n<p class=\"p2\"><strong>Un des faits reproch\u00e9s \u00e0 tous les mis en cause dans les affaires qui sont en cours de traitement par la justice est l\u2019accord de cr\u00e9dits sans garantie.<\/strong><\/p>\n<p class=\"p2\"><span class=\"s1\"><strong>L<\/strong><\/span>\u2019\u00e9conomie nationale est ind\u00e9niablement dans une situation de d\u00e9tresse extr\u00eame. Cette derni\u00e8re est r\u00e9sum\u00e9e dans les propos du pr\u00e9sident-directeur g\u00e9n\u00e9ral de l\u2019Eniem, Djilali Mouazer, dans un entretien accord\u00e9 la semaine derni\u00e8re \u00e0 <em>El Watan<\/em>. La crise qui secoue son entreprise est loin d\u2019\u00eatre passag\u00e8re. C\u2019est l\u2019exemple type du dangereux marasme que vit tout le secteur \u00e9conomique.<\/p>\n<p class=\"p7\">Faut-il reproduire quelques extraits qui montrent de mani\u00e8re \u00e9loquente les effets de la crise que traverse le pays ? <em>\u00abIl est important de souligner,<\/em> a-t-il dit, <em>que le probl\u00e8me majeur de l\u2019Eniem, actuellement, est le blocage de l\u2019utilisation des cr\u00e9dits par la banque.\u00bb<\/em> Cette derni\u00e8re, affirme-t-il, <em>\u00abne nous donne plus de cr\u00e9dits, m\u00eame pour l\u2019exploitation et les approvisionnements.<\/em><\/p>\n<p class=\"p7\"><em>Nous allons \u00e9puiser la mati\u00e8re premi\u00e8re que nous avons achet\u00e9e et nous allons rester sans rien faire\u00bb. \u00abLes importations et m\u00eame le payement de nos fournisseurs sont bloqu\u00e9s aussi par la banque\u00bb<\/em>, s\u2019inqui\u00e8te Djillali Mouazer avant d\u2019assener : <em>\u00abNous comprenons la situation, car nous ne sommes pas les seuls dans ce cas. C\u2019est une question nationale qui se pose pour toute l\u2019industrie du pays.\u00bb<\/em><\/p>\n<p class=\"p7\">Cette derni\u00e8re est dans un blocage int\u00e9gral, non seulement parce que certains patrons se retrouvent en d\u00e9tention provisoire, mais surtout \u00e0 cause de l\u2019absence de vision, de politique de d\u00e9veloppement du r\u00e8gne de l\u2019ex-Pr\u00e9sident et du syst\u00e8me qu\u2019il a mis en place, o\u00f9 la pr\u00e9dation, la corruption et l\u2019incomp\u00e9tence ont \u00e9t\u00e9 \u00e9rig\u00e9es ces derni\u00e8res ann\u00e9es en mode de gouvernance politique. Les changements impos\u00e9s par la r\u00e9volution du 22 f\u00e9vrier ont lev\u00e9 le couvercle sur le g\u00e2chis de l\u2019\u00e8re Bouteflika.<\/p>\n<p class=\"p7\">Commentant les derni\u00e8res sorties du ministre des Finances, Mohamed Loukal, \u00e0 propos de la fonte des r\u00e9serves de change et du financement non conventionnel, le professeur et expert international Abderrahmane Mebtoul a produit une analyse int\u00e9ressante sur les incidences des tensions sur la tr\u00e9sorerie du pays et sur le tissu \u00e9conomique, en cela que celui-ci d\u00e9pend vitalement des financements publics.<\/p>\n<p class=\"p7\">Selon lui, 70% des mati\u00e8res premi\u00e8res et des \u00e9quipements des entreprises publiques et priv\u00e9es sont import\u00e9s, et le taux d\u2019int\u00e9gration ne d\u00e9passe pas les 15 et 20%. Comment feront-elles alors pour survivre \u00e0 la crise qui frappe la tr\u00e9sorerie du pays ? Le cas de l\u2019Eniem est \u00e9difiant. Les plus optimistes des \u00e9conomistes accordent \u00e0 l\u2019\u00e9conomie nationale un sursis deux ans. Mais si les choses demeurent en l\u2019\u00e9tat, le pays court droit vers la faillite.<\/p>\n<p class=\"p7\">Le facteur qui accentuera assur\u00e9ment cette descente aux enfers, c\u2019est la psychose qui a atteint le secteur des finances, o\u00f9 les banquiers sont soumis \u00e0 une terrible pression avant de consentir un quelconque cr\u00e9dit.<\/p>\n<p class=\"p7\">Le secr\u00e9taire g\u00e9n\u00e9ral de la Conf\u00e9d\u00e9ration g\u00e9n\u00e9rale des entreprises alg\u00e9riennes (CGEA), Megateli El Mahfoudh, le confirmait r\u00e9cemment dans une d\u00e9claration \u00e0 <em>El Watan<\/em>. Soulignant l\u2019impact qu\u2019a la crise que traverse le pays sur le secteur bancaire, il a indiqu\u00e9 que les banques, cens\u00e9es accompagner l\u2019entreprise, sont dans la prudence la plus totale.<\/p>\n<p class=\"p7\">Il avait\u00a0m\u00eame pr\u00e9cis\u00e9 que les banquiers proc\u00e9daient depuis quelque temps \u00e0 la r\u00e9vision des montants des cr\u00e9dits accord\u00e9s aux entreprises, particuli\u00e8rement les montants revolving. Une situation qui met non seulement \u00e0 mal l\u2019entreprise nationale, mais qui explique aussi l\u2019absence de nouveaux investissements dans le pays.<\/p>\n<p class=\"p7\">A la fin du mois de mai dernier, Ali Bey Nasri, pr\u00e9sident de l\u2019Association nationale des exportateurs alg\u00e9riens (Anexal), tirait d\u00e9j\u00e0 la sonnette d\u2019alarme en indiquant\u00a0que <em>\u00abl\u2019arrestation des hommes d\u2019affaires a un impact direct sur le secteur \u00e9conomique, en plus de la morosit\u00e9 qu\u2019a connue l\u2019\u00e9conomie, la m\u00e9vente et la d\u00e9pr\u00e9ciation du dinar qui a baiss\u00e9 d\u2019au moins 30% ces deux derni\u00e8res ann\u00e9es\u00bb<\/em>.\u00a0\u00a0Le pr\u00e9sident de l\u2019Anexal, qui affirmait que le pays \u00e9tait <em>\u00abdans la non-gouvernance et maintenant dans l\u2019instabilit\u00e9 politique\u00bb,<\/em> a soulign\u00e9 que rien n\u2019indique qu\u2019on va en sortir dans le court terme.<\/p>\n<p class=\"p7\">Cela va durer, disait-il, alors que l\u2019\u00e9conomie est en mauvaise passe, notamment le secteur bancaire. Selon lui, ce dernier est t\u00e9tanis\u00e9 : <em>\u00abOn ne donne rien parce qu\u2019on a peur.\u00bb<\/em> D\u2019ailleurs, l\u2019un des faits reproch\u00e9s \u00e0 tous les mis en cause dans les affaires qui sont en cours de traitement par la justice est l\u2019accord de cr\u00e9dits sans garantie.<\/p>\n<p class=\"p7\">Dans une \u00e9conomie bas\u00e9e sur la rente, o\u00f9 tout le reste, ou presque, est b\u00e2ti sur du faux, on ne pouvait s\u2019attendre \u00e0 un meilleur sort que de se retrouver dans une v\u00e9ritable impasse \u00e9conomique coupl\u00e9e \u00e0 une inextricable crise politique.<\/p>\n<p><span class=\"post-views-label\">Post Views:<\/span> <span class=\"post-views-count\">1\u00a0487<\/span><\/p>\n<p><br class=\"c4\"\/><\/p>\n<p>Auteur: Anis Khecheba<br \/>\n<a href=\"https:\/\/www.elwatan.com\/edition\/actualite\/les-facteurs-de-la-panne-integrale-de-leconomie-22-07-2019\">Cliquez ici pour lire l&rsquo;article depuis sa source.<\/a><\/p>\n","protected":false},"excerpt":{"rendered":"<p>Fonte des r\u00e9serves de change, absence de confiance et psychose chez les banquiers\u00a0\u00a0 Un des faits reproch\u00e9s \u00e0 tous les mis en cause dans les affaires qui sont en cours de traitement par la justice est l\u2019accord de cr\u00e9dits sans garantie. L\u2019\u00e9conomie nationale est ind\u00e9niablement dans une situation de d\u00e9tresse extr\u00eame. Cette derni\u00e8re est r\u00e9sum\u00e9e [&hellip;]<\/p>\n","protected":false},"author":1743,"featured_media":0,"comment_status":"closed","ping_status":"closed","sticky":false,"template":"","format":"standard","meta":{"fifu_image_url":"","fifu_image_alt":"","footnotes":""},"categories":[73,53],"tags":[],"class_list":["post-47791","post","type-post","status-publish","format-standard","hentry","category-actualite","category-algerie"],"_links":{"self":[{"href":"https:\/\/linitiative.ca\/International\/wp-json\/wp\/v2\/posts\/47791","targetHints":{"allow":["GET"]}}],"collection":[{"href":"https:\/\/linitiative.ca\/International\/wp-json\/wp\/v2\/posts"}],"about":[{"href":"https:\/\/linitiative.ca\/International\/wp-json\/wp\/v2\/types\/post"}],"author":[{"embeddable":true,"href":"https:\/\/linitiative.ca\/International\/wp-json\/wp\/v2\/users\/1743"}],"replies":[{"embeddable":true,"href":"https:\/\/linitiative.ca\/International\/wp-json\/wp\/v2\/comments?post=47791"}],"version-history":[{"count":0,"href":"https:\/\/linitiative.ca\/International\/wp-json\/wp\/v2\/posts\/47791\/revisions"}],"wp:attachment":[{"href":"https:\/\/linitiative.ca\/International\/wp-json\/wp\/v2\/media?parent=47791"}],"wp:term":[{"taxonomy":"category","embeddable":true,"href":"https:\/\/linitiative.ca\/International\/wp-json\/wp\/v2\/categories?post=47791"},{"taxonomy":"post_tag","embeddable":true,"href":"https:\/\/linitiative.ca\/International\/wp-json\/wp\/v2\/tags?post=47791"}],"curies":[{"name":"wp","href":"https:\/\/api.w.org\/{rel}","templated":true}]}}