{"id":47794,"date":"2019-07-22T05:05:17","date_gmt":"2019-07-22T09:05:17","guid":{"rendered":"https:\/\/linitiative.ca\/International\/pour-une-convention-du-pacte-politique\/"},"modified":"2019-07-22T05:05:17","modified_gmt":"2019-07-22T09:05:17","slug":"pour-une-convention-du-pacte-politique","status":"publish","type":"post","link":"https:\/\/linitiative.ca\/International\/pour-une-convention-du-pacte-politique\/","title":{"rendered":"Pour une convention du pacte politique"},"content":{"rendered":"<h4 class=\"title-14\">L\u2019alternative d\u00e9mocratique rend publique son initiative<\/h4>\n<div class=\"featured_image\"><img width=\"1200\" height=\"605\" data-cfsrc=\"https:\/\/www.elwatan.com\/wp-content\/uploads\/2019\/07\/UNEEEEE-5.gif\" class=\"attachment-post-thumbnail size-post-thumbnail wp-post-image c2\" alt=\"\"\/><noscript><\/p>\n<p><img loading=\"lazy\" decoding=\"async\" width=\"1200\" height=\"605\" src=\"https:\/\/www.elwatan.com\/wp-content\/uploads\/2019\/07\/UNEEEEE-5.gif\" class=\"attachment-post-thumbnail size-post-thumbnail wp-post-image\" alt=\"\"\/><\/p>\n<p><\/noscript><\/div>\n<p class=\"p1\"><span class=\"s1\">Les forces de l\u2019alternative d\u00e9mocratique appellent \u00e0 l\u2019organisation d\u2019une <em>\u00abconvention du pacte politique pour une v\u00e9ritable transition d\u00e9mocratique, qui aura lieu le 31 ao\u00fbt prochain\u00bb.\u00a0<\/em><\/span><span class=\"s1\"><em>\u00abA la diff\u00e9rence des autres initiatives, la n\u00f4tre ne proposera pas de document \u00e0 signer. Ce sont les participants qui \u00e9laboreront la feuille de route\u00bb<\/em>, affirme Zoubida Assoul (UCP).<\/span><\/p>\n<p class=\"p1\"><span class=\"s1\">Selon une d\u00e9claration, lue au d\u00e9but de la rencontre par le pr\u00e9sident de la LADDH, Noureddine Benissad, <em>\u00abaucune initiative politique de quelque nature qu\u2019elle soit et aucun dialogue ne sont viables sans la satisfaction d\u2019un certain nombre d\u2019exigences\u00bb<\/em>.<\/span><\/p>\n<p class=\"p6\"><span class=\"s1\"><strong>L<\/strong><\/span><span class=\"s1\">es Forces de l\u2019alternative d\u00e9mocratique d\u00e9voilent leur initiative pour une v\u00e9ritable transition. Les membres de ce p\u00f4le, regroupant sept partis, la LADDH et deux personnalit\u00e9s (Lakhdar Bourega\u00e2 et Djamel Zenati), appellent \u00e0 l\u2019organisation d\u2019une <em>\u00abconvention du pacte politique pour une v\u00e9ritable transition d\u00e9mocratique, qui aura lieu le 31 ao\u00fbt prochain\u00bb<\/em>.<\/span><\/p>\n<p class=\"p7\"><span class=\"s1\">La d\u00e9marche a \u00e9t\u00e9 d\u00e9voil\u00e9e, hier, lors d\u2019une conf\u00e9rence de presse anim\u00e9e par les repr\u00e9sentants de cette coalition, n\u00e9e \u00e0 la fin du mois de juin dernier : Fethi Ghares (MDS), Mohcine Belabbas (RCD), Ali Laskri (FFS), Mustapha Hadni (PLD), Zoubida Assoul (UCP), Mahmoud Rechidi (PST), Djoudi Djelloul (PT) et Noureddine Benissad (LADDH).<\/span><\/p>\n<p class=\"p7\"><span class=\"s1\">Selon eux, cette initiative, qui devrait intervenir \u00e0 la rentr\u00e9e sociale prochaine, devra f\u00e9d\u00e9rer <em>\u00abtoutes les forces patriotiques, d\u00e9mocratiques et sociales\u00bb<\/em> autour d\u2019un projet qui sera <em>\u00abune alternative \u00e0 la feuille de route que le pouvoir veut imposer \u00e0 tout prix\u00bb<\/em>.<\/span><\/p>\n<p class=\"p7\"><span class=\"s1\">Cette rencontre, estiment ses initiateurs, sera ouverte \u00e0 tous ceux qui adh\u00e8rent aux principes \u00e9nonc\u00e9s dans le pacte politique adopt\u00e9. <em>\u00abCeux qui se reconnaissent dans ce pacte sont les bienvenus. Il y aura aussi des personnes qui seront contact\u00e9es. Cette convention sera pr\u00e9c\u00e9d\u00e9e par une s\u00e9rie de rencontres pr\u00e9paratoires tout au long du mois d\u2019ao\u00fbt.<\/em><\/span><\/p>\n<p class=\"p7\"><span class=\"s1\"><em>Mais il faut souligner que le plus important sera le contenu des propositions qui seront faites \u00e0 cette occasion\u00bb<\/em>, souligne Mohcine Belabbas, pr\u00e9sident du RCD. <em>\u00abElle sera aussi ouverte aux jeunes et \u00e0 tous ceux qui partagent l\u2019id\u00e9e de la transition d\u00e9mocratique. A la diff\u00e9rence des autres initiatives, la n\u00f4tre ne proposera pas de document \u00e0 signer. Ce sont les participants qui \u00e9laboreront la feuille de route\u00bb<\/em>, encha\u00eene Zoubida Assoul, pr\u00e9sidente de l\u2019UCP.<\/span><\/p>\n<p class=\"p7\"><strong><span class=\"s1\">Des pr\u00e9alables \u00e0 satisfaire<\/span><\/strong><\/p>\n<p class=\"p8\"><span class=\"s1\">Selon une d\u00e9claration, lue au d\u00e9but de la rencontre par le pr\u00e9sident de la LADDH, Noureddine Benissad, <em>\u00abaucune initiative politique de quelque nature qu\u2019elle soit et aucun dialogue ne sont viables sans la satisfaction d\u2019un certain nombre d\u2019exigences\u00bb<\/em>. Il s\u2019agit de <em>\u00abla lib\u00e9ration des d\u00e9tenus politiques et d\u2019opinion, l\u2019ouverture des champs politique et m\u00e9diatique, l\u2019arr\u00eat imm\u00e9diat du dispositif r\u00e9pressif et de l\u2019instrumentalisation de la justice et le d\u00e9part du r\u00e9gime et de ses symboles\u00bb<\/em>.<\/span><\/p>\n<p class=\"p7\"><span class=\"s1\">Interrog\u00e9s par des journalistes sur la proposition faite par le Forum de la soci\u00e9t\u00e9 civile pour le changement, qui a rendu publique une liste de personnalit\u00e9s devant diriger le dialogue propos\u00e9, les animateurs de ce p\u00f4le se montrent dubitatifs. <em>\u00abR\u00e9sumer la crise \u00e0 une question de personnes est une tr\u00e8s grave erreur, m\u00eame si elle est importante.<\/em><\/span><\/p>\n<p class=\"p7\"><span class=\"s1\"><em>Nous devons d\u2019abord nous entendre sur le principe relatif \u00e0 la sortie de l\u2019impasse actuelle. Les noms, les m\u00e9canismes, les techniques, tout cela peut \u00eatre r\u00e9gl\u00e9 lorsque l\u2019on aura r\u00e9pondu \u00e0 la question politique centrale qui est : est-ce qu\u2019on va r\u00e9ellement vers la d\u00e9mocratie ou vers un lifting, autrement recycler le r\u00e9gime actuel d\u2019une mani\u00e8re ou d\u2019une autre\u00a0? Le peuple alg\u00e9rien veut la rupture\u00bb<\/em>, pr\u00e9cise Fethi Ghares, repr\u00e9sentant du MDS.<\/span><\/p>\n<p class=\"p7\"><span class=\"s1\">De son c\u00f4t\u00e9, le pr\u00e9sident du RCD pr\u00e9cise <em>\u00abqu\u2019il est contre le concept de personnalit\u00e9 nationale\u00bb. \u00abCe sont les id\u00e9es et les projets qui comptent\u00bb<\/em>, indique-t-il. Sur le m\u00eame sujet, Mustapha Hadni, coordinateur du PLD, affirme qu\u2019il faut d\u2019abord d\u00e9finir l\u2019objectif de ce dialogue. <em>\u00abNous ne sommes pas contre le dialogue.<\/em><\/span><\/p>\n<p class=\"p7\"><span class=\"s1\"><em>Mais c\u2019est un dialogue avec qui et pourquoi ? Il faut d\u2019abord d\u00e9finir les d\u00e9tenteurs du pouvoir r\u00e9el\u00bb,<\/em> souligne-t-il. <em>\u00abIl n\u2019y a pas de dialogue sous la contrainte\u00bb,<\/em> ajoute, de son c\u00f4t\u00e9, Ali Laskri, coordinateur de l\u2019instance pr\u00e9sidentielle du FFS. Selon lui, les personnalit\u00e9s qui auront \u00e0 mener la transition future doivent sortir d\u2019un cadre consensuel. <em>\u00abCe qui se passe aujourd\u2019hui, c\u2019est autre chose.<\/em><\/span><\/p>\n<p class=\"p7\"><span class=\"s1\"><em>On propose une liste de personnalit\u00e9s. Pour nous, il faut d\u00e9battre d\u2019abord dans le cadre d\u2019un dialogue ouvert et \u00e0 la faveur d\u2019un pacte consensuel entre les Alg\u00e9riens et entre ceux qui sont pr\u00e9sents sur la sc\u00e8ne politique, les syndicats, la soci\u00e9t\u00e9 civile, les leaders d\u2019opinion, les personnalit\u00e9s politiques, les Forces de l\u2019alternative d\u00e9mocratique, les forces du changement pour trouver des solutions \u00e0 la crise et cr\u00e9er l\u2019espoir d\u00e9mocratique. La convention nationale du 31 ao\u00fbt va nous regrouper et r\u00e9pondre aux demandes des Alg\u00e9riens\u00bb<\/em>, dit-il.<\/span><\/p>\n<p class=\"p7\"><strong><span class=\"s1\">L\u2019arm\u00e9e doit accompagner la transition<\/span><\/strong><\/p>\n<p class=\"p8\"><span class=\"s1\">Ali Laskri pr\u00e9cise aussi que le r\u00f4le de l\u2019arm\u00e9e doit se limiter \u00e0 un accompagnement de la transition d\u00e9mocratique et non pas \u00e0 imposer des feuilles de route.<\/span><\/p>\n<p class=\"p7\"><span class=\"s1\">Les repr\u00e9sentants du PT et du PST insistent, pour leur part, sur la n\u00e9cessit\u00e9 de lib\u00e9rer les d\u00e9tenus politiques et d\u2019opinion, de mettre un terme \u00e0 la machine r\u00e9pressive lanc\u00e9e contre les manifestants pacifiques. <em>\u00abLa pr\u00e9sidentielle \u00e0 br\u00e8ve \u00e9ch\u00e9ance est une mani\u00e8re de prolonger la vie du r\u00e9gime.<\/em><\/span><\/p>\n<p class=\"p7\"><span class=\"s1\"><em>On ne peut pas, en tant que forces d\u00e9mocratiques, parler de d\u00e9bat, dialogue ou de recherche de solutions \u00e0 la crise sans la lib\u00e9ration des d\u00e9tenus d\u2019opinion et les d\u00e9tenus politiques, comme Louisa Hanoune, Lakhdar Bourega\u00e2 ou les jeunes manifestants qui ont brandi l\u2019embl\u00e8me amazigh\u00bb,<\/em> lance Djelloul Djoudi, charg\u00e9 de communication du PT.<\/span><\/p>\n<p class=\"p7\"><span class=\"s1\"><em>\u00abIl faut lever toutes les entraves devant les libert\u00e9s d\u00e9mocratiques, dont la libert\u00e9 d\u2019expression, la libert\u00e9 de manifester, la libert\u00e9 de s\u2019organiser, les libert\u00e9s syndicales. Pour nous, l\u2019\u00e9lection pr\u00e9sidentielle n\u2019est pas une solution. Le probl\u00e8me ne r\u00e9side pas dans l\u2019absence d\u2019une instance de contr\u00f4le des \u00e9lections, mais dans la Constitution et dans le syst\u00e8me actuel qui doivent changer\u00bb<\/em>, soutient Mahmoud Rechidi, secr\u00e9taire g\u00e9n\u00e9ral du PST.<\/span><\/p>\n<p><span class=\"post-views-label\">Post Views:<\/span> <span class=\"post-views-count\">2\u00a0887<\/span><\/p>\n<p><br class=\"c4\"\/><\/p>\n<p>Auteur: Anis Khecheba<br \/>\n<a href=\"https:\/\/www.elwatan.com\/edition\/actualite\/pour-une-convention-du-pacte-politique-22-07-2019\">Cliquez ici pour lire l&rsquo;article depuis sa source.<\/a><\/p>\n","protected":false},"excerpt":{"rendered":"<p>L\u2019alternative d\u00e9mocratique rend publique son initiative Les forces de l\u2019alternative d\u00e9mocratique appellent \u00e0 l\u2019organisation d\u2019une \u00abconvention du pacte politique pour une v\u00e9ritable transition d\u00e9mocratique, qui aura lieu le 31 ao\u00fbt prochain\u00bb.\u00a0\u00abA la diff\u00e9rence des autres initiatives, la n\u00f4tre ne proposera pas de document \u00e0 signer. Ce sont les participants qui \u00e9laboreront la feuille de route\u00bb, [&hellip;]<\/p>\n","protected":false},"author":1743,"featured_media":47795,"comment_status":"closed","ping_status":"closed","sticky":false,"template":"","format":"standard","meta":{"fifu_image_url":"","fifu_image_alt":"","footnotes":""},"categories":[73,53],"tags":[],"class_list":["post-47794","post","type-post","status-publish","format-standard","has-post-thumbnail","hentry","category-actualite","category-algerie"],"_links":{"self":[{"href":"https:\/\/linitiative.ca\/International\/wp-json\/wp\/v2\/posts\/47794","targetHints":{"allow":["GET"]}}],"collection":[{"href":"https:\/\/linitiative.ca\/International\/wp-json\/wp\/v2\/posts"}],"about":[{"href":"https:\/\/linitiative.ca\/International\/wp-json\/wp\/v2\/types\/post"}],"author":[{"embeddable":true,"href":"https:\/\/linitiative.ca\/International\/wp-json\/wp\/v2\/users\/1743"}],"replies":[{"embeddable":true,"href":"https:\/\/linitiative.ca\/International\/wp-json\/wp\/v2\/comments?post=47794"}],"version-history":[{"count":0,"href":"https:\/\/linitiative.ca\/International\/wp-json\/wp\/v2\/posts\/47794\/revisions"}],"wp:featuredmedia":[{"embeddable":true,"href":"https:\/\/linitiative.ca\/International\/wp-json\/"}],"wp:attachment":[{"href":"https:\/\/linitiative.ca\/International\/wp-json\/wp\/v2\/media?parent=47794"}],"wp:term":[{"taxonomy":"category","embeddable":true,"href":"https:\/\/linitiative.ca\/International\/wp-json\/wp\/v2\/categories?post=47794"},{"taxonomy":"post_tag","embeddable":true,"href":"https:\/\/linitiative.ca\/International\/wp-json\/wp\/v2\/tags?post=47794"}],"curies":[{"name":"wp","href":"https:\/\/api.w.org\/{rel}","templated":true}]}}