{"id":47796,"date":"2019-07-22T07:47:03","date_gmt":"2019-07-22T11:47:03","guid":{"rendered":"https:\/\/linitiative.ca\/International\/attaques-racistes-contre-des-algeriens-a-lyon-france\/"},"modified":"2019-07-22T07:47:03","modified_gmt":"2019-07-22T11:47:03","slug":"attaques-racistes-contre-des-algeriens-a-lyon-france","status":"publish","type":"post","link":"https:\/\/linitiative.ca\/International\/attaques-racistes-contre-des-algeriens-a-lyon-france\/","title":{"rendered":"Attaques racistes contre des Alg\u00e9riens \u00e0 Lyon (France)"},"content":{"rendered":"<h4 class=\"title-14\"\/>\n<div class=\"featured_image\"><img width=\"1280\" height=\"960\" data-cfsrc=\"https:\/\/www.elwatan.com\/wp-content\/uploads\/2019\/07\/lyon.jpg\" class=\"attachment-post-thumbnail size-post-thumbnail wp-post-image c2\" alt=\"\" srcset=\"https:\/\/www.elwatan.com\/wp-content\/uploads\/2019\/07\/lyon.jpg 1280w, https:\/\/www.elwatan.com\/wp-content\/uploads\/2019\/07\/lyon-300x225.jpg 300w, https:\/\/www.elwatan.com\/wp-content\/uploads\/2019\/07\/lyon-768x576.jpg 768w, https:\/\/www.elwatan.com\/wp-content\/uploads\/2019\/07\/lyon-1024x768.jpg 1024w\" sizes=\"(max-width: 1280px) 100vw, 1280px\"\/><noscript><\/p>\n<p><img loading=\"lazy\" decoding=\"async\" width=\"1280\" height=\"960\" src=\"https:\/\/www.elwatan.com\/wp-content\/uploads\/2019\/07\/lyon.jpg\" class=\"attachment-post-thumbnail size-post-thumbnail wp-post-image\" alt=\"\" srcset=\"https:\/\/www.elwatan.com\/wp-content\/uploads\/2019\/07\/lyon.jpg 1280w, https:\/\/www.elwatan.com\/wp-content\/uploads\/2019\/07\/lyon-300x225.jpg 300w, https:\/\/www.elwatan.com\/wp-content\/uploads\/2019\/07\/lyon-768x576.jpg 768w, https:\/\/www.elwatan.com\/wp-content\/uploads\/2019\/07\/lyon-1024x768.jpg 1024w\" sizes=\"auto, (max-width: 1280px) 100vw, 1280px\"\/><\/p>\n<p><\/noscript> <span class=\"featured-image-caption\">l&rsquo;agression contre des Alg\u00e9riens film\u00e9e depuis un balcon. Photo : LyonMag<\/span><\/div>\n<p>Une trentaine d\u2019individus v\u00eatus de noir et cagoul\u00e9s se sont attaqu\u00e9s \u00e0 Lyon \u00e0 des Alg\u00e9riens qui \u00e9taient \u00e0 bord d\u2019un v\u00e9hicule en les qualifiant de \u00ab\u00a0sales bougnoules\u00a0\u00bb, ont rapport\u00e9 lundi des m\u00e9dias fran\u00e7ais.<\/p>\n<p>La sc\u00e8ne s\u2019est d\u00e9roul\u00e9e, selon Le Parisien, dans la nuit de vendredi \u00e0 samedi au cours de la liesse des supporters alg\u00e9riens f\u00eatant la cons\u00e9cration de leur \u00e9quipe nationale de football \u00e0 la coupe d\u2019Afrique des\u00a0 nations (CAN).\u00a0 Ces individus racistes ont violemment attaqu\u00e9 les Alg\u00e9riens \u00e0 coups de pied, de projectiles et de battes de base-ball.<\/p>\n<p>Selon la m\u00eame source, les victimes ont d\u00e9pos\u00e9 plainte indiquant aux enqu\u00eateurs que les assaillants ont prof\u00e9r\u00e9 des insultes racistes et bris\u00e9 une vitre du v\u00e9hicule, occasionnant de l\u00e9g\u00e8res blessures au p\u00e8re de famille. Ce dernier s\u2019est vu prescrire six jours d\u2019incapacit\u00e9 totale de travail (ITT).<\/p>\n<p>Une enqu\u00eate a \u00e9t\u00e9 ouverte par le parquet, a-t-on indiqu\u00e9.\u00a0 La c\u00e9l\u00e9bration dans les rues fran\u00e7aises par les Alg\u00e9riens de France des victoires de l\u2019\u00e9quipe nationale \u00e0 la CAN a r\u00e9veill\u00e9 les vieux d\u00e9mons de\u00a0\u00a0 l\u2019extr\u00eame droite, notamment de ses responsables, qui a aliment\u00e9, \u00e0 travers les r\u00e9seaux sociaux, le sentiment de haine envers les supporters alg\u00e9riens qui manifestaient leur joie avec des drapeaux alg\u00e9riens.<\/p>\n<p><span class=\"post-views-label\">Post Views:<\/span> <span class=\"post-views-count\">5\u00a0053<\/span><\/p>\n<p><br class=\"c4\"\/><\/p>\n<p>Auteur: Farouk Djouadi<br \/>\n<a href=\"https:\/\/www.elwatan.com\/edition\/actualite\/attaques-racistes-contre-des-algeriens-a-lyon-france-22-07-2019\">Cliquez ici pour lire l&rsquo;article depuis sa source.<\/a><\/p>\n","protected":false},"excerpt":{"rendered":"<p>l&rsquo;agression contre des Alg\u00e9riens film\u00e9e depuis un balcon. Photo : LyonMag Une trentaine d\u2019individus v\u00eatus de noir et cagoul\u00e9s se sont attaqu\u00e9s \u00e0 Lyon \u00e0 des Alg\u00e9riens qui \u00e9taient \u00e0 bord d\u2019un v\u00e9hicule en les qualifiant de \u00ab\u00a0sales bougnoules\u00a0\u00bb, ont rapport\u00e9 lundi des m\u00e9dias fran\u00e7ais. La sc\u00e8ne s\u2019est d\u00e9roul\u00e9e, selon Le Parisien, dans la nuit [&hellip;]<\/p>\n","protected":false},"author":1743,"featured_media":47797,"comment_status":"closed","ping_status":"closed","sticky":false,"template":"","format":"standard","meta":{"fifu_image_url":"","fifu_image_alt":"","footnotes":""},"categories":[73,53],"tags":[],"class_list":["post-47796","post","type-post","status-publish","format-standard","has-post-thumbnail","hentry","category-actualite","category-algerie"],"_links":{"self":[{"href":"https:\/\/linitiative.ca\/International\/wp-json\/wp\/v2\/posts\/47796","targetHints":{"allow":["GET"]}}],"collection":[{"href":"https:\/\/linitiative.ca\/International\/wp-json\/wp\/v2\/posts"}],"about":[{"href":"https:\/\/linitiative.ca\/International\/wp-json\/wp\/v2\/types\/post"}],"author":[{"embeddable":true,"href":"https:\/\/linitiative.ca\/International\/wp-json\/wp\/v2\/users\/1743"}],"replies":[{"embeddable":true,"href":"https:\/\/linitiative.ca\/International\/wp-json\/wp\/v2\/comments?post=47796"}],"version-history":[{"count":0,"href":"https:\/\/linitiative.ca\/International\/wp-json\/wp\/v2\/posts\/47796\/revisions"}],"wp:featuredmedia":[{"embeddable":true,"href":"https:\/\/linitiative.ca\/International\/wp-json\/"}],"wp:attachment":[{"href":"https:\/\/linitiative.ca\/International\/wp-json\/wp\/v2\/media?parent=47796"}],"wp:term":[{"taxonomy":"category","embeddable":true,"href":"https:\/\/linitiative.ca\/International\/wp-json\/wp\/v2\/categories?post=47796"},{"taxonomy":"post_tag","embeddable":true,"href":"https:\/\/linitiative.ca\/International\/wp-json\/wp\/v2\/tags?post=47796"}],"curies":[{"name":"wp","href":"https:\/\/api.w.org\/{rel}","templated":true}]}}