{"id":47798,"date":"2019-07-22T08:49:23","date_gmt":"2019-07-22T12:49:23","guid":{"rendered":"https:\/\/linitiative.ca\/International\/concert-evenement-soolking-a-alger-le-22-aout-2019\/"},"modified":"2019-07-22T08:49:23","modified_gmt":"2019-07-22T12:49:23","slug":"concert-evenement-soolking-a-alger-le-22-aout-2019","status":"publish","type":"post","link":"https:\/\/linitiative.ca\/International\/concert-evenement-soolking-a-alger-le-22-aout-2019\/","title":{"rendered":"Concert \u00e9v\u00e9nement : Soolking  \u00e0  Alger, le 22 ao\u00fbt 2019"},"content":{"rendered":"<h4 class=\"title-14\"\/>\n<div class=\"featured_image\"><img width=\"1116\" height=\"1108\" data-cfsrc=\"https:\/\/www.elwatan.com\/wp-content\/uploads\/2019\/07\/soolking-photo.jpg\" class=\"attachment-post-thumbnail size-post-thumbnail wp-post-image c2\" alt=\"\" srcset=\"https:\/\/www.elwatan.com\/wp-content\/uploads\/2019\/07\/soolking-photo.jpg 1116w, https:\/\/www.elwatan.com\/wp-content\/uploads\/2019\/07\/soolking-photo-150x150.jpg 150w, https:\/\/www.elwatan.com\/wp-content\/uploads\/2019\/07\/soolking-photo-300x298.jpg 300w, https:\/\/www.elwatan.com\/wp-content\/uploads\/2019\/07\/soolking-photo-768x762.jpg 768w, https:\/\/www.elwatan.com\/wp-content\/uploads\/2019\/07\/soolking-photo-1024x1017.jpg 1024w\" sizes=\"(max-width: 1116px) 100vw, 1116px\"\/><noscript><\/p>\n<p><img loading=\"lazy\" decoding=\"async\" width=\"1116\" height=\"1108\" src=\"https:\/\/www.elwatan.com\/wp-content\/uploads\/2019\/07\/soolking-photo.jpg\" class=\"attachment-post-thumbnail size-post-thumbnail wp-post-image\" alt=\"\" srcset=\"https:\/\/www.elwatan.com\/wp-content\/uploads\/2019\/07\/soolking-photo.jpg 1116w, https:\/\/www.elwatan.com\/wp-content\/uploads\/2019\/07\/soolking-photo-150x150.jpg 150w, https:\/\/www.elwatan.com\/wp-content\/uploads\/2019\/07\/soolking-photo-300x298.jpg 300w, https:\/\/www.elwatan.com\/wp-content\/uploads\/2019\/07\/soolking-photo-768x762.jpg 768w, https:\/\/www.elwatan.com\/wp-content\/uploads\/2019\/07\/soolking-photo-1024x1017.jpg 1024w\" sizes=\"auto, (max-width: 1116px) 100vw, 1116px\"\/><\/p>\n<p><\/noscript> <span class=\"featured-image-caption\">Soolking donnera un concert \u00e9v\u00e9nement au stade du 20 ao\u00fbt \u00e0 Alger.<\/span><\/div>\n<p>Bonne nouvelle pour les fans\u00a0 du c\u00e9l\u00e8bre rappeur alg\u00e9rien, Soolking.<\/p>\n<p>Il a annonc\u00e9, lundi, \u00a0dans une vid\u00e9o \u00a0et \u00a0un post sur son compte facebook,\u00a0 son retour, \u00a0sc\u00e9nique,\u00a0 en Alg\u00e9rie \u00a0en donnant un concert \u00e9v\u00e9nement \u00a0au stade du 20 ao\u00fbt \u00e0 Belouizad, \u00e0 Alger\u00a0: \u00a0\u00ab\u00a0<em>Salam la famille. J\u2019esp\u00e8re que vous \u00eates tous bien. Je fais cette petite vid\u00e9o \u00a0pour vous annoncer \u2026C\u2019est un truc de \u00ab\u00a0ouf\u00a0\u00bb (fou)\u2026 Pour vous annoncer mon retour en Alg\u00e9rie, dans mon pays , chez-moi pour; une grosse date de concert au stade du 20 ao\u00fbt( \u00e0 Alger). Et \u00e7a sera inch\u2019allah le 22 ao\u00fbt ( 2019), cet \u00e9t\u00e9, \u00e0 \u00a0Belouizdad, la famille\u00a0! Voil\u00e0, je tr\u00e8s, tr\u00e8s\u00a0 content. Qu\u2019est-ce que je voulais dire. \u00a0Je vais mettre \u00e0 votre disposition les adresses des points de vente des tickets \u00a0qui seront disponibles la premi\u00e8re semaine du mois d\u2019ao\u00fbt. \u00a0D\u2019ici l\u00e0, mes fr\u00e8res, portez-vous bien. Je vous ai pr\u00e9par\u00e9 des surprises\u2026\u00a0! Ne vous cassez pas la t\u00eate, mes fr\u00e8res. \u00a0Vous ne m\u2019avez pas attendu pour rien, la famille. Je vous fais de gros bisous. A tout mon public\u00a0 qui m\u2019attend. Portez-vous\u00a0 bien, salam\u00a0!<\/em>\u00a0\u00bb.<\/p>\n<p>Soolking , auteur de hits comme <em>Paroles, Guerilla<\/em>, et une star sur Youtube avec <em>La Libert\u00e9<\/em> \u00a0ayant \u00a0enregistr\u00e9 \u00a0hier \u00a0\u00a0apr\u00e8s-midi\u00a0 127\u00a0103 998\u00a0vues. <a href=\"https:\/\/www.elwatan.com\/edition\/culture\/564294-17-03-2019\"><em>La Libert\u00e9<\/em><\/a> est un hymne du Hirak, le soul\u00e8vement populaire alg\u00e9rien du 22 f\u00e9vrier 2019 \u00a0pour la dignit\u00e9 et la libert\u00e9 et contre le pouvoir \u00a0en place \u00a0en d\u00e9non\u00e7ant les diff\u00e9rents mandats pr\u00e9sidentiels g\u00e9rontologiques, jurant avec une jeunesse qui n\u2019est pas dupe\u00a0: \u00ab\u00a0 <em>Il para\u00eet que le pouvoir s\u2019ach\u00e8te\/ libert\u00e9, c\u2019est tout ce qui nous reste\/ si le sc\u00e9nario se r\u00e9p\u00e8te\/ On sera acteurs de la terre\/ si faux, vos discours sont si faux\/ oui, si faux, qu\u2019on a fini par s\u2019y faire\/ Mais c\u2019est fini\/ le verre est plein\/ en-bas, ils crient\/entends-tu leur voix\/la voix de ces familles, pleine de chagrin<\/em><em>\u2026<\/em><em>\u00a0<\/em>\u00bb.<\/p>\n<p><strong>Tickets mis en vente la premi\u00e8re semaine d\u2019ao\u00fbt dans les points de vente suivant :<\/strong><\/p>\n<p>Alger : Direction g\u00e9n\u00e9rale de l\u2019Onda 121, rue Didouche Mourad .<\/p>\n<p>Tizi-ouzou : Agence Onda 166 logts bt D Eplf .<\/p>\n<p>Oran : Direction r\u00e9gionale Onda 34, Cherif ali Cherif (ex Cavignac).<\/p>\n<p>Tlemcen : Agence Onda cit\u00e9 1060 logts, Imama.<\/p>\n<p>Mostaganem : Agence Onda cit\u00e9 5 juillet 1962, bloc 52,num\u00e9ro 3.<\/p>\n<p>Constantine : Direction r\u00e9gionale cit\u00e9 5 juillet 1962.<\/p>\n<p>Annaba : Agence Onda 1, rue Laamara Abdelkader.<\/p>\n<p>Bejaia : Agence Onda cit\u00e9 1090 logts Sidi Ahmed bt E2 num\u00e9ro 31.<\/p>\n<p>Setif : Agence Onda cit\u00e9 logts pr\u00e9fabriqu\u00e9s 150D Belle Air.<\/p>\n<p>Batna : Agence Onda cit\u00e9 Amirouche ( 26 logts), bloc 08 num\u00e9ro 17.<\/p>\n<p><span class=\"post-views-label\">Post Views:<\/span> <span class=\"post-views-count\">1\u00a0686<\/span><\/p>\n<p><br class=\"c4\"\/><\/p>\n<p>Auteur: Farouk Djouadi<br \/>\n<a href=\"https:\/\/www.elwatan.com\/edition\/culture\/concert-evenement-soolking-a-alger-le-20-aout-2019-22-07-2019\">Cliquez ici pour lire l&rsquo;article depuis sa source.<\/a><\/p>\n","protected":false},"excerpt":{"rendered":"<p>Soolking donnera un concert \u00e9v\u00e9nement au stade du 20 ao\u00fbt \u00e0 Alger. Bonne nouvelle pour les fans\u00a0 du c\u00e9l\u00e8bre rappeur alg\u00e9rien, Soolking. Il a annonc\u00e9, lundi, \u00a0dans une vid\u00e9o \u00a0et \u00a0un post sur son compte facebook,\u00a0 son retour, \u00a0sc\u00e9nique,\u00a0 en Alg\u00e9rie \u00a0en donnant un concert \u00e9v\u00e9nement \u00a0au stade du 20 ao\u00fbt \u00e0 Belouizad, \u00e0 Alger\u00a0: [&hellip;]<\/p>\n","protected":false},"author":1743,"featured_media":47799,"comment_status":"closed","ping_status":"closed","sticky":false,"template":"","format":"standard","meta":{"fifu_image_url":"","fifu_image_alt":"","footnotes":""},"categories":[73,53],"tags":[],"class_list":["post-47798","post","type-post","status-publish","format-standard","has-post-thumbnail","hentry","category-actualite","category-algerie"],"_links":{"self":[{"href":"https:\/\/linitiative.ca\/International\/wp-json\/wp\/v2\/posts\/47798","targetHints":{"allow":["GET"]}}],"collection":[{"href":"https:\/\/linitiative.ca\/International\/wp-json\/wp\/v2\/posts"}],"about":[{"href":"https:\/\/linitiative.ca\/International\/wp-json\/wp\/v2\/types\/post"}],"author":[{"embeddable":true,"href":"https:\/\/linitiative.ca\/International\/wp-json\/wp\/v2\/users\/1743"}],"replies":[{"embeddable":true,"href":"https:\/\/linitiative.ca\/International\/wp-json\/wp\/v2\/comments?post=47798"}],"version-history":[{"count":0,"href":"https:\/\/linitiative.ca\/International\/wp-json\/wp\/v2\/posts\/47798\/revisions"}],"wp:featuredmedia":[{"embeddable":true,"href":"https:\/\/linitiative.ca\/International\/wp-json\/"}],"wp:attachment":[{"href":"https:\/\/linitiative.ca\/International\/wp-json\/wp\/v2\/media?parent=47798"}],"wp:term":[{"taxonomy":"category","embeddable":true,"href":"https:\/\/linitiative.ca\/International\/wp-json\/wp\/v2\/categories?post=47798"},{"taxonomy":"post_tag","embeddable":true,"href":"https:\/\/linitiative.ca\/International\/wp-json\/wp\/v2\/tags?post=47798"}],"curies":[{"name":"wp","href":"https:\/\/api.w.org\/{rel}","templated":true}]}}