{"id":47808,"date":"2019-07-22T08:44:00","date_gmt":"2019-07-22T12:44:00","guid":{"rendered":"https:\/\/linitiative.ca\/International\/le-president-beji-caid-essebsi-recoit-le-ministre-de-la-defense-examen-de-la-situation-securitaire-dans-le-pays-video\/"},"modified":"2019-07-22T08:44:00","modified_gmt":"2019-07-22T12:44:00","slug":"le-president-beji-caid-essebsi-recoit-le-ministre-de-la-defense-examen-de-la-situation-securitaire-dans-le-pays-video","status":"publish","type":"post","link":"https:\/\/linitiative.ca\/International\/le-president-beji-caid-essebsi-recoit-le-ministre-de-la-defense-examen-de-la-situation-securitaire-dans-le-pays-video\/","title":{"rendered":"Le pr\u00e9sident Beji Ca\u00efd Essebsi re\u00e7oit le ministre de la D\u00e9fense : examen de la situation s\u00e9curitaire dans le pays (Vid\u00e9o)"},"content":{"rendered":"<p>Pour sa premi\u00e8re apparition publique depuis le 5 juillet, \u00e0 l&rsquo;occasion de sa signature du d\u00e9cret portant convocation du corps \u00e9lectoral pour les \u00e9lections l\u00e9gislatives et pr\u00e9sidentielles, le pr\u00e9sident de la R\u00e9publique B\u00e9ji Ca\u00efd Essebsi a re\u00e7u ce lundi 22 juillet le ministre de la D\u00e9fense nationale, Abdelkrim\u00a0 Zbidi. L\u2019entretien a port\u00e9 sur la situation s\u00e9curitaire dans le pays et notamment sur nos fronti\u00e8res et le haut niveau de pr\u00e9paration de nos forces arm\u00e9es\u00a0 gr\u00e2ce \u00e0 la coordination qui existe entre les institutions militaires et s\u00e9curitaire. La recontre a \u00e9t\u00e9 \u00e9galement une occasion pour le ministre d&rsquo;\u00e9voquer les activit\u00e9s\u00a0 qu\u2019il a pr\u00e9sid\u00e9es\u00a0 \u00e0 l\u2019occasion\u00a0 du 63e anniversaire de la cr\u00e9ation de l&rsquo;arm\u00e9e<\/p>\n<p class=\"c2\"><iframe loading=\"lazy\" src=\"https:\/\/www.youtube.com\/embed\/ZAD1PQmKrds\" allow=\"accelerometer; autoplay; encrypted-media; gyroscope; picture-in-picture\" allowfullscreen=\"\" width=\"560\" height=\"315\" frameborder=\"0\">[embedded content]<\/iframe><\/p>\n<p>Auteur:<br \/>\n<a href=\"https:\/\/www.leaders.com.tn\/article\/27553-le-president-beji-caid-essebsi-recoit-le-ministre-de-la-defense-examen-de-la-situation-securitaire-dans-le-pays-video\">Cliquez ici pour lire l&rsquo;article depuis sa source.<\/a><\/p>\n","protected":false},"excerpt":{"rendered":"<p>Pour sa premi\u00e8re apparition publique depuis le 5 juillet, \u00e0 l&rsquo;occasion de sa signature du d\u00e9cret portant convocation du corps \u00e9lectoral pour les \u00e9lections l\u00e9gislatives et pr\u00e9sidentielles, le pr\u00e9sident de la R\u00e9publique B\u00e9ji Ca\u00efd Essebsi a re\u00e7u ce lundi 22 juillet le ministre de la D\u00e9fense nationale, Abdelkrim\u00a0 Zbidi. L\u2019entretien a port\u00e9 sur la situation [&hellip;]<\/p>\n","protected":false},"author":1772,"featured_media":0,"comment_status":"closed","ping_status":"closed","sticky":false,"template":"","format":"standard","meta":{"fifu_image_url":"","fifu_image_alt":"","footnotes":""},"categories":[73,55],"tags":[],"class_list":["post-47808","post","type-post","status-publish","format-standard","hentry","category-actualite","category-tunisie"],"_links":{"self":[{"href":"https:\/\/linitiative.ca\/International\/wp-json\/wp\/v2\/posts\/47808","targetHints":{"allow":["GET"]}}],"collection":[{"href":"https:\/\/linitiative.ca\/International\/wp-json\/wp\/v2\/posts"}],"about":[{"href":"https:\/\/linitiative.ca\/International\/wp-json\/wp\/v2\/types\/post"}],"author":[{"embeddable":true,"href":"https:\/\/linitiative.ca\/International\/wp-json\/wp\/v2\/users\/1772"}],"replies":[{"embeddable":true,"href":"https:\/\/linitiative.ca\/International\/wp-json\/wp\/v2\/comments?post=47808"}],"version-history":[{"count":0,"href":"https:\/\/linitiative.ca\/International\/wp-json\/wp\/v2\/posts\/47808\/revisions"}],"wp:attachment":[{"href":"https:\/\/linitiative.ca\/International\/wp-json\/wp\/v2\/media?parent=47808"}],"wp:term":[{"taxonomy":"category","embeddable":true,"href":"https:\/\/linitiative.ca\/International\/wp-json\/wp\/v2\/categories?post=47808"},{"taxonomy":"post_tag","embeddable":true,"href":"https:\/\/linitiative.ca\/International\/wp-json\/wp\/v2\/tags?post=47808"}],"curies":[{"name":"wp","href":"https:\/\/api.w.org\/{rel}","templated":true}]}}