{"id":47809,"date":"2019-07-22T09:28:00","date_gmt":"2019-07-22T13:28:00","guid":{"rendered":"https:\/\/linitiative.ca\/International\/caid-essebsi-recevant-le-ministre-de-la-defense-zbidi-reprend-sa-com-et-multiplie-les-messages-acte1\/"},"modified":"2019-07-22T09:28:00","modified_gmt":"2019-07-22T13:28:00","slug":"caid-essebsi-recevant-le-ministre-de-la-defense-zbidi-reprend-sa-com-et-multiplie-les-messages-acte1","status":"publish","type":"post","link":"https:\/\/linitiative.ca\/International\/caid-essebsi-recevant-le-ministre-de-la-defense-zbidi-reprend-sa-com-et-multiplie-les-messages-acte1\/","title":{"rendered":"Ca\u00efd Essebsi, recevant le ministre de la D\u00e9fense, Zbidi, reprend sa com et multiplie les messages (Acte1)"},"content":{"rendered":"<p>Pr\u00e9parez-vous : d\u00e9sormais \u00e0 chaque instant, il se passe quelque chose au palais de Carthage. Mais aussi, rassurez-vous, la situation s\u00e9curitaire est sous contr\u00f4le\u00a0\u00bb, comme le confirmera le ministre de la D\u00e9fense nationale, re\u00e7u ce lundi matin par le pr\u00e9sident B\u00e9ji Ca\u00efd Essebsi. Unique haut responsable tunisien \u00e0 s\u2019\u00eatre jusque-l\u00e0 entretenu avec le chef de l\u2019Etat depuis son malaise du 27 juin dernier, le ministre Zbidi lui rend directement compte, ainsi que son coll\u00e8gue des Affaires \u00e9trang\u00e8res, Khemaies Jhinaoui, selon la constitution. A plus d\u2019un \u00e9gard, l\u2019audience de ce lundi, confirmant une reprise d\u2019activit\u00e9s, en premi\u00e8re apparition publique depuis deux semaines est bien significative, quant \u00e0 l\u2019importance des questions s\u00e9curitaire et un message quant aux autres questions politiques. Connu pour sa franchise totale, et son sens de l\u2019Etat, le ministre Zbidi est consid\u00e9r\u00e9 comme l\u2019un des fid\u00e8les parmi les fid\u00e8les de Ca\u00efd Essebsi, mais aussi un vaillant gardien de l\u2019engagement r\u00e9publicain de l\u2019arm\u00e9e, garante de la constitution.<\/p>\n<p>En ma\u00eetre des horloges, le pr\u00e9sident B\u00e9ji Ca\u00efd Essebsi semble avoir opt\u00e9 pour une communication en goutte-\u00e0-goutte, par des story telling successives jusqu\u2019\u00e0 une grande adresse \u00e0 la nation. Deux semaines apr\u00e8s sa premi\u00e8re apparition publique, le 5 juillet 2019 apr\u00e8s son r\u00e9tablissement progressif suite au malaise subi le 27 juin, le chef de l\u2019Etat est de nouveau en action. La s\u00e9quence vid\u00e9o et les photos de cette audience viennent couper court \u00e0 de folles rumeurs qui ont embras\u00e9 la toile tout au long du weekend, quant \u00e0 l\u2019\u00e9tat de sant\u00e9 du pr\u00e9sident de la R\u00e9publique.<\/p>\n<p>Dans une d\u00e9claration de presse \u00e0 l\u2019issue de l\u2019entretien, le ministre Zbidi a \u00e9t\u00e9 rassurant\u00a0: politiquement, militairement, s\u00e9curitairement. Comme s\u2019il s\u2019agissait d\u2019une habituelle audience pr\u00e9sidentielle apr\u00e8s la parenth\u00e8se du malaise\u00a0: le pr\u00e9sident de la R\u00e9publique, chef supr\u00eame des arm\u00e9es est aux commandes.\u00a0 D\u00e9fense \u2013 s\u00e9curit\u00e9\u00a0:\u00ab\u00a0La situation s\u00e9curitaire est sous contr\u00f4le\u00a0\u00bb a-t-il affirm\u00e9. \u00ab\u00a0L\u2019entretien a, indiqu\u00e9 le ministre, permis de passer en revue la situation s\u00e9curitaire dans le pays, notamment sur les fronti\u00e8res et le haut degr\u00e9 d\u2019engagement des forces arm\u00e9es, en coordination continue entre les institutions militaire et s\u00e9curitaire. Au cours de cet entretien a ajout\u00e9 le ministre de la D\u00e9fense rendu compte des activit\u00e9s qui ont \u00e9t\u00e9 entreprises \u00e0 l&rsquo;occasion du 63e anniversaire de la constitution de l&rsquo;arm\u00e9e nationale.\u00a0\u00bb<\/p>\n<p>Juste pour m\u00e9moire, le pr\u00e9sident Ca\u00efd Essebsi devait pr\u00e9sider mercredi 26 juin la c\u00e9r\u00e9monie de c\u00e9l\u00e9bration du 63\u00e8me anniversaire de l\u2019Arm\u00e9e, marqu\u00e9e notamment par la proclamation des promotions d\u00e9cid\u00e9es et la remise des nouveaux insignes. Annul\u00e9e, cette c\u00e9r\u00e9monie devait \u00eatre report\u00e9e d\u2019une semaine. Le pr\u00e9sident Ca\u00efd Essebsi ne l\u2019a pas oubli\u00e9, d\u2019o\u00f9 son suivi attentif de la c\u00e9l\u00e9bration de cet anniversaire.<\/p>\n<h2>Le ministre Zbidi s&rsquo;entretient avec le pr\u00e9sident de l&rsquo;ARP<\/h2>\n<p>A l&rsquo;issue de cette entrevue, le ministre Zbidi s&rsquo;est d\u00e9plac\u00e9 au Bardo o\u00f9 il a eu entretien avec le pr\u00e9sident de l&rsquo;ARP Mohamed Ennaceur.\u00a0 Rien n&rsquo;a filtr\u00e9 de cette rencontre.<\/p>\n<p><img decoding=\"async\" src=\"\/uploads\/FCK_files\/Zebidi-Ennaceur.jpg\" width=\"100%\" vspace=\"5\" hspace=\"5\" align=\"middle\" alt=\"\"\/><\/p>\n<p><strong>Lire aussi<\/strong><\/p>\n<p><a href=\"https:\/\/www.leaders.com.tn\/article\/27553-le-president-beji-caid-essebsi-recoit-le-ministre-de-la-defense-examen-de-la-situation-securitaire-dans-le-pays-video\" target=\"_blank\" rel=\"noopener noreferrer\">Le pr\u00e9sident Beji Ca\u00efd Essebsi re\u00e7oit le ministre de la D\u00e9fense : examen de la situation s\u00e9curitaire dans le pays (Vid\u00e9o)<\/a><\/p>\n<p>Auteur:<br \/>\n<a href=\"https:\/\/www.leaders.com.tn\/article\/27554-caid-essebsi-recevant-le-ministre-de-la-defense-zbidi-reprend-sa-com-et-multiplie-les-messages-acte-1\">Cliquez ici pour lire l&rsquo;article depuis sa source.<\/a><\/p>\n","protected":false},"excerpt":{"rendered":"<p>Pr\u00e9parez-vous : d\u00e9sormais \u00e0 chaque instant, il se passe quelque chose au palais de Carthage. Mais aussi, rassurez-vous, la situation s\u00e9curitaire est sous contr\u00f4le\u00a0\u00bb, comme le confirmera le ministre de la D\u00e9fense nationale, re\u00e7u ce lundi matin par le pr\u00e9sident B\u00e9ji Ca\u00efd Essebsi. Unique haut responsable tunisien \u00e0 s\u2019\u00eatre jusque-l\u00e0 entretenu avec le chef de [&hellip;]<\/p>\n","protected":false},"author":1772,"featured_media":47810,"comment_status":"closed","ping_status":"closed","sticky":false,"template":"","format":"standard","meta":{"fifu_image_url":"","fifu_image_alt":"","footnotes":""},"categories":[73,55],"tags":[],"class_list":["post-47809","post","type-post","status-publish","format-standard","has-post-thumbnail","hentry","category-actualite","category-tunisie"],"_links":{"self":[{"href":"https:\/\/linitiative.ca\/International\/wp-json\/wp\/v2\/posts\/47809","targetHints":{"allow":["GET"]}}],"collection":[{"href":"https:\/\/linitiative.ca\/International\/wp-json\/wp\/v2\/posts"}],"about":[{"href":"https:\/\/linitiative.ca\/International\/wp-json\/wp\/v2\/types\/post"}],"author":[{"embeddable":true,"href":"https:\/\/linitiative.ca\/International\/wp-json\/wp\/v2\/users\/1772"}],"replies":[{"embeddable":true,"href":"https:\/\/linitiative.ca\/International\/wp-json\/wp\/v2\/comments?post=47809"}],"version-history":[{"count":0,"href":"https:\/\/linitiative.ca\/International\/wp-json\/wp\/v2\/posts\/47809\/revisions"}],"wp:featuredmedia":[{"embeddable":true,"href":"https:\/\/linitiative.ca\/International\/wp-json\/"}],"wp:attachment":[{"href":"https:\/\/linitiative.ca\/International\/wp-json\/wp\/v2\/media?parent=47809"}],"wp:term":[{"taxonomy":"category","embeddable":true,"href":"https:\/\/linitiative.ca\/International\/wp-json\/wp\/v2\/categories?post=47809"},{"taxonomy":"post_tag","embeddable":true,"href":"https:\/\/linitiative.ca\/International\/wp-json\/wp\/v2\/tags?post=47809"}],"curies":[{"name":"wp","href":"https:\/\/api.w.org\/{rel}","templated":true}]}}