{"id":47811,"date":"2019-07-22T09:46:00","date_gmt":"2019-07-22T13:46:00","guid":{"rendered":"https:\/\/linitiative.ca\/International\/officiel-ghannouchi-tete-de-liste-dennahdha-dans-la-circonscription-de-tunis-i-aux-elections-legislatives\/"},"modified":"2019-07-22T09:46:00","modified_gmt":"2019-07-22T13:46:00","slug":"officiel-ghannouchi-tete-de-liste-dennahdha-dans-la-circonscription-de-tunis-i-aux-elections-legislatives","status":"publish","type":"post","link":"https:\/\/linitiative.ca\/International\/officiel-ghannouchi-tete-de-liste-dennahdha-dans-la-circonscription-de-tunis-i-aux-elections-legislatives\/","title":{"rendered":"Officiel : Ghannouchi  t\u00eate de liste d&rsquo;Ennahdha dans la circonscription de Tunis I aux \u00e9lections l\u00e9gislatives"},"content":{"rendered":"<p class=\"MsoNormal\">Rached Ghannouchi a \u00e9t\u00e9 d\u00e9sign\u00e9 ce lundi<span class=\"c2\">\u00a0<\/span> par le Bureau ex\u00e9cutif du Mouvement Ennahdha<span class=\"c2\">\u00a0<\/span> t\u00eate de liste du parti pour la circonscription \u00e9lectorale de Tunis 1 aux prochaines \u00e9lections l\u00e9gislatives pr\u00e9vues le 6 octobre prochain. <span class=\"c2\">\u00a0<\/span><\/p>\n<p class=\"MsoNormal\">Dans une d\u00e9claration \u00e0 Mosa\u00efquefm, le dirigeant d\u2019Ennahdha Mohamed Ben Salem a r\u00e9v\u00e9l\u00e9 que 78 membres du Conseil de la Choura ont sign\u00e9 une p\u00e9tition r\u00e9clamant la tenue d\u2019une session extraordinaire de cette instance pour d\u00e9battre des d\u00e9passements du bureau ex\u00e9cutif relatifs \u00e0 la modification des candidats inscrits sur les listes \u00e9lectorales. Il a ajout\u00e9 que l&rsquo;objectif \u00e9tait d&rsquo;\u00e9carter les les esprits libres au sein d&rsquo;Ennahdha.<\/p>\n<p>Auteur:<br \/>\n<a href=\"https:\/\/www.leaders.com.tn\/article\/27555-officiel-ghannouchi-tete-de-liste-d-ennahdha-dans-la-circonscription-de-tunis-i-aux-elections-legislatives\">Cliquez ici pour lire l&rsquo;article depuis sa source.<\/a><\/p>\n","protected":false},"excerpt":{"rendered":"<p>Rached Ghannouchi a \u00e9t\u00e9 d\u00e9sign\u00e9 ce lundi\u00a0 par le Bureau ex\u00e9cutif du Mouvement Ennahdha\u00a0 t\u00eate de liste du parti pour la circonscription \u00e9lectorale de Tunis 1 aux prochaines \u00e9lections l\u00e9gislatives pr\u00e9vues le 6 octobre prochain. \u00a0 Dans une d\u00e9claration \u00e0 Mosa\u00efquefm, le dirigeant d\u2019Ennahdha Mohamed Ben Salem a r\u00e9v\u00e9l\u00e9 que 78 membres du Conseil de [&hellip;]<\/p>\n","protected":false},"author":1772,"featured_media":0,"comment_status":"closed","ping_status":"closed","sticky":false,"template":"","format":"standard","meta":{"fifu_image_url":"","fifu_image_alt":"","footnotes":""},"categories":[73,55],"tags":[],"class_list":["post-47811","post","type-post","status-publish","format-standard","hentry","category-actualite","category-tunisie"],"_links":{"self":[{"href":"https:\/\/linitiative.ca\/International\/wp-json\/wp\/v2\/posts\/47811","targetHints":{"allow":["GET"]}}],"collection":[{"href":"https:\/\/linitiative.ca\/International\/wp-json\/wp\/v2\/posts"}],"about":[{"href":"https:\/\/linitiative.ca\/International\/wp-json\/wp\/v2\/types\/post"}],"author":[{"embeddable":true,"href":"https:\/\/linitiative.ca\/International\/wp-json\/wp\/v2\/users\/1772"}],"replies":[{"embeddable":true,"href":"https:\/\/linitiative.ca\/International\/wp-json\/wp\/v2\/comments?post=47811"}],"version-history":[{"count":0,"href":"https:\/\/linitiative.ca\/International\/wp-json\/wp\/v2\/posts\/47811\/revisions"}],"wp:attachment":[{"href":"https:\/\/linitiative.ca\/International\/wp-json\/wp\/v2\/media?parent=47811"}],"wp:term":[{"taxonomy":"category","embeddable":true,"href":"https:\/\/linitiative.ca\/International\/wp-json\/wp\/v2\/categories?post=47811"},{"taxonomy":"post_tag","embeddable":true,"href":"https:\/\/linitiative.ca\/International\/wp-json\/wp\/v2\/tags?post=47811"}],"curies":[{"name":"wp","href":"https:\/\/api.w.org\/{rel}","templated":true}]}}