{"id":47812,"date":"2019-07-22T06:00:00","date_gmt":"2019-07-22T10:00:00","guid":{"rendered":"https:\/\/linitiative.ca\/International\/une-tombe-romaine-decouverte-a-ain-el-hamra-dans-la-commune-de-ferdjioua\/"},"modified":"2019-07-22T06:00:00","modified_gmt":"2019-07-22T10:00:00","slug":"une-tombe-romaine-decouverte-a-ain-el-hamra-dans-la-commune-de-ferdjioua","status":"publish","type":"post","link":"https:\/\/linitiative.ca\/International\/une-tombe-romaine-decouverte-a-ain-el-hamra-dans-la-commune-de-ferdjioua\/","title":{"rendered":"Une tombe romaine d\u00e9couverte \u00e0 A\u00efn El-Hamra dans la commune de  Ferdjioua"},"content":{"rendered":"<p>Une tombe datant de l\u2019\u00e9poque romaine a \u00e9t\u00e9 d\u00e9couverte au cours de cette semaine dans la r\u00e9gion de A\u00efn El -Hamra dans la commune de Ferdjioua (Mila) lors de l\u2019ex\u00e9cution des travaux d&rsquo;un chantier d&rsquo;adduction d&rsquo;eau potable par l\u2019Alg\u00e9rienne des eaux (ADE), a indiqu\u00e9, mercredi dernier, le responsable du service patrimoine culturel de la Direction de la culture, Lazghed Chiabaa.<br \/>L\u2019expertise arch\u00e9ologique men\u00e9e par les services du secteur de la culture, \u00e0 la demande de la brigade territoriale de la Gendarmerie nationale de\u00a0 Ferdjioua, a r\u00e9v\u00e9l\u00e9, a-t-il expliqu\u00e9, que la tombe d\u00e9couverte lors des\u00a0 travaux de creusement dans la r\u00e9gion de A\u00efn El-Hamra remonte \u00e0 la p\u00e9riode romaine, soulignant que \u00abcelle-ci a \u00e9t\u00e9 l\u00e9g\u00e8rement endommag\u00e9e par les coups de la pelleteuse\u00bb.\u00a0<br \/>Lazghed Chiabaa a affirm\u00e9 que toutes les mesures n\u00e9cessaires ont \u00e9t\u00e9 prises pour prot\u00e9ger cette tombe, \u00e0 commencer par l\u2019\u00e9laboration d\u2019un\u00a0 nouveau trac\u00e9 pour la conduite d\u2019adduction et l\u2019implication des services de la culture dans les futurs travaux de creusement de l\u2019ADE pour prot\u00e9ger les\u00a0 \u00e9ventuels autres objets arch\u00e9ologiques qui restent \u00e0 d\u00e9couvrir sur ce site.\u00a0<br \/>Cette d\u00e9couverte arch\u00e9ologique a \u00e9t\u00e9 transf\u00e9r\u00e9e au si\u00e8ge de la Direction\u00a0 de la culture, o\u00f9 une \u00e9quipe de sp\u00e9cialistes aura le soin de la remettre en\u00a0 \u00e9tat, a-t-on fait savoir.<\/p>\n<p>Auteur:<br \/>\n<a href=\"https:\/\/www.lesoirdalgerie.com\/culture\/une-tombe-romaine-decouverte-a-ain-el-hamra-dans-la-commune-de-ferdjioua-27393\">Cliquez ici pour lire l&rsquo;article depuis sa source.<\/a><\/p>\n","protected":false},"excerpt":{"rendered":"<p>Une tombe datant de l\u2019\u00e9poque romaine a \u00e9t\u00e9 d\u00e9couverte au cours de cette semaine dans la r\u00e9gion de A\u00efn El -Hamra dans la commune de Ferdjioua (Mila) lors de l\u2019ex\u00e9cution des travaux d&rsquo;un chantier d&rsquo;adduction d&rsquo;eau potable par l\u2019Alg\u00e9rienne des eaux (ADE), a indiqu\u00e9, mercredi dernier, le responsable du service patrimoine culturel de la Direction [&hellip;]<\/p>\n","protected":false},"author":1741,"featured_media":0,"comment_status":"closed","ping_status":"closed","sticky":false,"template":"","format":"standard","meta":{"fifu_image_url":"","fifu_image_alt":"","footnotes":""},"categories":[73,53],"tags":[],"class_list":["post-47812","post","type-post","status-publish","format-standard","hentry","category-actualite","category-algerie"],"_links":{"self":[{"href":"https:\/\/linitiative.ca\/International\/wp-json\/wp\/v2\/posts\/47812","targetHints":{"allow":["GET"]}}],"collection":[{"href":"https:\/\/linitiative.ca\/International\/wp-json\/wp\/v2\/posts"}],"about":[{"href":"https:\/\/linitiative.ca\/International\/wp-json\/wp\/v2\/types\/post"}],"author":[{"embeddable":true,"href":"https:\/\/linitiative.ca\/International\/wp-json\/wp\/v2\/users\/1741"}],"replies":[{"embeddable":true,"href":"https:\/\/linitiative.ca\/International\/wp-json\/wp\/v2\/comments?post=47812"}],"version-history":[{"count":0,"href":"https:\/\/linitiative.ca\/International\/wp-json\/wp\/v2\/posts\/47812\/revisions"}],"wp:attachment":[{"href":"https:\/\/linitiative.ca\/International\/wp-json\/wp\/v2\/media?parent=47812"}],"wp:term":[{"taxonomy":"category","embeddable":true,"href":"https:\/\/linitiative.ca\/International\/wp-json\/wp\/v2\/categories?post=47812"},{"taxonomy":"post_tag","embeddable":true,"href":"https:\/\/linitiative.ca\/International\/wp-json\/wp\/v2\/tags?post=47812"}],"curies":[{"name":"wp","href":"https:\/\/api.w.org\/{rel}","templated":true}]}}