{"id":47816,"date":"2019-07-22T09:34:14","date_gmt":"2019-07-22T13:34:14","guid":{"rendered":"https:\/\/linitiative.ca\/International\/can-2019-top-5-des-plus-beaux-buts-de-la-competition-en-video\/"},"modified":"2019-07-22T09:34:14","modified_gmt":"2019-07-22T13:34:14","slug":"can-2019-top-5-des-plus-beaux-buts-de-la-competition-en-video","status":"publish","type":"post","link":"https:\/\/linitiative.ca\/International\/can-2019-top-5-des-plus-beaux-buts-de-la-competition-en-video\/","title":{"rendered":"CAN 2019 : Top 5 des plus beaux buts de la comp\u00e9tition en vid\u00e9o"},"content":{"rendered":"<p><strong>La Conf\u00e9d\u00e9ration africaine de football (CAF) a d\u00e9voil\u00e9, dimanche soir, le Top 5 des meilleurs buts de la Coupe d\u2019Afrique des Nations 2019 et a estim\u00e9 que deux buts de l\u2019\u00e9quipe alg\u00e9rienne \u00e9taient parmi les meilleurs du tournoi.<\/strong><\/p>\n<div class=\"c10\"\/>\n<p>La \u00ab\u00a0CAF\u00a0\u00bb a publi\u00e9 via son compte officiel sur Twitter une vid\u00e9o des cinq buts choisis par le Comit\u00e9 technique de la Conf\u00e9d\u00e9ration comme les meilleurs r\u00e9alisations marqu\u00e9s par les stars des \u00e9quipes du championnat.<\/p>\n<p>Le classement \u00e9tait comme suite\u00a0: le but de l\u2019Alg\u00e9rien Youssef Al-Balaili \u00e0 la cinqui\u00e8me place, suivi de celui du Malgache Amada contre la R\u00e9publique d\u00e9mocratique du Congo \u00e0 la quatri\u00e8me place, le but du S\u00e9n\u00e9galais Idrissa Jay \u00e0 la troisi\u00e8me place contre le B\u00e9nin, suivi du but de l\u2019Ivoirien Kudjia contre l\u2019Alg\u00e9rie \u00e0 la deuxi\u00e8me place. Alors qu\u2019en premi\u00e8re place le but de l\u2019Alg\u00e9rien Riyad Mehrez, inscrit contre le Nig\u00e9ria, a \u00e9t\u00e9 choisi comme meilleur de la CAN 2019.<\/p>\n<blockquote class=\"twitter-tweet\" data-width=\"550\" data-dnt=\"true\">\n<p lang=\"fr\" dir=\"ltr\">Voici le top 5\u20e3 des buts de la <a href=\"https:\/\/twitter.com\/hashtag\/TotalAFCON2019?src=hash&#038;ref_src=twsrc%5Etfw\">#TotalAFCON2019<\/a> ! \u26bd\ufe0f<\/p>\n<p>Qu&rsquo;en pensez-vous ?<a href=\"https:\/\/twitter.com\/1xBet_bookmaker?ref_src=twsrc%5Etfw\">@1xBet_bookmaker<\/a> <a href=\"https:\/\/t.co\/oYZZnx353b\">pic.twitter.com\/oYZZnx353b<\/a><\/p>\n<p>\u2014 CAF (FR) (@caf_online_FR) <a href=\"https:\/\/twitter.com\/caf_online_FR\/status\/1152978528960503809?ref_src=twsrc%5Etfw\">July 21, 2019<\/a><\/p>\n<\/blockquote>\n<p>A noter que l\u2019\u00e9dition de cette ann\u00e9e de la Coupe d\u2019Afrique des Nations 2019, qui s\u2019est tenue en Egypte du 21 juin au 19 juillet, a connu 101 buts qui ont \u00e9t\u00e9 inscrits dans la comp\u00e9tition. Mais ce chiffre aurait pu \u00eatre encore plus impoetant. Car si l\u2019on observe la moyenne de buts par rencontre, force est de reconna\u00eetre que la tendance est \u00e0 la baisse depuis la CAN 2010 o\u00f9 on recensait 2,45 buts par match en moyenne, contre seulement 1,98 pour l\u2019\u00e9dition 2019.<\/p>\n<div class=\"c17\">\n<fieldset class=\"c16\">\n<legend><strong><span class=\"c11\">Challenge<\/span><span class=\"c12\">news<\/span><\/strong><\/legend>\n<div class=\"c15\">Le meilleur de la r\u00e9daction s\u00e9lectionn\u00e9 par Challenge :<\/p>\n<\/div>\n<\/fieldset>\n<\/div>\n<p>Auteur: Hajar DARI<br \/>\n<a href=\"https:\/\/www.challenge.ma\/can-2019-top-5-des-plus-beaux-buts-de-la-competition-en-video-113412\/\">Cliquez ici pour lire l&rsquo;article depuis sa source.<\/a><\/p>\n","protected":false},"excerpt":{"rendered":"<p>La Conf\u00e9d\u00e9ration africaine de football (CAF) a d\u00e9voil\u00e9, dimanche soir, le Top 5 des meilleurs buts de la Coupe d\u2019Afrique des Nations 2019 et a estim\u00e9 que deux buts de l\u2019\u00e9quipe alg\u00e9rienne \u00e9taient parmi les meilleurs du tournoi. La \u00ab\u00a0CAF\u00a0\u00bb a publi\u00e9 via son compte officiel sur Twitter une vid\u00e9o des cinq buts choisis par [&hellip;]<\/p>\n","protected":false},"author":1787,"featured_media":0,"comment_status":"closed","ping_status":"closed","sticky":false,"template":"","format":"standard","meta":{"fifu_image_url":"","fifu_image_alt":"","footnotes":""},"categories":[78,54],"tags":[],"class_list":["post-47816","post","type-post","status-publish","format-standard","hentry","category-economie","category-maroc"],"_links":{"self":[{"href":"https:\/\/linitiative.ca\/International\/wp-json\/wp\/v2\/posts\/47816","targetHints":{"allow":["GET"]}}],"collection":[{"href":"https:\/\/linitiative.ca\/International\/wp-json\/wp\/v2\/posts"}],"about":[{"href":"https:\/\/linitiative.ca\/International\/wp-json\/wp\/v2\/types\/post"}],"author":[{"embeddable":true,"href":"https:\/\/linitiative.ca\/International\/wp-json\/wp\/v2\/users\/1787"}],"replies":[{"embeddable":true,"href":"https:\/\/linitiative.ca\/International\/wp-json\/wp\/v2\/comments?post=47816"}],"version-history":[{"count":0,"href":"https:\/\/linitiative.ca\/International\/wp-json\/wp\/v2\/posts\/47816\/revisions"}],"wp:attachment":[{"href":"https:\/\/linitiative.ca\/International\/wp-json\/wp\/v2\/media?parent=47816"}],"wp:term":[{"taxonomy":"category","embeddable":true,"href":"https:\/\/linitiative.ca\/International\/wp-json\/wp\/v2\/categories?post=47816"},{"taxonomy":"post_tag","embeddable":true,"href":"https:\/\/linitiative.ca\/International\/wp-json\/wp\/v2\/tags?post=47816"}],"curies":[{"name":"wp","href":"https:\/\/api.w.org\/{rel}","templated":true}]}}