{"id":47818,"date":"2019-07-22T12:19:25","date_gmt":"2019-07-22T16:19:25","guid":{"rendered":"https:\/\/linitiative.ca\/International\/maroc-france-une-relation-singuliere\/"},"modified":"2019-07-22T12:19:25","modified_gmt":"2019-07-22T16:19:25","slug":"maroc-france-une-relation-singuliere","status":"publish","type":"post","link":"https:\/\/linitiative.ca\/International\/maroc-france-une-relation-singuliere\/","title":{"rendered":"Maroc-France : une relation singuli\u00e8re"},"content":{"rendered":"<p class=\"p1\"><strong>La f\u00eate du 14 juillet \u00e0 l\u2019Ambassade de France, a permis de rappeler la profondeur des relations entre les deux pays et leur caract\u00e8re inalt\u00e9rable.<span class=\"Apple-converted-space\">\u00a0\u00a0<\/span><\/strong><\/p>\n<div class=\"c10\"\/>\n<p class=\"p1\">Toutes les ambassades de France organisent une r\u00e9ception \u00e0 l\u2019occasion de la f\u00eate nationale. Au Maroc cette r\u00e9ception a un caract\u00e8re exceptionnel, quasi-familial, parce qu\u2019elle refl\u00e8te les rapports historiques, humains, de communaut\u00e9 de destin.<\/p>\n<p class=\"p2\">L\u2019Ambassadeur de France l\u2019a clairement signifi\u00e9 \u00ab \u00e0 Rabat vous venez chaque ann\u00e9e nombreux marquer \u00e0 nos c\u00f4t\u00e9s, votre attachement \u00e0 la relation franco-marocaine, \u00e0 cette alliance unique, profonde, globale, f\u00e9conde et surtout \u00e0 ce qui en constitue le fondement : L\u2019amiti\u00e9, la confiance, l\u2019ambition \u00bb.<\/p>\n<p class=\"p2\">L\u2019Ambassadeur <strong>Jean-Fran\u00e7ois Girault<\/strong> a ensuite rappel\u00e9 les derniers \u00e9v\u00e9nements, la pr\u00e9sence du Souverain lors de la comm\u00e9moration le 11 novembre 2018, la pr\u00e9sence d\u2019Emmanuel Macron au lancement du TGV, et l\u2019inauguration de l\u2019usine de PSA. Des liens historiques, mais aussi des int\u00e9r\u00eats \u00e9conomiques qui font de cette relation, une relation d\u2019exception.<\/p>\n<p>Lire aussi : <a href=\"https:\/\/www.challenge.ma\/la-france-rend-hommage-a-latifa-echihabi-105241\/\" target=\"_blank\" rel=\"noopener noreferrer\">La France rend hommage \u00e0 Latifa Echihabi<\/a><\/p>\n<p class=\"p2\">Le Chef du Gouvernement lui a emboit\u00e9 le pas en mettant en exergue l\u2019approfondissement de la relation strat\u00e9gique, la relation particuli\u00e8re entre les deux Chefs d\u2019Etat, la similitude des choix sur les grandes questions.<\/p>\n<p class=\"p2\">L\u2019Ambassadeur fran\u00e7ais a rappel\u00e9 que sur la lutte contre le terrorisme, sur la question du r\u00e9chauffement climatique, sur les questions migratoires, les deux pays sont au m\u00eame diapason. Ce n\u2019est pas fortuit, c\u2019est parce que les deux nations se sont construites autour des m\u00eames valeurs universalistes, humanistes et que cela s\u2019impose \u00e0 leurs politiques publiques.<\/p>\n<p class=\"p2\">La relation <strong>Maroc-France<\/strong> est unique, parce qu\u2019elle transcende le protectorat, \u00e9piph\u00e9nom\u00e8ne qui n\u2019a dur\u00e9 que 40 ans, et s\u2019inscrit dans une histoire qui revient \u00e0 des si\u00e8cles. Dans l\u2019\u00e9galit\u00e9 la plus parfaite, les deux pays entretiennent des rapports fructueux.<\/p>\n<p class=\"p2\">Les perspectives sont prometteuses, non seulement sur le plan \u00e9conomique ou s\u00e9curitaire, mais aussi sur les plans humain, culturel. La m\u00e9diterran\u00e9e a besoin, pour reconstruire la paix, du couple franco-marocain, deux puissances historiques qui ont la m\u00eame vision.<\/p>\n<div class=\"c17\">\n<fieldset class=\"c16\">\n<legend><strong><span class=\"c11\">Challenge<\/span><span class=\"c12\">news<\/span><\/strong><\/legend>\n<div class=\"c15\">Le meilleur de la r\u00e9daction s\u00e9lectionn\u00e9 par Challenge :<\/p>\n<\/div>\n<\/fieldset>\n<\/div>\n<p>Auteur: Hajar DARI<br \/>\n<a href=\"https:\/\/www.challenge.ma\/maroc-france-une-relation-singuliere-113396\/\">Cliquez ici pour lire l&rsquo;article depuis sa source.<\/a><\/p>\n","protected":false},"excerpt":{"rendered":"<p>La f\u00eate du 14 juillet \u00e0 l\u2019Ambassade de France, a permis de rappeler la profondeur des relations entre les deux pays et leur caract\u00e8re inalt\u00e9rable.\u00a0\u00a0 Toutes les ambassades de France organisent une r\u00e9ception \u00e0 l\u2019occasion de la f\u00eate nationale. Au Maroc cette r\u00e9ception a un caract\u00e8re exceptionnel, quasi-familial, parce qu\u2019elle refl\u00e8te les rapports historiques, humains, [&hellip;]<\/p>\n","protected":false},"author":1787,"featured_media":0,"comment_status":"closed","ping_status":"closed","sticky":false,"template":"","format":"standard","meta":{"fifu_image_url":"","fifu_image_alt":"","footnotes":""},"categories":[78,54],"tags":[],"class_list":["post-47818","post","type-post","status-publish","format-standard","hentry","category-economie","category-maroc"],"_links":{"self":[{"href":"https:\/\/linitiative.ca\/International\/wp-json\/wp\/v2\/posts\/47818","targetHints":{"allow":["GET"]}}],"collection":[{"href":"https:\/\/linitiative.ca\/International\/wp-json\/wp\/v2\/posts"}],"about":[{"href":"https:\/\/linitiative.ca\/International\/wp-json\/wp\/v2\/types\/post"}],"author":[{"embeddable":true,"href":"https:\/\/linitiative.ca\/International\/wp-json\/wp\/v2\/users\/1787"}],"replies":[{"embeddable":true,"href":"https:\/\/linitiative.ca\/International\/wp-json\/wp\/v2\/comments?post=47818"}],"version-history":[{"count":0,"href":"https:\/\/linitiative.ca\/International\/wp-json\/wp\/v2\/posts\/47818\/revisions"}],"wp:attachment":[{"href":"https:\/\/linitiative.ca\/International\/wp-json\/wp\/v2\/media?parent=47818"}],"wp:term":[{"taxonomy":"category","embeddable":true,"href":"https:\/\/linitiative.ca\/International\/wp-json\/wp\/v2\/categories?post=47818"},{"taxonomy":"post_tag","embeddable":true,"href":"https:\/\/linitiative.ca\/International\/wp-json\/wp\/v2\/tags?post=47818"}],"curies":[{"name":"wp","href":"https:\/\/api.w.org\/{rel}","templated":true}]}}