{"id":47819,"date":"2019-07-22T12:34:50","date_gmt":"2019-07-22T16:34:50","guid":{"rendered":"https:\/\/linitiative.ca\/International\/maroc-telecom-enregistre-pres-de-63-millions-de-clients\/"},"modified":"2019-07-22T12:34:50","modified_gmt":"2019-07-22T16:34:50","slug":"maroc-telecom-enregistre-pres-de-63-millions-de-clients","status":"publish","type":"post","link":"https:\/\/linitiative.ca\/International\/maroc-telecom-enregistre-pres-de-63-millions-de-clients\/","title":{"rendered":"Maroc Telecom enregistre pr\u00e8s de 63 millions de clients"},"content":{"rendered":"<p><strong>Maroc Telecom a r\u00e9alis\u00e9 un R\u00e9sultat Net ajust\u00e9 Part du Groupe en hausse de 1,8% au 1er semestre 2019 et le Parc global du Groupe enregistre pr\u00e8s de 63 millions de clients.<\/strong><\/p>\n<div class=\"c10\"\/>\n<p>Maroc Telecom affiche son chiffre d\u2019affaires qui a enregistr\u00e9 une hausse de 0,8%, \u00a0soutenu par la croissance des revenus Data Mobile au Maroc de +19.7% et dans les filiales de +24,6% indique Maroc Telecom. Cette croissance s\u2019\u00e9tend aussi sur le Parc global du Groupe qui s\u2019est progress\u00e9 de 3,9%, soit 63 millions de clients. Cela fait \u00e9tat d\u2019une remarquable hausse de l\u2019EBITDA de 5,1% et ce, au moyen de l\u2019optimisation des co\u00fbts.<\/p>\n<p>Lire aussi: <a href=\"https:\/\/www.challenge.ma\/opv-maroc-telecom-le-groupe-bp-mobilise-le-tiers-des-souscripteurs-112669\/\" target=\"_blank\" rel=\"noopener noreferrer\">OPV Maroc Telecom : Le Groupe BP mobilise le tiers des souscripteurs<\/a><\/p>\n<p>Les flux nets de tr\u00e9sorerie op\u00e9rationnels (CFFO) consolid\u00e9s ajust\u00e9s enregistrent \u00e9galement une hausse de 30,6%, rel\u00e8ve Maroc Telecom. Le groupe a r\u00e9alis\u00e9 au premier semestre un chiffre d\u2019affaires consolid\u00e9 de plus 17.84 MMDH, en hausse de 0,8% (\u00e0 change constant) et un R\u00e9sultat Net ajust\u00e9 Part du Groupe (RNPG) qui ressort \u00e0 plus de 3,48 MMDH en hausse de 1,5%. L\u2019op\u00e9rateur attribue ce progr\u00e8s \u00e0 la croissance des activit\u00e9s au Maroc. Cependant il compense l\u2019impact d\u00e9favorable de la baisse des terminaisons d\u2019appel Mobile et du revenu entrant international dans les filiales.<\/p>\n<p>Abdeslam Ahizoune, le pr\u00e9sident du Directoire, a indiqu\u00e9 que Maroc Telecom a r\u00e9alis\u00e9 jusqu\u2019\u00e0 fin juin 2019 des r\u00e9sultats sup\u00e9rieurs aux objectifs, notamment gr\u00e2ce au succ\u00e8s du haut d\u00e9bit sur l\u2019ensemble de ses march\u00e9s et ce, malgr\u00e9 la forte intensit\u00e9 concurrentielle<\/p>\n<p><strong>\u00a0<\/strong><\/p>\n<div class=\"c17\">\n<fieldset class=\"c16\">\n<legend><strong><span class=\"c11\">Challenge<\/span><span class=\"c12\">news<\/span><\/strong><\/legend>\n<div class=\"c15\">Le meilleur de la r\u00e9daction s\u00e9lectionn\u00e9 par Challenge :<\/p>\n<\/div>\n<\/fieldset>\n<\/div>\n<p>Auteur: challenge<br \/>\n<a href=\"https:\/\/www.challenge.ma\/maroc-telecom-113454\/\">Cliquez ici pour lire l&rsquo;article depuis sa source.<\/a><\/p>\n","protected":false},"excerpt":{"rendered":"<p>Maroc Telecom a r\u00e9alis\u00e9 un R\u00e9sultat Net ajust\u00e9 Part du Groupe en hausse de 1,8% au 1er semestre 2019 et le Parc global du Groupe enregistre pr\u00e8s de 63 millions de clients. Maroc Telecom affiche son chiffre d\u2019affaires qui a enregistr\u00e9 une hausse de 0,8%, \u00a0soutenu par la croissance des revenus Data Mobile au Maroc [&hellip;]<\/p>\n","protected":false},"author":1787,"featured_media":0,"comment_status":"closed","ping_status":"closed","sticky":false,"template":"","format":"standard","meta":{"fifu_image_url":"","fifu_image_alt":"","footnotes":""},"categories":[78,54],"tags":[],"class_list":["post-47819","post","type-post","status-publish","format-standard","hentry","category-economie","category-maroc"],"_links":{"self":[{"href":"https:\/\/linitiative.ca\/International\/wp-json\/wp\/v2\/posts\/47819","targetHints":{"allow":["GET"]}}],"collection":[{"href":"https:\/\/linitiative.ca\/International\/wp-json\/wp\/v2\/posts"}],"about":[{"href":"https:\/\/linitiative.ca\/International\/wp-json\/wp\/v2\/types\/post"}],"author":[{"embeddable":true,"href":"https:\/\/linitiative.ca\/International\/wp-json\/wp\/v2\/users\/1787"}],"replies":[{"embeddable":true,"href":"https:\/\/linitiative.ca\/International\/wp-json\/wp\/v2\/comments?post=47819"}],"version-history":[{"count":0,"href":"https:\/\/linitiative.ca\/International\/wp-json\/wp\/v2\/posts\/47819\/revisions"}],"wp:attachment":[{"href":"https:\/\/linitiative.ca\/International\/wp-json\/wp\/v2\/media?parent=47819"}],"wp:term":[{"taxonomy":"category","embeddable":true,"href":"https:\/\/linitiative.ca\/International\/wp-json\/wp\/v2\/categories?post=47819"},{"taxonomy":"post_tag","embeddable":true,"href":"https:\/\/linitiative.ca\/International\/wp-json\/wp\/v2\/tags?post=47819"}],"curies":[{"name":"wp","href":"https:\/\/api.w.org\/{rel}","templated":true}]}}