{"id":47820,"date":"2019-07-22T12:47:11","date_gmt":"2019-07-22T16:47:11","guid":{"rendered":"https:\/\/linitiative.ca\/International\/alerte-meteo-il-va-pleuvoir-dans-plusieurs-villes-au-maroc\/"},"modified":"2019-07-22T12:47:11","modified_gmt":"2019-07-22T16:47:11","slug":"alerte-meteo-il-va-pleuvoir-dans-plusieurs-villes-au-maroc","status":"publish","type":"post","link":"https:\/\/linitiative.ca\/International\/alerte-meteo-il-va-pleuvoir-dans-plusieurs-villes-au-maroc\/","title":{"rendered":"Alerte M\u00e9t\u00e9o : Il va pleuvoir dans plusieurs villes au Maroc"},"content":{"rendered":"<p><strong>Des averses orageuses localement fortes, de niveau orange, sont attendues lundi de 14h00 \u00e0 23h00 dans plusieurs provinces du Royaume, annonce la Direction de la m\u00e9t\u00e9orologie nationale (DMN), qui fait \u00e9galement \u00e9tat d\u2019une vague de chaleur \u00e0 partir de mercredi.<\/strong><\/p>\n<div class=\"c10\"\/>\n<p>Dans un bulletin m\u00e9t\u00e9orologique sp\u00e9cial, la DMN indique que les provinces de Taza, Guercif, Taourirt, Sefrou, Boulemane et Ifrane sont concern\u00e9es par ces averses qui seront parfois accompagn\u00e9es par de la gr\u00eale et des rafales sous orages. Par ailleurs, la DMN annonce que des temp\u00e9ratures maximales oscillant entre 43 et 46 degr\u00e9s sont attendues du mercredi au vendredi prochains dans les provinces de Taroudant, Tata, Assa-Zag, Smara, Aousserd, l\u2019int\u00e9rieur de Boujdour et Oued Eddahab.<\/p>\n<p>Tandis que des temp\u00e9ratures variant entre 42 et 44 degr\u00e9s sont attendues dans les provinces de Khouribga, Fqih Ben Saleh, B\u00e9ni Mellal, Kelaat Sraghna, Rehamna, Marrakech, Youssoufia et Guelmim, de mercredi \u00e0 jeudi, rel\u00e8ve la m\u00eame source. Des temp\u00e9ratures maximales peuvent atteindre 40\/42\u00b0C mercredi et jeudi dans les provinces de Guercif, Boulemane, Taza, Sefrou, Moulay Yakoub, F\u00e8s, El Hajeb, Settat, Agadir-Ida-Outanane, Inzegane-Ait Melloul et Zagora, conclut la DMN.<\/p>\n<div class=\"c17\">\n<fieldset class=\"c16\">\n<legend><strong><span class=\"c11\">Challenge<\/span><span class=\"c12\">news<\/span><\/strong><\/legend>\n<div class=\"c15\">Le meilleur de la r\u00e9daction s\u00e9lectionn\u00e9 par Challenge :<\/p>\n<\/div>\n<\/fieldset>\n<\/div>\n<p>Auteur: Hajar DARI<br \/>\n<a href=\"https:\/\/www.challenge.ma\/alerte-meteo-il-va-pleuvoir-dans-plusieurs-villes-au-maroc-113448\/\">Cliquez ici pour lire l&rsquo;article depuis sa source.<\/a><\/p>\n","protected":false},"excerpt":{"rendered":"<p>Des averses orageuses localement fortes, de niveau orange, sont attendues lundi de 14h00 \u00e0 23h00 dans plusieurs provinces du Royaume, annonce la Direction de la m\u00e9t\u00e9orologie nationale (DMN), qui fait \u00e9galement \u00e9tat d\u2019une vague de chaleur \u00e0 partir de mercredi. Dans un bulletin m\u00e9t\u00e9orologique sp\u00e9cial, la DMN indique que les provinces de Taza, Guercif, Taourirt, [&hellip;]<\/p>\n","protected":false},"author":1787,"featured_media":0,"comment_status":"closed","ping_status":"closed","sticky":false,"template":"","format":"standard","meta":{"fifu_image_url":"","fifu_image_alt":"","footnotes":""},"categories":[78,54],"tags":[],"class_list":["post-47820","post","type-post","status-publish","format-standard","hentry","category-economie","category-maroc"],"_links":{"self":[{"href":"https:\/\/linitiative.ca\/International\/wp-json\/wp\/v2\/posts\/47820","targetHints":{"allow":["GET"]}}],"collection":[{"href":"https:\/\/linitiative.ca\/International\/wp-json\/wp\/v2\/posts"}],"about":[{"href":"https:\/\/linitiative.ca\/International\/wp-json\/wp\/v2\/types\/post"}],"author":[{"embeddable":true,"href":"https:\/\/linitiative.ca\/International\/wp-json\/wp\/v2\/users\/1787"}],"replies":[{"embeddable":true,"href":"https:\/\/linitiative.ca\/International\/wp-json\/wp\/v2\/comments?post=47820"}],"version-history":[{"count":0,"href":"https:\/\/linitiative.ca\/International\/wp-json\/wp\/v2\/posts\/47820\/revisions"}],"wp:attachment":[{"href":"https:\/\/linitiative.ca\/International\/wp-json\/wp\/v2\/media?parent=47820"}],"wp:term":[{"taxonomy":"category","embeddable":true,"href":"https:\/\/linitiative.ca\/International\/wp-json\/wp\/v2\/categories?post=47820"},{"taxonomy":"post_tag","embeddable":true,"href":"https:\/\/linitiative.ca\/International\/wp-json\/wp\/v2\/tags?post=47820"}],"curies":[{"name":"wp","href":"https:\/\/api.w.org\/{rel}","templated":true}]}}