{"id":47823,"date":"2019-07-22T15:39:21","date_gmt":"2019-07-22T19:39:21","guid":{"rendered":"https:\/\/linitiative.ca\/International\/distribution-automobile-comicom-rafle-la-carte-mahindra\/"},"modified":"2019-07-22T15:39:21","modified_gmt":"2019-07-22T19:39:21","slug":"distribution-automobile-comicom-rafle-la-carte-mahindra","status":"publish","type":"post","link":"https:\/\/linitiative.ca\/International\/distribution-automobile-comicom-rafle-la-carte-mahindra\/","title":{"rendered":"Distribution automobile\u00a0: Comicom rafle la carte Mahindra\u00a0\u00a0"},"content":{"rendered":"<p><strong>Dans le cadre de sa strat\u00e9gie de diversification et afin d\u2019\u00e9largir son offre, Comicom a sign\u00e9 un contrat d\u2019importation et de distribution exclusives des v\u00e9hicules particuliers et utilitaires, des engins de travaux publics et des groupes \u00e9lectrog\u00e8nes estampill\u00e9s Mahindra.<\/strong><span class=\"c10\">\u00a0<\/span><\/p>\n<div class=\"c11\"\/>\n<p><span class=\"c10\">Avec plus de 70 ans d\u2019exp\u00e9rience, cette marque indienne qui est pr\u00e9sente dans plus d\u2019une centaine de pays a investi plusieurs secteurs d\u2019activit\u00e9s, dont l\u2019automobile, les travaux publics, l\u2019a\u00e9ronautique et la construction maritime. Quant \u00e0 Comicom, cet op\u00e9rateur national s\u2019est affirm\u00e9 depuis sa cr\u00e9ation, il y a plus de 110 ans, comme \u00e9tant l\u2019un des pionniers dans le segment du machinisme agricole au Maroc. Aussi, il d\u00e9tient la carte Massey Ferguson, dont la r\u00e9putation n\u2019est plus \u00e0 faire dans le Royaume s\u2019agissant des tracteurs, mais aussi de nombreuses marques r\u00e9put\u00e9es pour ce qui est du mat\u00e9riel agricole d\u2019accompagnement. Le staff de Comicom qui pr\u00e9cise qu\u2019\u00e0 la fin de l\u2019ann\u00e9e en cours, il commercialisera des v\u00e9hicules Mahindra qui, selon lui, ne manqueront pas de s\u00e9duire la client\u00e8le int\u00e9ress\u00e9e.\u00a0<\/span><\/p>\n<div class=\"c18\">\n<fieldset class=\"c17\">\n<legend><strong><span class=\"c12\">Challenge<\/span><span class=\"c13\">news<\/span><\/strong><\/legend>\n<div class=\"c16\">Le meilleur de la r\u00e9daction s\u00e9lectionn\u00e9 par Challenge :<\/p>\n<\/div>\n<\/fieldset>\n<\/div>\n<p>Auteur: David J\u00e9r\u00e9mie<br \/>\n<a href=\"https:\/\/www.challenge.ma\/distribution-automobile-comicom-rafle-la-carte-mahindra-113494\/\">Cliquez ici pour lire l&rsquo;article depuis sa source.<\/a><\/p>\n","protected":false},"excerpt":{"rendered":"<p>Dans le cadre de sa strat\u00e9gie de diversification et afin d\u2019\u00e9largir son offre, Comicom a sign\u00e9 un contrat d\u2019importation et de distribution exclusives des v\u00e9hicules particuliers et utilitaires, des engins de travaux publics et des groupes \u00e9lectrog\u00e8nes estampill\u00e9s Mahindra.\u00a0 Avec plus de 70 ans d\u2019exp\u00e9rience, cette marque indienne qui est pr\u00e9sente dans plus d\u2019une centaine [&hellip;]<\/p>\n","protected":false},"author":1787,"featured_media":0,"comment_status":"closed","ping_status":"closed","sticky":false,"template":"","format":"standard","meta":{"fifu_image_url":"","fifu_image_alt":"","footnotes":""},"categories":[78,54],"tags":[],"class_list":["post-47823","post","type-post","status-publish","format-standard","hentry","category-economie","category-maroc"],"_links":{"self":[{"href":"https:\/\/linitiative.ca\/International\/wp-json\/wp\/v2\/posts\/47823","targetHints":{"allow":["GET"]}}],"collection":[{"href":"https:\/\/linitiative.ca\/International\/wp-json\/wp\/v2\/posts"}],"about":[{"href":"https:\/\/linitiative.ca\/International\/wp-json\/wp\/v2\/types\/post"}],"author":[{"embeddable":true,"href":"https:\/\/linitiative.ca\/International\/wp-json\/wp\/v2\/users\/1787"}],"replies":[{"embeddable":true,"href":"https:\/\/linitiative.ca\/International\/wp-json\/wp\/v2\/comments?post=47823"}],"version-history":[{"count":0,"href":"https:\/\/linitiative.ca\/International\/wp-json\/wp\/v2\/posts\/47823\/revisions"}],"wp:attachment":[{"href":"https:\/\/linitiative.ca\/International\/wp-json\/wp\/v2\/media?parent=47823"}],"wp:term":[{"taxonomy":"category","embeddable":true,"href":"https:\/\/linitiative.ca\/International\/wp-json\/wp\/v2\/categories?post=47823"},{"taxonomy":"post_tag","embeddable":true,"href":"https:\/\/linitiative.ca\/International\/wp-json\/wp\/v2\/tags?post=47823"}],"curies":[{"name":"wp","href":"https:\/\/api.w.org\/{rel}","templated":true}]}}