{"id":47830,"date":"2019-07-22T14:02:02","date_gmt":"2019-07-22T18:02:02","guid":{"rendered":"https:\/\/linitiative.ca\/International\/tunisie-video-larmee-procede-au-levage-de-lavion-d-chasse-libyen-et-de-ses-munitions\/"},"modified":"2019-07-22T14:02:02","modified_gmt":"2019-07-22T18:02:02","slug":"tunisie-video-larmee-procede-au-levage-de-lavion-d-chasse-libyen-et-de-ses-munitions","status":"publish","type":"post","link":"https:\/\/linitiative.ca\/International\/tunisie-video-larmee-procede-au-levage-de-lavion-d-chasse-libyen-et-de-ses-munitions\/","title":{"rendered":"Tunisie \u2013 VIDEO : L\u2019arm\u00e9e proc\u00e8de au levage de l\u2019avion d chasse libyen et de ses munitions"},"content":{"rendered":"<div class=\"post-cont-in left relative\">\n<div class=\"swp_social_panel swp_horizontal_panel swp_flat_fresh swp_default_full_color swp_individual_full_color swp_other_full_color scale-100 scale-\" data-min-width=\"1100\" data-float-color=\"#ffffff\" data-float=\"none\" data-float-mobile=\"none\" data-transition=\"slide\">\n<div class=\"nc_tweetContainer swp_share_button total_shares total_sharesalt\"><span class=\"swp_count\">57 <span class=\"swp_label\">Partages<\/span><\/span><\/div>\n<\/div>\n<p>Les unit\u00e9s sp\u00e9cialis\u00e9es de l\u2019arm\u00e9e tunisienne proc\u00e8dent, en ce moment, au levage et l\u2019extraction de l\u2019avion de chasse libyen qui avait atterri en rase campagne \u00e0 M\u00e9denine, ainsi que ses munitions.<\/p>\n<div class=\"mvp-org-wrap mvp-org-logo\" itemprop=\"publisher\" itemscope=\"\" itemtype=\"https:\/\/schema.org\/Organization\"><img decoding=\"async\" src=\"https:\/\/www.tunisienumerique.com\/wp-content\/uploads\/2017\/02\/logo_tunisie_numerique.png\"\/><\/div>\n<div class=\"swp_social_panel swp_horizontal_panel swp_flat_fresh swp_default_full_color swp_individual_full_color swp_other_full_color scale-100 scale-\" data-min-width=\"1100\" data-float-color=\"#ffffff\" data-float=\"none\" data-float-mobile=\"none\" data-transition=\"slide\">\n<div class=\"nc_tweetContainer swp_share_button total_shares total_sharesalt\"><span class=\"swp_count\">57 <span class=\"swp_label\">Partages<\/span><\/span><\/div>\n<\/div>\n<div class=\"mvp-related-posts left relative\">\n<h4 class=\"post-header\"><span class=\"post-header\">Lire aussi<\/span><\/h4>\n<\/div>\n<\/div>\n<p>Auteur: LM<br \/>\n<a href=\"https:\/\/www.tunisienumerique.com\/tunisie-video-larmee-procede-au-levage-de-lavion-d-chasse-libyen-et-de-ses-munitions\/\">Cliquez ici pour lire l&rsquo;article depuis sa source.<\/a><\/p>\n","protected":false},"excerpt":{"rendered":"<p>57 Partages Les unit\u00e9s sp\u00e9cialis\u00e9es de l\u2019arm\u00e9e tunisienne proc\u00e8dent, en ce moment, au levage et l\u2019extraction de l\u2019avion de chasse libyen qui avait atterri en rase campagne \u00e0 M\u00e9denine, ainsi que ses munitions. 57 Partages Lire aussi Auteur: LM Cliquez ici pour lire l&rsquo;article depuis sa source.<\/p>\n","protected":false},"author":1789,"featured_media":47831,"comment_status":"closed","ping_status":"closed","sticky":false,"template":"","format":"standard","meta":{"fifu_image_url":"","fifu_image_alt":"","footnotes":""},"categories":[73,55],"tags":[],"class_list":["post-47830","post","type-post","status-publish","format-standard","has-post-thumbnail","hentry","category-actualite","category-tunisie"],"_links":{"self":[{"href":"https:\/\/linitiative.ca\/International\/wp-json\/wp\/v2\/posts\/47830","targetHints":{"allow":["GET"]}}],"collection":[{"href":"https:\/\/linitiative.ca\/International\/wp-json\/wp\/v2\/posts"}],"about":[{"href":"https:\/\/linitiative.ca\/International\/wp-json\/wp\/v2\/types\/post"}],"author":[{"embeddable":true,"href":"https:\/\/linitiative.ca\/International\/wp-json\/wp\/v2\/users\/1789"}],"replies":[{"embeddable":true,"href":"https:\/\/linitiative.ca\/International\/wp-json\/wp\/v2\/comments?post=47830"}],"version-history":[{"count":0,"href":"https:\/\/linitiative.ca\/International\/wp-json\/wp\/v2\/posts\/47830\/revisions"}],"wp:featuredmedia":[{"embeddable":true,"href":"https:\/\/linitiative.ca\/International\/wp-json\/"}],"wp:attachment":[{"href":"https:\/\/linitiative.ca\/International\/wp-json\/wp\/v2\/media?parent=47830"}],"wp:term":[{"taxonomy":"category","embeddable":true,"href":"https:\/\/linitiative.ca\/International\/wp-json\/wp\/v2\/categories?post=47830"},{"taxonomy":"post_tag","embeddable":true,"href":"https:\/\/linitiative.ca\/International\/wp-json\/wp\/v2\/tags?post=47830"}],"curies":[{"name":"wp","href":"https:\/\/api.w.org\/{rel}","templated":true}]}}