{"id":47832,"date":"2019-07-22T15:06:28","date_gmt":"2019-07-22T19:06:28","guid":{"rendered":"https:\/\/linitiative.ca\/International\/tunisie-video-youssef-chahed-accueilli-en-star-au-festival-de-carthage\/"},"modified":"2019-07-22T15:06:28","modified_gmt":"2019-07-22T19:06:28","slug":"tunisie-video-youssef-chahed-accueilli-en-star-au-festival-de-carthage","status":"publish","type":"post","link":"https:\/\/linitiative.ca\/International\/tunisie-video-youssef-chahed-accueilli-en-star-au-festival-de-carthage\/","title":{"rendered":"Tunisie \u2013 VIDEO\u00a0: Youssef Chahed accueilli en Star au festival de Carthage"},"content":{"rendered":"<div class=\"post-cont-in left relative\">\n<div class=\"swp_social_panel swp_horizontal_panel swp_flat_fresh swp_default_full_color swp_individual_full_color swp_other_full_color scale-100 scale-\" data-min-width=\"1100\" data-float-color=\"#ffffff\" data-float=\"none\" data-float-mobile=\"none\" data-transition=\"slide\">\n<div class=\"nc_tweetContainer swp_share_button total_shares total_sharesalt\"><span class=\"swp_count\">138 <span class=\"swp_label\">Partages<\/span><\/span><\/div>\n<\/div>\n<p>Le chef du gouvernement s\u2019est rendu, hier, dimanche soir, \u00e0 l\u2019amphith\u00e9\u00e2tre de Carthage, pour assister au gala pr\u00e9sent\u00e9 par le jeune rappeur alg\u00e9rien Soolking. A son entr\u00e9e dans l\u2019enceinte, le chef du gouvernement a \u00e9t\u00e9 accueilli comme la Star de la soir\u00e9e, par les jeunes qui \u00e9taient pr\u00e9sents en nombre.<\/p>\n<p>Chahed a appr\u00e9ci\u00e9 le spectacle et l\u2019a fait savoir, \u00e0 travers un tweet sur son compte, o\u00f9 il disait \u00ab\u00a0Je chante l\u2019amour au milieu de cette gu\u00e9rilla\u00a0\u00bb.<\/p>\n<div class=\"code-block code-block-1 c3\"><ins class=\"adsbygoogle c2\" data-ad-layout=\"in-article\" data-ad-format=\"fluid\" data-ad-client=\"ca-pub-2102118777505746\" data-ad-slot=\"7301775417\"\/> <\/div>\n<p><img loading=\"lazy\" decoding=\"async\" class=\"aligncenter size-full wp-image-449874\" src=\"https:\/\/www.tunisienumerique.com\/wp-content\/uploads\/2019\/07\/je-chante-lamour.jpg\" alt=\"\" width=\"420\" height=\"640\"\/><\/p>\n<p>Une visite et une sortie \u00e0 significations multiples\u00a0: Le chef du gouvernement a tenu \u00e0 montrer sa sympathie aux fr\u00e8res alg\u00e9riens, auxquels il n\u2019a cess\u00e9, depuis quelques jours, d\u2019adresser des messages d\u2019amiti\u00e9 et de fraternit\u00e9. Ensuite, il a montr\u00e9 qu\u2019il gardait son esprit de jeunesse, et, surtout, son sto\u00efcisme, face aux probl\u00e8mes qui rongent la sc\u00e8ne politique, au point de la transformer, pour reprendre son terme, en \u00ab\u00a0gu\u00e9rilla\u00a0\u00bb. Il a, donc choisi de se changer les id\u00e9es, en savourant une musique et un spectacle qu\u2019il appr\u00e9cie de toute \u00e9vidence.<\/p>\n<p>Un geste, aussi, pour montrer l\u2019importance de la culture, pour d\u00e9passer et vaincre tous les probl\u00e8mes de la vie, comme il l\u2019a si souvent r\u00e9p\u00e9t\u00e9.<\/p>\n<div class=\"mvp-org-wrap mvp-org-logo\" itemprop=\"publisher\" itemscope=\"\" itemtype=\"https:\/\/schema.org\/Organization\"><img decoding=\"async\" src=\"https:\/\/www.tunisienumerique.com\/wp-content\/uploads\/2017\/02\/logo_tunisie_numerique.png\"\/><\/div>\n<div class=\"swp_social_panel swp_horizontal_panel swp_flat_fresh swp_default_full_color swp_individual_full_color swp_other_full_color scale-100 scale-\" data-min-width=\"1100\" data-float-color=\"#ffffff\" data-float=\"none\" data-float-mobile=\"none\" data-transition=\"slide\">\n<div class=\"nc_tweetContainer swp_share_button total_shares total_sharesalt\"><span class=\"swp_count\">138 <span class=\"swp_label\">Partages<\/span><\/span><\/div>\n<\/div>\n<div class=\"mvp-related-posts left relative\">\n<h4 class=\"post-header\"><span class=\"post-header\">Lire aussi<\/span><\/h4>\n<\/div>\n<\/div>\n<p>Auteur: LM<br \/>\n<a href=\"https:\/\/www.tunisienumerique.com\/tunisie-video-youssef-chahed-accueilli-en-star-au-festival-de-carthage\/\">Cliquez ici pour lire l&rsquo;article depuis sa source.<\/a><\/p>\n","protected":false},"excerpt":{"rendered":"<p>138 Partages Le chef du gouvernement s\u2019est rendu, hier, dimanche soir, \u00e0 l\u2019amphith\u00e9\u00e2tre de Carthage, pour assister au gala pr\u00e9sent\u00e9 par le jeune rappeur alg\u00e9rien Soolking. A son entr\u00e9e dans l\u2019enceinte, le chef du gouvernement a \u00e9t\u00e9 accueilli comme la Star de la soir\u00e9e, par les jeunes qui \u00e9taient pr\u00e9sents en nombre. Chahed a appr\u00e9ci\u00e9 [&hellip;]<\/p>\n","protected":false},"author":1789,"featured_media":47833,"comment_status":"closed","ping_status":"closed","sticky":false,"template":"","format":"standard","meta":{"fifu_image_url":"","fifu_image_alt":"","footnotes":""},"categories":[73,55],"tags":[],"class_list":["post-47832","post","type-post","status-publish","format-standard","has-post-thumbnail","hentry","category-actualite","category-tunisie"],"_links":{"self":[{"href":"https:\/\/linitiative.ca\/International\/wp-json\/wp\/v2\/posts\/47832","targetHints":{"allow":["GET"]}}],"collection":[{"href":"https:\/\/linitiative.ca\/International\/wp-json\/wp\/v2\/posts"}],"about":[{"href":"https:\/\/linitiative.ca\/International\/wp-json\/wp\/v2\/types\/post"}],"author":[{"embeddable":true,"href":"https:\/\/linitiative.ca\/International\/wp-json\/wp\/v2\/users\/1789"}],"replies":[{"embeddable":true,"href":"https:\/\/linitiative.ca\/International\/wp-json\/wp\/v2\/comments?post=47832"}],"version-history":[{"count":0,"href":"https:\/\/linitiative.ca\/International\/wp-json\/wp\/v2\/posts\/47832\/revisions"}],"wp:featuredmedia":[{"embeddable":true,"href":"https:\/\/linitiative.ca\/International\/wp-json\/"}],"wp:attachment":[{"href":"https:\/\/linitiative.ca\/International\/wp-json\/wp\/v2\/media?parent=47832"}],"wp:term":[{"taxonomy":"category","embeddable":true,"href":"https:\/\/linitiative.ca\/International\/wp-json\/wp\/v2\/categories?post=47832"},{"taxonomy":"post_tag","embeddable":true,"href":"https:\/\/linitiative.ca\/International\/wp-json\/wp\/v2\/tags?post=47832"}],"curies":[{"name":"wp","href":"https:\/\/api.w.org\/{rel}","templated":true}]}}