{"id":47834,"date":"2019-07-22T15:28:38","date_gmt":"2019-07-22T19:28:38","guid":{"rendered":"https:\/\/linitiative.ca\/International\/tunisie-video-larmee-tunisienne-procede-a-la-desactivation-des-missiles-de-lavion-de-chasse-libyen\/"},"modified":"2019-07-22T15:28:38","modified_gmt":"2019-07-22T19:28:38","slug":"tunisie-video-larmee-tunisienne-procede-a-la-desactivation-des-missiles-de-lavion-de-chasse-libyen","status":"publish","type":"post","link":"https:\/\/linitiative.ca\/International\/tunisie-video-larmee-tunisienne-procede-a-la-desactivation-des-missiles-de-lavion-de-chasse-libyen\/","title":{"rendered":"Tunisie \u2013 VIDEO\u00a0: L\u2019arm\u00e9e tunisienne proc\u00e8de \u00e0 la d\u00e9sactivation des missiles de l\u2019avion de chasse libyen"},"content":{"rendered":"<div class=\"post-cont-in left relative\">\n<div class=\"swp_social_panel swp_horizontal_panel swp_flat_fresh swp_default_full_color swp_individual_full_color swp_other_full_color scale-100 scale-\" data-min-width=\"1100\" data-float-color=\"#ffffff\" data-float=\"none\" data-float-mobile=\"none\" data-transition=\"slide\">\n<div class=\"nc_tweetContainer swp_share_button total_shares total_sharesalt\"><span class=\"swp_count\">62 <span class=\"swp_label\">Partages<\/span><\/span><\/div>\n<\/div>\n<p>Les \u00e9quipes sp\u00e9ciales du g\u00e9nie militaires se sont affair\u00e9es, ce lundi apr\u00e8s midi, \u00e0 d\u00e9sarmer, puis \u00e0 d\u00e9sactiver les missiles que portait sous ses ailes l\u2019avion de chasse libyen qui avait effectu\u00e9 un atterrissage de fortune sur une route de campagne pr\u00e8s de M\u00e9denine.<\/p>\n<p>Il s\u2019est av\u00e9r\u00e9 que l\u2019avion portait quatre missiles arm\u00e9s, ce qui confirme que l\u2019avion \u00e9tait en mission de combat quand il a eu la panne de ses instruments de navigation.<\/p>\n<div class=\"code-block code-block-1 c4\"><ins class=\"adsbygoogle c3\" data-ad-layout=\"in-article\" data-ad-format=\"fluid\" data-ad-client=\"ca-pub-2102118777505746\" data-ad-slot=\"7301775417\"\/> <\/div>\n<div class=\"mvp-org-wrap mvp-org-logo\" itemprop=\"publisher\" itemscope=\"\" itemtype=\"https:\/\/schema.org\/Organization\"><img decoding=\"async\" src=\"https:\/\/www.tunisienumerique.com\/wp-content\/uploads\/2017\/02\/logo_tunisie_numerique.png\"\/><\/div>\n<div class=\"swp_social_panel swp_horizontal_panel swp_flat_fresh swp_default_full_color swp_individual_full_color swp_other_full_color scale-100 scale-\" data-min-width=\"1100\" data-float-color=\"#ffffff\" data-float=\"none\" data-float-mobile=\"none\" data-transition=\"slide\">\n<div class=\"nc_tweetContainer swp_share_button total_shares total_sharesalt\"><span class=\"swp_count\">62 <span class=\"swp_label\">Partages<\/span><\/span><\/div>\n<\/div>\n<div class=\"mvp-related-posts left relative\">\n<h4 class=\"post-header\"><span class=\"post-header\">Lire aussi<\/span><\/h4>\n<\/div>\n<\/div>\n<p>Auteur: LM<br \/>\n<a href=\"https:\/\/www.tunisienumerique.com\/tunisie-video-larme-tunisienne-procede-a-la-desactivation-des-missiles-de-lavion-de-chasse-libyen\/\">Cliquez ici pour lire l&rsquo;article depuis sa source.<\/a><\/p>\n","protected":false},"excerpt":{"rendered":"<p>62 Partages Les \u00e9quipes sp\u00e9ciales du g\u00e9nie militaires se sont affair\u00e9es, ce lundi apr\u00e8s midi, \u00e0 d\u00e9sarmer, puis \u00e0 d\u00e9sactiver les missiles que portait sous ses ailes l\u2019avion de chasse libyen qui avait effectu\u00e9 un atterrissage de fortune sur une route de campagne pr\u00e8s de M\u00e9denine. Il s\u2019est av\u00e9r\u00e9 que l\u2019avion portait quatre missiles arm\u00e9s, [&hellip;]<\/p>\n","protected":false},"author":1789,"featured_media":47835,"comment_status":"closed","ping_status":"closed","sticky":false,"template":"","format":"standard","meta":{"fifu_image_url":"","fifu_image_alt":"","footnotes":""},"categories":[73,55],"tags":[],"class_list":["post-47834","post","type-post","status-publish","format-standard","has-post-thumbnail","hentry","category-actualite","category-tunisie"],"_links":{"self":[{"href":"https:\/\/linitiative.ca\/International\/wp-json\/wp\/v2\/posts\/47834","targetHints":{"allow":["GET"]}}],"collection":[{"href":"https:\/\/linitiative.ca\/International\/wp-json\/wp\/v2\/posts"}],"about":[{"href":"https:\/\/linitiative.ca\/International\/wp-json\/wp\/v2\/types\/post"}],"author":[{"embeddable":true,"href":"https:\/\/linitiative.ca\/International\/wp-json\/wp\/v2\/users\/1789"}],"replies":[{"embeddable":true,"href":"https:\/\/linitiative.ca\/International\/wp-json\/wp\/v2\/comments?post=47834"}],"version-history":[{"count":0,"href":"https:\/\/linitiative.ca\/International\/wp-json\/wp\/v2\/posts\/47834\/revisions"}],"wp:featuredmedia":[{"embeddable":true,"href":"https:\/\/linitiative.ca\/International\/wp-json\/"}],"wp:attachment":[{"href":"https:\/\/linitiative.ca\/International\/wp-json\/wp\/v2\/media?parent=47834"}],"wp:term":[{"taxonomy":"category","embeddable":true,"href":"https:\/\/linitiative.ca\/International\/wp-json\/wp\/v2\/categories?post=47834"},{"taxonomy":"post_tag","embeddable":true,"href":"https:\/\/linitiative.ca\/International\/wp-json\/wp\/v2\/tags?post=47834"}],"curies":[{"name":"wp","href":"https:\/\/api.w.org\/{rel}","templated":true}]}}