{"id":47838,"date":"2019-07-22T16:41:58","date_gmt":"2019-07-22T20:41:58","guid":{"rendered":"https:\/\/linitiative.ca\/International\/meurtre-dun-guineen-en-france\/"},"modified":"2019-07-22T16:41:58","modified_gmt":"2019-07-22T20:41:58","slug":"meurtre-dun-guineen-en-france","status":"publish","type":"post","link":"https:\/\/linitiative.ca\/International\/meurtre-dun-guineen-en-france\/","title":{"rendered":"MEURTRE D\u2019UN GUINEEN EN FRANCE"},"content":{"rendered":"<div class=\"stream-item stream-item-above-post-content\">\n<p><noscript><\/p>\n<p><a href=\"\/\/www3.smartadserver.com\/ac?jump=1&#038;nwid=2136&#038;siteid=240610&#038;pgname=rg&#038;fmtid=49046&#038;visit=m&#038;tmstp=[timestamp]&#038;out=nonrich\" target=\"_blank\" rel=\"noopener noreferrer\"><img decoding=\"async\" src=\"\/\/www3.smartadserver.com\/ac?out=nonrich&#038;nwid=2136&#038;siteid=240610&#038;pgname=rg&#038;fmtid=49046&#038;visit=m&#038;tmstp=[timestamp]\" border=\"0\" alt=\"\"\/><\/a><\/p>\n<p><\/noscript><\/div>\n<p class=\"c3\"><em>Dans la foul\u00e9e de la finale de la 32\u00e8me \u00e9dition de la Coupe d\u2019Afrique des nations (CAN) de football qui a vu la victoire de l\u2019Alg\u00e9rie sur le S\u00e9n\u00e9gal, le 19 juillet dernier au Caire en Egypte, c\u2019est avec stupeur et consternation que l\u2019on apprenait l\u2019agression sauvage et barbare dont a \u00e9t\u00e9 victime un jeune universitaire guin\u00e9en \u00e0 Rouen, en France, sur fond de propos racistes. Un acte attribu\u00e9 \u00e0 des supporters alg\u00e9riens par de nombreux m\u00e9dias guin\u00e9ens qui se sont du reste fortement \u00e9mus de cette disparition, mais qui, selon les premiers \u00e9l\u00e9ments de l\u2019enqu\u00eate, a \u00e9t\u00e9 perp\u00e9tr\u00e9 par un Turc. Cet amalgame est somme toute compr\u00e9hensible. Car, si les premiers t\u00e9moignages recueillis sont av\u00e9r\u00e9s, la violence des propos rapport\u00e9s fait simplement froid dans le dos : \u00ab sale Noir, fils de pute, on va vous massacrer \u00bb, sont les propos qu\u2019auraient tenus les agresseurs, selon un t\u00e9moignage. Et le \u00ab crime \u00bb de la victime aurait \u00e9t\u00e9 de leur avoir demand\u00e9 ce qu\u2019il avait fait pour \u00eatre l\u2019objet de telles insultes. Pour toute r\u00e9ponse, il se retrouvera, la nuque bris\u00e9e, en soins intensifs \u00e0 l\u2019h\u00f4pital, pour ne plus jamais se r\u00e9veiller.<\/em><\/p>\n<p><strong>Si Mamoudou Barry est mort \u00e0 cause de la couleur de sa peau, c\u2019est un acte vil, inutile et un combat perdu d\u2019avance<\/strong><\/p>\n<p class=\"c3\"><em>Triste sort que celui de ce brillant jeune universitaire, Mamoudou Barry, puisque c\u2019est de lui qu\u2019il s\u2019agit, all\u00e9 ce soir de finale de la CAN \u00e0 la rencontre de sa femme sortie pour des courses, et qui \u00e9tait loin de se douter qu\u2019il avait rendez-vous avec la mort, au d\u00e9tour d\u2019un feu rouge.\u00a0<\/em> <em>Le moins que l\u2019on puisse dire, c\u2019est que cet acte ne fait pas honneur \u00e0 son auteur. Mieux, c\u2019est la b\u00eatise jusqu\u2019au bout de l\u2019innommable. Car, si Mamoudou Barry est mort \u00e0 cause de la couleur de sa peau, c\u2019est un acte vil, inutile et un combat perdu d\u2019avance, en raison des voix de plus en nombreuses qui s\u2019\u00e9l\u00e8vent dans le monde contre le racisme, d\u2019o\u00f9 qu\u2019il vienne. Si cette mort est tout \u00e0 la fois li\u00e9e \u00e0 ce match et \u00e0 la couleur de la peau, elle vient non seulement ternir la belle victoire de l\u2019Alg\u00e9rie unanimement salu\u00e9e sur le continent. Mais \u00e0 travers Mamoudou Barry, c\u2019est tous les Africains de race noire qui peuvent se sentir concern\u00e9s et meurtris. Or, Dieu seul sait combien ils \u00e9taient nombreux \u00e0 supporter l\u2019Alg\u00e9rie dans cette confrontation avec le S\u00e9n\u00e9gal. De quoi faire regretter \u00e0 tous ces Noirs qui croient aux vertus du football en tant que vecteur de rapprochement des peuples, leur soutien aux Fennecs qu\u2019ils ont support\u00e9s sur des crit\u00e8res purement sportifs.<\/em> <em>Cela dit, cet acte d\u2019individus, pour crapuleux et r\u00e9pr\u00e9hensible qu\u2019il soit, ne saurait faire jeter l\u2019anath\u00e8me sur tout un peuple. Mais les autorit\u00e9s alg\u00e9riennes, pour autant qu\u2019elles se sentent interpell\u00e9es, gagneraient \u00e0 ne pas passer par pertes et profits, cet \u00e9v\u00e8nement tragique. Car, ce sont autant de faits qui viennent malheureusement \u00e9corner s\u00e9rieusement l\u2019image du pays auquel d\u2019aucuns tendent \u00e0 coller \u00e0 la peau, \u00e0 tort ou a raison, la culture de la violence.<\/em><\/p>\n<p class=\"c3\"><strong>Il appartient aux autorit\u00e9s judiciaires fran\u00e7aises de tout mettre en \u0153uvre pour faire la lumi\u00e8re sur cette affaire<\/strong><\/p>\n<p class=\"c3\"><em>En tout cas, m\u00eame si les Alg\u00e9riens n\u2019ont pas la palme de la violence en sport, tout porte \u00e0 croire que bien des supporters des Fennecs n\u2019ont cure de leur image au point que l\u2019on se demande parfois s\u2019ils ne se croient pas tout permis chaque fois que leur \u00e9quipe est sous les feux de la rampe, surtout en France o\u00f9 ils tendent \u00e0 croire qu\u2019ils sont en terrain conquis. Au demeurant, comment leur donner tort quand on voit toute la d\u00e9licatesse que met la France \u00e0 traiter des questions alg\u00e9riennes? Du reste, ce n\u2019est pas pour rien que des dispositions s\u00e9curitaires sp\u00e9ciales avaient \u00e9t\u00e9 prises dans l\u2019Hexagone, \u00e0 l\u2019occasion de cette finale. Car, eu \u00e9gard aux violences qui avaient suivi la qualification des Fennecs \u00e0 la finale, l\u2019on pouvait s\u2019attendre \u00e0 ce que les supporters alg\u00e9riens se signalent violemment, quelle que f\u00fbt l\u2019issue du match.\u00a0<\/em> <em>Maintenant, il appartient aux autorit\u00e9s judiciaires fran\u00e7aises de tout mettre en \u0153uvre pour faire la lumi\u00e8re sur cette affaire. Et il est d\u2019autant plus n\u00e9cessaire de donner d\u00e8s \u00e0 pr\u00e9sent un signal fort pour calmer les esprits, que cette affaire pourrait avoir des r\u00e9percussions inattendues dans un domaine de passion comme le football. Car, qui sait ; le hasard de calendrier pourrait amener les deux pays \u00e0 s\u2019affronter, dans une ambiance de tension \u00e9lectrique suscit\u00e9e par un souvenir douloureux, celui de la mort du jeune Guin\u00e9en. Le football n\u2019a pas besoin de cela.<\/em><\/p>\n<p><strong>\u00ab\u00a0Le Pays\u00a0\u00bb<\/strong><\/p>\n<p>Auteur: Le Pays<br \/>\n<a href=\"http:\/\/lepays.bf\/meurtre-dun-guineen-en-france\/\">Cliquez ici pour lire l&rsquo;article depuis sa source.<\/a><\/p>\n","protected":false},"excerpt":{"rendered":"<p>Dans la foul\u00e9e de la finale de la 32\u00e8me \u00e9dition de la Coupe d\u2019Afrique des nations (CAN) de football qui a vu la victoire de l\u2019Alg\u00e9rie sur le S\u00e9n\u00e9gal, le 19 juillet dernier au Caire en Egypte, c\u2019est avec stupeur et consternation que l\u2019on apprenait l\u2019agression sauvage et barbare dont a \u00e9t\u00e9 victime un jeune [&hellip;]<\/p>\n","protected":false},"author":1813,"featured_media":0,"comment_status":"closed","ping_status":"closed","sticky":false,"template":"","format":"standard","meta":{"fifu_image_url":"","fifu_image_alt":"","footnotes":""},"categories":[73,81],"tags":[],"class_list":["post-47838","post","type-post","status-publish","format-standard","hentry","category-actualite","category-burkina-faso"],"_links":{"self":[{"href":"https:\/\/linitiative.ca\/International\/wp-json\/wp\/v2\/posts\/47838","targetHints":{"allow":["GET"]}}],"collection":[{"href":"https:\/\/linitiative.ca\/International\/wp-json\/wp\/v2\/posts"}],"about":[{"href":"https:\/\/linitiative.ca\/International\/wp-json\/wp\/v2\/types\/post"}],"author":[{"embeddable":true,"href":"https:\/\/linitiative.ca\/International\/wp-json\/wp\/v2\/users\/1813"}],"replies":[{"embeddable":true,"href":"https:\/\/linitiative.ca\/International\/wp-json\/wp\/v2\/comments?post=47838"}],"version-history":[{"count":0,"href":"https:\/\/linitiative.ca\/International\/wp-json\/wp\/v2\/posts\/47838\/revisions"}],"wp:attachment":[{"href":"https:\/\/linitiative.ca\/International\/wp-json\/wp\/v2\/media?parent=47838"}],"wp:term":[{"taxonomy":"category","embeddable":true,"href":"https:\/\/linitiative.ca\/International\/wp-json\/wp\/v2\/categories?post=47838"},{"taxonomy":"post_tag","embeddable":true,"href":"https:\/\/linitiative.ca\/International\/wp-json\/wp\/v2\/tags?post=47838"}],"curies":[{"name":"wp","href":"https:\/\/api.w.org\/{rel}","templated":true}]}}