{"id":47839,"date":"2019-07-22T16:45:25","date_gmt":"2019-07-22T20:45:25","guid":{"rendered":"https:\/\/linitiative.ca\/International\/conclusions-des-travaux-du-dialogue-politique\/"},"modified":"2019-07-22T16:45:25","modified_gmt":"2019-07-22T20:45:25","slug":"conclusions-des-travaux-du-dialogue-politique","status":"publish","type":"post","link":"https:\/\/linitiative.ca\/International\/conclusions-des-travaux-du-dialogue-politique\/","title":{"rendered":"CONCLUSIONS DES TRAVAUX DU DIALOGUE POLITIQUE"},"content":{"rendered":"<div class=\"stream-item stream-item-above-post-content\">\n<p><noscript><\/p>\n<p><a href=\"\/\/www3.smartadserver.com\/ac?jump=1&#038;nwid=2136&#038;siteid=240610&#038;pgname=rg&#038;fmtid=49046&#038;visit=m&#038;tmstp=[timestamp]&#038;out=nonrich\" target=\"_blank\" rel=\"noopener noreferrer\"><img decoding=\"async\" src=\"\/\/www3.smartadserver.com\/ac?out=nonrich&#038;nwid=2136&#038;siteid=240610&#038;pgname=rg&#038;fmtid=49046&#038;visit=m&#038;tmstp=[timestamp]\" border=\"0\" alt=\"\"\/><\/a><\/p>\n<p><\/noscript><\/div>\n<p class=\"c3\"><em>Les participants au dialogue politique n\u2019ont pas tari d\u2019\u00e9loges, hier, \u00e0 la salle polyvalente de la pr\u00e9sidence du Faso, sur l\u2019initiative du chef de l\u2019Etat de rechercher des solutions concert\u00e9es et consensuelles \u00e0 la crise prot\u00e9iforme qui ronge notre pays, \u00e0 travers des d\u00e9bats francs entre l\u2019opposition politique et la majorit\u00e9 pr\u00e9sidentielle. A en juger par les recommandations et les r\u00e9solutions lues, tour \u00e0 tour, par les repr\u00e9sentants des deux groupes (opposition et majorit\u00e9), on peut dire que les principaux acteurs de la classe politique burkinab\u00e8 ont finalement pris la mesure du danger qui nous guette, et ont d\u00e9cid\u00e9 de s\u2019unir pour relever les d\u00e9fis communs. Et pour colmater les br\u00e8ches profond\u00e9ment ouvertes dans notre pays et \u00e9viter qu\u2019elles ne r\u00e9apparaissent \u00e0 la faveur d\u2019une \u00e9ventuelle crise pr\u00e9 ou post\u00e9lectorale, il n\u2019y a pas trente-six-mille mani\u00e8res : il faut \u00e9videmment que les acteurs politiques s\u2019accordent d\u2019ores et d\u00e9j\u00e0, sur des questions cruciales comme le Code \u00e9lectoral, le mode d\u2019adoption de la future Constitution, le couplage ou non des futures \u00e9ch\u00e9ances \u00e9lectorales, le vote des Burkinab\u00e8 de l\u2019\u00e9tranger, mais il faut aussi et surtout trouver des recettes aux pr\u00e9occupations actuelles de nos compatriotes qui sont relatives \u00e0 l\u2019ins\u00e9curit\u00e9 et \u00e0 la mise \u00e0 mal de notre coh\u00e9sion sociale par les d\u00e9mons de la terreur et de la division. Le r\u00e8glement de ce dernier volet sur lequel Majorit\u00e9 et Opposition ont planch\u00e9, une semaine durant, requiert des concertations int\u00e9grales et inclusives, comme l\u2019a, du reste, reconnu le pr\u00e9sident du Faso hier, dans son mot de cl\u00f4ture des d\u00e9bats, en parlant de la n\u00e9cessaire implication d\u2019autres composantes de notre soci\u00e9t\u00e9. Il va falloir, en effet mettre \u00e0 contribution les autorit\u00e9s coutumi\u00e8res et religieuses, les syndicats et les organisations de la soci\u00e9t\u00e9 civile si on veut v\u00e9ritablement r\u00e9ussir le pari de la r\u00e9conciliation nationale et de la coh\u00e9sion sociale.<\/em><\/p>\n<p class=\"c3\"><strong>Chez les hommes politiques, la bonne foi et la parole donn\u00e9e sont les choses les moins bien partag\u00e9es<\/strong><\/p>\n<p class=\"c3\"><em>A tout bien consid\u00e9rer, les intentions, les recommandations et les r\u00e9solutions sorties du dialogue politique sont nobles, et nous esp\u00e9rons que, comme \u00e0 chaque fois que notre pays s\u2019est retrouv\u00e9 \u00e0 la crois\u00e9e des chemins, notre classe politique et nos leaders d\u2019opinions feront cette fois-ci, encore preuve de r\u00e9alisme et de patriotisme pour nous sortir de la situation d\u00e9sesp\u00e9rante dans laquelle nous nous trouvons, par la faute et l\u2019irresponsabilit\u00e9 de certains de nos fr\u00e8res. L\u2019espoir est d\u2019autant plus permis qu\u2019un comit\u00e9 bipartite de suivi de la mise en \u0153uvre des conclusions du conclave qui vient de s\u2019achever a \u00e9t\u00e9 mis en place, et le pr\u00e9sident du Faso a invit\u00e9 l\u2019ensemble des Burkinab\u00e8, \u00e0 commencer par les responsables \u00e9tatiques, \u00e0 veiller \u00e0 ce que les recommandations et les r\u00e9solutions qui en sont issues ne soient pas de simples professions de foi. On verra dans les prochaines semaines si tous ceux qui ont entonn\u00e9 \u00e0 l\u2019unisson la chanson de la r\u00e9conciliation nationale et de la coh\u00e9sion sociale dans la salle polyvalente de Kosyam sont de bonne foi, \u00e0 travers ne serait-ce qu\u2019un d\u00e9but d\u2019ex\u00e9cution du processus d\u2019indemnisation des victimes des violences en politique depuis 1960, et la prise de mesures fortes entrant dans le cadre de la fin proclam\u00e9e de l\u2019impunit\u00e9 et de l\u2019injustice dans notre pays. Gageons qu\u2019en faisant publiquement et solennellement de telles annonces, ceux qui ont particip\u00e9 aux d\u00e9bats ne pensaient pas uniquement \u00e0 eux-m\u00eames, au risque de d\u00e9voyer la double mission qui leur a \u00e9t\u00e9 assign\u00e9e, celle de r\u00e9tablir l\u2019entente cordiale entre fils et filles de ce pays d\u2019une part, et celle de trouver un consensus autour des questions politiques qui f\u00e2chent, d\u2019autre part. En tout cas, sur ce dernier aspect, les participants ont sembl\u00e9 plus \u00e0 l\u2019aise, d\u2019autant que des propositions concr\u00e8tes ont \u00e9t\u00e9 faites, notamment en ce qui concerne la relecture int\u00e9grale du code \u00e9lectoral et le vote des Burkinab\u00e8 de l\u2019\u00e9tranger. Si l\u2019utilisation de la carte d\u2019\u00e9lecteur comme document de vote jusqu\u2019en 2021 a \u00e9t\u00e9, pour ainsi dire confirm\u00e9e, il n\u2019y a pas eu de consensus pour ce qui concerne la carte consulaire biom\u00e9trique que l\u2019opposition voulait imposer comme document de votation. Pour le reste, il n\u2019y a manifestement pas eu de d\u00e9chirure sur le couplage des \u00e9lections pr\u00e9sidentielle et l\u00e9gislatives, sur l\u2019abandon de l\u2019acte de naissance comme document d\u2019inscription sur les listes \u00e9lectorales, sur la prise en compte des d\u00e9plac\u00e9s internes dans les \u00e9ch\u00e9ances \u00e9lectorales, sur les quotas-genre ou sur la gestion des contentieux par le Tribunal de Ouagadougou. Bref, on semble rouler sur du velours vers des \u00e9lections apais\u00e9es en 2020 et 2021. Mais attention \u00e0 ne pas se montrer exag\u00e9r\u00e9ment optimiste surtout quand on sait que chez les hommes politiques, la bonne foi et la parole donn\u00e9e sont les choses les moins bien partag\u00e9es. Il ne serait d\u2019ailleurs pas insens\u00e9 de parler de dessous de cartes dans ce qui pourrait \u00eatre un deal politique entre anciens camarades de la m\u00eame galaxie, chaque acteur ou partie esp\u00e9rant en tirer le meilleur dans la perspective des \u00e9ch\u00e9ances \u00e9lectorales \u00e0 venir. Et comme tous ont int\u00e9r\u00eat \u00e0 ce que tout se d\u00e9roule dans un climat de paix sociale et de s\u00e9curit\u00e9, il est \u00e9vident que les messages appelant \u00e0 la s\u00e9curisation du territoire et au renforcement des capacit\u00e9s de l\u2019arm\u00e9e \u00e0 travers l\u2019instauration d\u2019une contribution financi\u00e8re \u00e0 son profit \u00e9taient empreints de sinc\u00e9rit\u00e9. Tous les discours officiels incitent, en tout cas, \u00e0 l\u2019optimisme, et les propos tenus par le Premier ministre, Christophe Dabir\u00e9, la veille et en pr\u00e9lude \u00e0 la c\u00e9r\u00e9monie de cl\u00f4ture des travaux du dialogue politique \u00e9taient de nature \u00e0 rassurer nos compatriotes, que le pays ne va pas si mal que \u00e7a, et que les cataclysmes annonc\u00e9s par des oiseaux de mauvais augure ne se produiront pas, si tous les Burkinab\u00e8 avancent main dans la main. Tout cela est beau, mais restons vigilants et croisons les doigts afin que cette r\u00e9conciliation nationale et le retour d\u00e9finitif de la paix au Burkina ne butent pas sur des questions ultra sensibles comme celles ayant trait \u00e0 l\u2019apurement des passifs sur les plans \u00e9conomiques et surtout judiciaire, et au retour des exil\u00e9s politiques.<\/em><\/p>\n<p><strong>Hamadou GADIAGA<\/strong><\/p>\n<p>Auteur: Le Pays<br \/>\n<a href=\"http:\/\/lepays.bf\/conclusions-des-travaux-du-dialogue-politique\/\">Cliquez ici pour lire l&rsquo;article depuis sa source.<\/a><\/p>\n","protected":false},"excerpt":{"rendered":"<p>Les participants au dialogue politique n\u2019ont pas tari d\u2019\u00e9loges, hier, \u00e0 la salle polyvalente de la pr\u00e9sidence du Faso, sur l\u2019initiative du chef de l\u2019Etat de rechercher des solutions concert\u00e9es et consensuelles \u00e0 la crise prot\u00e9iforme qui ronge notre pays, \u00e0 travers des d\u00e9bats francs entre l\u2019opposition politique et la majorit\u00e9 pr\u00e9sidentielle. A en juger [&hellip;]<\/p>\n","protected":false},"author":1813,"featured_media":0,"comment_status":"closed","ping_status":"closed","sticky":false,"template":"","format":"standard","meta":{"fifu_image_url":"","fifu_image_alt":"","footnotes":""},"categories":[73,81],"tags":[],"class_list":["post-47839","post","type-post","status-publish","format-standard","hentry","category-actualite","category-burkina-faso"],"_links":{"self":[{"href":"https:\/\/linitiative.ca\/International\/wp-json\/wp\/v2\/posts\/47839","targetHints":{"allow":["GET"]}}],"collection":[{"href":"https:\/\/linitiative.ca\/International\/wp-json\/wp\/v2\/posts"}],"about":[{"href":"https:\/\/linitiative.ca\/International\/wp-json\/wp\/v2\/types\/post"}],"author":[{"embeddable":true,"href":"https:\/\/linitiative.ca\/International\/wp-json\/wp\/v2\/users\/1813"}],"replies":[{"embeddable":true,"href":"https:\/\/linitiative.ca\/International\/wp-json\/wp\/v2\/comments?post=47839"}],"version-history":[{"count":0,"href":"https:\/\/linitiative.ca\/International\/wp-json\/wp\/v2\/posts\/47839\/revisions"}],"wp:attachment":[{"href":"https:\/\/linitiative.ca\/International\/wp-json\/wp\/v2\/media?parent=47839"}],"wp:term":[{"taxonomy":"category","embeddable":true,"href":"https:\/\/linitiative.ca\/International\/wp-json\/wp\/v2\/categories?post=47839"},{"taxonomy":"post_tag","embeddable":true,"href":"https:\/\/linitiative.ca\/International\/wp-json\/wp\/v2\/tags?post=47839"}],"curies":[{"name":"wp","href":"https:\/\/api.w.org\/{rel}","templated":true}]}}