{"id":47843,"date":"2019-07-22T16:45:04","date_gmt":"2019-07-22T20:45:04","guid":{"rendered":"https:\/\/linitiative.ca\/International\/promotion-des-energies-renouvelables\/"},"modified":"2019-07-22T16:45:04","modified_gmt":"2019-07-22T20:45:04","slug":"promotion-des-energies-renouvelables","status":"publish","type":"post","link":"https:\/\/linitiative.ca\/International\/promotion-des-energies-renouvelables\/","title":{"rendered":"Promotion des \u00e9nergies renouvelables"},"content":{"rendered":"<div class=\"td-post-featured-image\"><a href=\"https:\/\/i1.wp.com\/www.sidwaya.info\/wp-content\/uploads\/2019\/07\/energie22.gif?fit=776%2C787&#038;ssl=1\" data-caption=\"\"><img loading=\"lazy\" decoding=\"async\" width=\"696\" height=\"706\" class=\"entry-thumb td-modal-image\" src=\"https:\/\/i1.wp.com\/www.sidwaya.info\/wp-content\/uploads\/2019\/07\/energie22.gif?resize=696%2C706&#038;ssl=1\" alt=\"\" title=\"energie22\"\/><\/a><\/div>\n<p><strong>La Coalition nationale des OSC pour la promotion des \u00e9nergies renouvelables et l\u2019acc\u00e8s \u00e0 l\u2019\u00e9nergie durable (CNPDER\u00a0\/BF) a organis\u00e9 un atelier-bilan et d\u2019informations le 22 juillet 2019 \u00e0 Ouagadougou.<\/strong><\/p>\n<p>Renforcer les capacit\u00e9s des acteurs et inciter le secteur des \u00e9nergies renouvelables, tels ont \u00e9t\u00e9 les principaux points de l\u2019atelier-bilan organis\u00e9 par la Coalition nationale des OSC pour la promotion des \u00e9nergies renouvelables et l\u2019acc\u00e8s \u00e0 l\u2019\u00e9nergie durable (CNPDER-BF), le lundi 22 juillet 2019, \u00e0 Ouagadougou. Pr\u00e9vue pour 48 heures, la rencontre va permettre aux acteurs de d\u00e9gager les insuffisances de leurs actions. Selon le directeur de l\u2019association Centre \u00e9cologique Albert Schweitzer (CEAS), Henri Ilboudo, depuis la cr\u00e9ation de la coalition en 2017, il y a eu principalement deux axes d\u2019activit\u00e9s, \u00e0 savoir les actions de renforcement de capacit\u00e9s au profit des OSC membres et celles de plaidoyer par rapport aux \u00e9nergies renouvelables au sein du minist\u00e8re en charge de l\u2019\u00e9nergie. De ce fait, la CNPDER\/BF a contribu\u00e9 au d\u00e9veloppement de l\u2019\u00e9nergie solaire pour que le d\u00e9ficit au Burkina Faso soit combl\u00e9 dans les meilleurs d\u00e9lais. Toute chose qui a engendr\u00e9 la naissance des centrales d\u2019\u00e9nergies solaires dans plusieurs r\u00e9gions du pays, a pr\u00e9cis\u00e9, M. Ilboudo. Selon le coordonnateur du programme \u00abVoix pour le changement\u00bb, Mahamadou Badiel, les attentes du centre se r\u00e9sument \u00e0 l\u2019introduction d\u2019une fili\u00e8re Energie dans les \u00e9coles techniques secondaires et \u00e0 l\u2019am\u00e9lioration de la qualit\u00e9 des \u00e9quipements et produits d\u2019\u00e9nergie renouvelable import\u00e9s au pays.<\/p>\n<p>Le dynamisme des OSC salu\u00e9<\/p>\n<p>Le repr\u00e9sentant du ministre de l\u2019Energie, Kevin Sanou, a d\u2019abord salu\u00e9 les efforts des acteurs et le dynamisme des OSC. Selon lui, les r\u00e9sultats obtenus et les nouvelles adh\u00e9sions sont certainement dus \u00e0 l\u2019engagement de ces d\u00e9fenseurs des \u00e9nergies renouvelables. \u00abVotre dynamisme a contribu\u00e9 \u00e0 la cr\u00e9ation d\u2019un environnement favorable \u00e0 l\u2019acc\u00e8s des populations burkinab\u00e8 \u00e0 des services d\u2019\u00e9nergie renouvelable de qualit\u00e9\u00bb, a-t-il affirm\u00e9. M. Sanou a traduit l\u2019engagement du gouvernement \u00e0 r\u00e9pondre aux dol\u00e9ances de la coalition \u00e0 travers la signature d\u2019une charte.\u00a0\u00abNotre d\u00e9partement ne m\u00e9nagera aucun effort pour accompagner toutes les initiatives qui d\u00e9fendent le d\u00e9veloppement et l\u2019acc\u00e8s \u00e0 l\u2019\u00e9nergie pour tous\u00bb, a-t-il ajout\u00e9. En effet, le gouvernement a affich\u00e9 un objectif de faire passer d\u2019ici \u00e0 2020 le taux d\u2019\u00e9lectrification national \u00e0 45% avec l\u2019augmentation sensible des \u00e9nergies renouvelables dans le mixte \u00e9nerg\u00e9tique avec une couverture \u00e9lectrique du territoire national \u00e0 hauteur de 85%, a rappel\u00e9 Kevin Sanou. Cr\u00e9\u00e9e au d\u00e9part avec 19 organisations, la CNPDER\/BF a connu l\u2019adh\u00e9sion de nouveaux membres \u00e0 l\u2019issue du forum. L\u2019objectif est de mener le combat afin d\u2019obtenir des r\u00e9sultats reluisants, a insist\u00e9 M. Ilboudo. Une dizaine d\u2019organisations ont fait leur adh\u00e9sion \u00e0 l\u2019ouverture de l\u2019atelier-bilan et se sont engag\u00e9es \u00e0 \u0153uvrer pour booster le travail de la<br \/>coalition.<\/p>\n<p>Wanl\u00e9 Gerard Coulibaly<br \/>David NADINGA<br \/>(Stagiaire)<\/p>\n<div class=\"td-a-rec td-a-rec-id-content_bottom td_uid_30_5d362e3c3c53a_rand td_block_template_1\"><img loading=\"lazy\" decoding=\"async\" class=\"aligncenter size-full wp-image-9623\" src=\"https:\/\/www.sidwaya.info\/wp-content\/uploads\/2019\/06\/Projet-bannie%CC%80re-Orange-mobile.jpg\" alt=\"\" width=\"728\" height=\"81\"\/><\/div>\n<p>Auteur: BM. Sidwaya<br \/>\n<a href=\"https:\/\/www.sidwaya.info\/blog\/2019\/07\/22\/promotion-des-energies-renouvelables\/\">Cliquez ici pour lire l&rsquo;article depuis sa source.<\/a><\/p>\n","protected":false},"excerpt":{"rendered":"<p>La Coalition nationale des OSC pour la promotion des \u00e9nergies renouvelables et l\u2019acc\u00e8s \u00e0 l\u2019\u00e9nergie durable (CNPDER\u00a0\/BF) a organis\u00e9 un atelier-bilan et d\u2019informations le 22 juillet 2019 \u00e0 Ouagadougou. Renforcer les capacit\u00e9s des acteurs et inciter le secteur des \u00e9nergies renouvelables, tels ont \u00e9t\u00e9 les principaux points de l\u2019atelier-bilan organis\u00e9 par la Coalition nationale des [&hellip;]<\/p>\n","protected":false},"author":1816,"featured_media":0,"comment_status":"closed","ping_status":"closed","sticky":false,"template":"","format":"standard","meta":{"fifu_image_url":"","fifu_image_alt":"","footnotes":""},"categories":[73,81],"tags":[],"class_list":["post-47843","post","type-post","status-publish","format-standard","hentry","category-actualite","category-burkina-faso"],"_links":{"self":[{"href":"https:\/\/linitiative.ca\/International\/wp-json\/wp\/v2\/posts\/47843","targetHints":{"allow":["GET"]}}],"collection":[{"href":"https:\/\/linitiative.ca\/International\/wp-json\/wp\/v2\/posts"}],"about":[{"href":"https:\/\/linitiative.ca\/International\/wp-json\/wp\/v2\/types\/post"}],"author":[{"embeddable":true,"href":"https:\/\/linitiative.ca\/International\/wp-json\/wp\/v2\/users\/1816"}],"replies":[{"embeddable":true,"href":"https:\/\/linitiative.ca\/International\/wp-json\/wp\/v2\/comments?post=47843"}],"version-history":[{"count":0,"href":"https:\/\/linitiative.ca\/International\/wp-json\/wp\/v2\/posts\/47843\/revisions"}],"wp:attachment":[{"href":"https:\/\/linitiative.ca\/International\/wp-json\/wp\/v2\/media?parent=47843"}],"wp:term":[{"taxonomy":"category","embeddable":true,"href":"https:\/\/linitiative.ca\/International\/wp-json\/wp\/v2\/categories?post=47843"},{"taxonomy":"post_tag","embeddable":true,"href":"https:\/\/linitiative.ca\/International\/wp-json\/wp\/v2\/tags?post=47843"}],"curies":[{"name":"wp","href":"https:\/\/api.w.org\/{rel}","templated":true}]}}