{"id":47844,"date":"2019-07-22T16:49:26","date_gmt":"2019-07-22T20:49:26","guid":{"rendered":"https:\/\/linitiative.ca\/International\/developpement-socio-economique-et-lutte-contre-le-terrorisme\/"},"modified":"2019-07-22T16:49:26","modified_gmt":"2019-07-22T20:49:26","slug":"developpement-socio-economique-et-lutte-contre-le-terrorisme","status":"publish","type":"post","link":"https:\/\/linitiative.ca\/International\/developpement-socio-economique-et-lutte-contre-le-terrorisme\/","title":{"rendered":"D\u00e9veloppement socio-\u00e9conomique et lutte contre le terrorisme"},"content":{"rendered":"<div class=\"td-post-featured-image\"><a href=\"https:\/\/i0.wp.com\/www.sidwaya.info\/wp-content\/uploads\/2019\/07\/popopop.gif?fit=787%2C524&#038;ssl=1\" data-caption=\"\"><img loading=\"lazy\" decoding=\"async\" width=\"696\" height=\"463\" class=\"entry-thumb td-modal-image\" src=\"https:\/\/i0.wp.com\/www.sidwaya.info\/wp-content\/uploads\/2019\/07\/popopop.gif?resize=696%2C463&#038;ssl=1\" alt=\"\" title=\"popopop\"\/><\/a><\/div>\n<p><strong>La diaspora burkinab\u00e8 en C\u00f4te d\u2019Ivoire a organis\u00e9, hier, un meeting de soutien au pr\u00e9sident du Faso, du fait de ses actions en faveur du d\u00e9veloppement et de la lutte contre le terrorisme.<\/strong><\/p>\n<p>La salle Anoumambo du Palais de la Culture de Treichville \u00e9tait aux couleurs vert-rouge-jaune du Burkina Faso, hier. Et pour cause, elle a accueilli un \u00abgiga meeting\u00bb de soutien aux actions du Pr\u00e9sident Roch Marc Kabor\u00e9. En faveur, notamment, du d\u00e9veloppement du pays, depuis qu\u2019il a acc\u00e9d\u00e9 au pouvoir. Mais aussi \u00e0 cause de la lutte acharn\u00e9e qu\u2019il m\u00e8ne contre les terroristes qui, depuis quelques ann\u00e9es, endeuillent le pays.<br \/>Temps forts de la rencontre, l\u2019intervention du d\u00e9put\u00e9 Moss\u00e9 Abdoulaye, 5e\u00a0vice-pr\u00e9sident du Parlement burkinab\u00e8, \u00e9missaire du Chef de l\u2019Etat.\u00a0\u00abCette mobilisation fera date dans l\u2019histoire du Burkina Faso\u00bb,\u00a0a-t-il lanc\u00e9 devant les nombreux participants, dans une salle de pr\u00e8s de 5000 places pleine \u00e0 craquer. Il a traduit la reconnaissance de son mandant et salu\u00e9 cette \u00abforte mobilisation\u00bb, au nom de celui-ci. Il a, en outre, f\u00e9licit\u00e9 la diaspora ivoirienne pour sa participation active au d\u00e9veloppement du Burkina.<br \/>L\u2019honorable Moss\u00e9 Abdoulaye a \u00e9galement expos\u00e9 le bilan des actions men\u00e9es par le Pr\u00e9sident Kabor\u00e9. Au niveau de la bonne gouvernance, il a soulign\u00e9 que le pays des hommes int\u00e8gres peut \u00eatre fier du fonctionnement de ses institutions. Car, elles marchent au rythme du principe sacro-saint de la s\u00e9paration des pouvoirs.<br \/>En termes de d\u00e9veloppement socio-\u00e9conomique, l\u2019\u00e9missaire de l\u2019ex\u00e9cutif burkinab\u00e8 sur les bords de la lagune Ebri\u00e9 est longuement revenu sur les nombreuses r\u00e9alisations dans les domaines de l\u2019\u00e9ducation, de la sant\u00e9, des infrastructures\u2026 P\u00eale-m\u00eale\u00a0: \u00abplus de 400 CEG\u00a0construits\u00a0; 4500 forages r\u00e9alis\u00e9s alors qu\u2019en 2020, ce sont 1500 qui devaient voir le jour\u00a0; les nids-de-poule n\u2019ont plus droit de cit\u00e9 sur nos art\u00e8res, sans oublier les nombreuses routes bitum\u00e9es\u00bb, a-t-il \u00e9gren\u00e9 avec satisfaction.<br \/>Au niveau de la lutte contre le terrorisme, il a mis en lumi\u00e8re les efforts consentis par le gouvernement. \u00abIl fut un moment o\u00f9 des pseudo-djihadistes se sont permis d\u2019attaquer notre pays. Mais, aujourd\u2019hui, la peur a chang\u00e9 de camp. Ce sont\u00a0plut\u00f4t nos forces de d\u00e9fense qui pourchassent les terroristes\u00bb, a affirm\u00e9 le d\u00e9put\u00e9, assurant que l\u2019Assembl\u00e9e nationale a vot\u00e9 plus de 500 milliards F CFA pour notamment \u00ab\u00e9quiper l\u2019arm\u00e9e\u00bb.<br \/>En ce qui concerne les fonctionnaires, il n\u2019a pas pass\u00e9 sous silence leur revalorisation salariale. \u00abEn 2016, nous \u00e9tions \u00e0 250 milliards F CFA de charges. Trois ans apr\u00e8s, nous sommes pass\u00e9s \u00e0 836 milliards\u00bb, a-t-il r\u00e9v\u00e9l\u00e9.<br \/>Une forte d\u00e9l\u00e9gation comprenant notamment des ministres et des \u00e9lus locaux a effectu\u00e9 le d\u00e9placement sur les bords de la lagune Ebri\u00e9.<\/p>\n<p>MARCEL APPENA<\/p>\n<p>\u2026\u2026\u2026\u2026\u2026\u2026\u2026\u2026\u2026\u2026\u2026\u2026\u2026\u2026\u2026\u2026\u2026\u2026\u2026\u2026\u2026\u2026\u2026\u2026\u2026\u2026\u2026\u2026\u2026\u2026\u2026\u2026\u2026\u2026\u2026\u2026\u2026\u2026\u2026\u2026\u2026\u2026.<\/p>\n<p>Les dol\u00e9ances des jeunes et des femmes de la diaspora<\/p>\n<p>Si les hommes et les femmes de la diaspora ivoirienne ont salu\u00e9 \u00e0 leur juste valeur les actions du chef de l\u2019Etat du Faso, ils n\u2019ont pas manqu\u00e9 de soumettre nombre de pr\u00e9occupations qui les touchent directement. \u00abNous saluons les nombreuses r\u00e9alisations. Nous sommes reconnaissants au chef de l\u2019Etat, nous reconnaissons ses m\u00e9rites\u00bb, a d\u00e9clar\u00e9 le pr\u00e9sident des jeunes de la diaspora ivoirienne, Hassan Sawadogo. Il s\u2019est ensuite empress\u00e9 d\u2019\u00e9grener les tracasseries polici\u00e8res \u00abrencontr\u00e9es sur le sol burkinab\u00e8\u00bb. Et a point\u00e9 du doigt les difficult\u00e9s pour l\u2019obtention du passeport, auxquelles font face les jeunes qui souhaitent poursuivre leurs \u00e9tudes hors du Faso.<br \/>Il a pos\u00e9, en outre, les difficult\u00e9s li\u00e9es \u00e0 l\u2019obtention de la carte nationale d\u2019identit\u00e9, tout comme le probl\u00e8me de \u00abla qualit\u00e9 des cartes consulaires\u00bb. Pour sa part, la repr\u00e9sentante des femmes, Zanr\u00e9 Djanaba, a f\u00e9licit\u00e9 le gouvernement, en encourageant les militaires dans la lutte contre le terrorisme. Elle est\u00a0\u00a0revenue sur les pr\u00e9occupations li\u00e9es au co\u00fbt et \u00e0 la reprise des cartes consulaires.<br \/>\u00abJe vous invite \u00e0 ne plus rien payer lorsque vous rentrez dans votre pays. Les tracasseries, c\u2019est fini\u00a0!\u00bb,\u00a0a r\u00e9torqu\u00e9 le principal intervenant du meeting, le d\u00e9put\u00e9 burkinab\u00e8. Puis, saluant la mesure prise par le gouvernement qui permet aujourd\u2019hui \u00e0 la diaspora de voter, il a annonc\u00e9 qu\u2019une d\u00e9l\u00e9gation est attendue en janvier, en C\u00f4te d\u2019Ivoire, pour d\u00e9livrer des cartes d\u2019identit\u00e9 au co\u00fbt de 2500 FCFA. Il a \u00e9galement fait savoir que les difficult\u00e9s li\u00e9es \u00e0 l\u2019obtention des cartes consulaires vont trouver une solution.<br \/>Enfin, il a lanc\u00e9 aux ressortissants burkinab\u00e8 un appel \u00e0 la coh\u00e9sion, \u00e0 la solidarit\u00e9 et au respect des lois en vigueur en C\u00f4te d\u2019Ivoire. A l\u2019endroit\u00a0\u00a0des autorit\u00e9s ivoiriennes, l\u2019honorable Moss\u00e9 a traduit la reconnaissance des autorit\u00e9s burkinab\u00e8 pour les relations harmonieuses entretenues par les deux pays.<\/p>\n<p>M. APPENA<\/p>\n<div class=\"td-a-rec td-a-rec-id-content_bottom td_uid_30_5d362e3f2c6be_rand td_block_template_1\"><img loading=\"lazy\" decoding=\"async\" class=\"aligncenter size-full wp-image-9623\" src=\"https:\/\/www.sidwaya.info\/wp-content\/uploads\/2019\/06\/Projet-bannie%CC%80re-Orange-mobile.jpg\" alt=\"\" width=\"728\" height=\"81\"\/><\/div>\n<p>Auteur: BM. Sidwaya<br \/>\n<a href=\"https:\/\/www.sidwaya.info\/blog\/2019\/07\/22\/developpement-socio-economique-et-lutte-contre-le-terrorisme\/\">Cliquez ici pour lire l&rsquo;article depuis sa source.<\/a><\/p>\n","protected":false},"excerpt":{"rendered":"<p>La diaspora burkinab\u00e8 en C\u00f4te d\u2019Ivoire a organis\u00e9, hier, un meeting de soutien au pr\u00e9sident du Faso, du fait de ses actions en faveur du d\u00e9veloppement et de la lutte contre le terrorisme. La salle Anoumambo du Palais de la Culture de Treichville \u00e9tait aux couleurs vert-rouge-jaune du Burkina Faso, hier. Et pour cause, elle [&hellip;]<\/p>\n","protected":false},"author":1816,"featured_media":0,"comment_status":"closed","ping_status":"closed","sticky":false,"template":"","format":"standard","meta":{"fifu_image_url":"","fifu_image_alt":"","footnotes":""},"categories":[73,81],"tags":[],"class_list":["post-47844","post","type-post","status-publish","format-standard","hentry","category-actualite","category-burkina-faso"],"_links":{"self":[{"href":"https:\/\/linitiative.ca\/International\/wp-json\/wp\/v2\/posts\/47844","targetHints":{"allow":["GET"]}}],"collection":[{"href":"https:\/\/linitiative.ca\/International\/wp-json\/wp\/v2\/posts"}],"about":[{"href":"https:\/\/linitiative.ca\/International\/wp-json\/wp\/v2\/types\/post"}],"author":[{"embeddable":true,"href":"https:\/\/linitiative.ca\/International\/wp-json\/wp\/v2\/users\/1816"}],"replies":[{"embeddable":true,"href":"https:\/\/linitiative.ca\/International\/wp-json\/wp\/v2\/comments?post=47844"}],"version-history":[{"count":0,"href":"https:\/\/linitiative.ca\/International\/wp-json\/wp\/v2\/posts\/47844\/revisions"}],"wp:attachment":[{"href":"https:\/\/linitiative.ca\/International\/wp-json\/wp\/v2\/media?parent=47844"}],"wp:term":[{"taxonomy":"category","embeddable":true,"href":"https:\/\/linitiative.ca\/International\/wp-json\/wp\/v2\/categories?post=47844"},{"taxonomy":"post_tag","embeddable":true,"href":"https:\/\/linitiative.ca\/International\/wp-json\/wp\/v2\/tags?post=47844"}],"curies":[{"name":"wp","href":"https:\/\/api.w.org\/{rel}","templated":true}]}}