{"id":47845,"date":"2019-07-22T16:53:08","date_gmt":"2019-07-22T20:53:08","guid":{"rendered":"https:\/\/linitiative.ca\/International\/etablissements-publics-de-letat\/"},"modified":"2019-07-22T16:53:08","modified_gmt":"2019-07-22T20:53:08","slug":"etablissements-publics-de-letat","status":"publish","type":"post","link":"https:\/\/linitiative.ca\/International\/etablissements-publics-de-letat\/","title":{"rendered":"Etablissements publics de l\u2019Etat"},"content":{"rendered":"<div class=\"td-post-featured-image\"><a href=\"https:\/\/i0.wp.com\/www.sidwaya.info\/wp-content\/uploads\/2019\/07\/agentcomp.gif?fit=787%2C590&#038;ssl=1\" data-caption=\"\"><img loading=\"lazy\" decoding=\"async\" width=\"696\" height=\"522\" class=\"entry-thumb td-modal-image\" src=\"https:\/\/i0.wp.com\/www.sidwaya.info\/wp-content\/uploads\/2019\/07\/agentcomp.gif?resize=696%2C522&#038;ssl=1\" alt=\"\" title=\"agentcomp\"\/><\/a><\/div>\n<p><strong>La 20e conf\u00e9rence annuelle des agents comptables des Etablissements publics de l\u2019Etat (CACEPE), qui s\u2019est tenue sous le th\u00e8me\u00a0:\u00a0\u00abL\u2019agent comptable et le r\u00e9gime fiscal burkinab\u00e8\u00bb, a referm\u00e9 ses portes, le mercredi 17 juillet 2019 \u00e0 Ouagadougou.<\/strong><\/p>\n<p>Les difficult\u00e9s li\u00e9es \u00e0 la v\u00e9rification et la baisse du niveau de performance des agents comptables, les diff\u00e9rents imp\u00f4ts et taxes des Etablissements publics de l\u2019Etat (EPE) et leur mode de liquidation, ont \u00e9t\u00e9 au centre des r\u00e9flexions men\u00e9es durant trois jours par la conf\u00e9rence annuelle les Agents comptables des \u00e9tablissements publics de l\u2019Etat (CACEPE), qui a clos ses portes, le mercredi 17 juillet 2019 \u00e0 Ouagadougou. A l\u2019issue des \u00e9changes, plusieurs recommandations ont \u00e9t\u00e9 faites par les participants. Il s\u2019agit, entre autres, de la mise en place d\u2019un dispositif de formation r\u00e9guli\u00e8re des agents comptables des EPE et de l\u2019\u00e9largissement de la sensibilisation au nouveau r\u00e9gime fiscal burkinab\u00e9. En sus, ils sollicitent la prise de mesures n\u00e9cessaires au respect des dispositions encadrant la centralisation des fonds publics et une bonne ex\u00e9cution des avis \u00e0 tiers d\u00e9tenteur. Deux r\u00e9solutions ont \u00e9galement \u00e9t\u00e9 prises, \u00e0 savoir l\u2019engagement \u00e0 la mise en application de la l\u00e9gislation fiscale dans les EPE et la production, la transmission dans les d\u00e9lais requis des situations financi\u00e8res et comptables. Selon le pr\u00e9sident des agents comptables, Moussa Traor\u00e9, ces \u00e9changes ont \u00e9t\u00e9 fructueux en ce sens qu\u2019ils vont contribuer \u00e0 la mobilisation des ressources fiscales. \u00abNous avons abord\u00e9 les dispositions en rapport avec certains tributs \u00e0 l\u2019image de la retenue \u00e0 la source et l\u2019op\u00e9rationnalisation de la taxe des valeurs ajout\u00e9es\u00bb, a-t-il affirm\u00e9.<br \/>M. Traor\u00e9 a \u00e9galement indiqu\u00e9 que des strat\u00e9gies ont \u00e9t\u00e9 dress\u00e9es pour une collecte facile des imp\u00f4ts. \u00abLes partages d\u2019exp\u00e9riences nous permettront de bien mobiliser les ressources gr\u00e2ce au nouveau r\u00e9gime fiscal\u00bb, a-t-il fait savoir. Quant au repr\u00e9sentant du ministre de l\u2019Economie, des Finances et du D\u00e9veloppement par ailleurs, directeur g\u00e9n\u00e9ral du Tr\u00e9sor public et de la comptabilit\u00e9, C\u00e9lestin Santer\u00e9 Sanon, il a invit\u00e9 les agents \u00e0 mettre en \u0153uvre les recommandations et les r\u00e9solutions formul\u00e9es. A l\u2019en croire, des efforts sont consentis pour accompagner les agents. Toutefois, il a dit reconna\u00eetre qu\u2019il y a des chantiers \u00e0 ex\u00e9cuter pour atteindre les performances des agences comptables. \u00abFace aux difficult\u00e9s, armez-vous de courage pour un meilleur devenir de votre fonction. Je m\u2019engage \u00e0 vous soutenir\u00bb, a-t-il lanc\u00e9 \u00e0 l\u2019endroit des participants. M. Sanon a aussi exhort\u00e9 les comptables des EPE\u00a0\u00e0 poursuivre les r\u00e9flexions apr\u00e8s la rencontre et \u00e0 saisir la Direction g\u00e9n\u00e9rale du tr\u00e9sor et de la comptabilit\u00e9 publique chaque fois que de besoin. La 20e conf\u00e9rence annuelle des CACEPE a d\u00e9but\u00e9, le 15 juillet 2019, sous le th\u00e8me\u00a0: \u00abL\u2019agent comptable et le r\u00e9gime fiscal<br \/>burkinab\u00e9\u00bb.<\/p>\n<p>Frank POUGBILA<br \/>(Stagiaire)<\/p>\n<div class=\"td-a-rec td-a-rec-id-content_bottom td_uid_30_5d362e424c91f_rand td_block_template_1\"><img loading=\"lazy\" decoding=\"async\" class=\"aligncenter size-full wp-image-9623\" src=\"https:\/\/www.sidwaya.info\/wp-content\/uploads\/2019\/06\/Projet-bannie%CC%80re-Orange-mobile.jpg\" alt=\"\" width=\"728\" height=\"81\"\/><\/div>\n<p>Auteur: BM. Sidwaya<br \/>\n<a href=\"https:\/\/www.sidwaya.info\/blog\/2019\/07\/22\/etablissements-publics-de-letat\/\">Cliquez ici pour lire l&rsquo;article depuis sa source.<\/a><\/p>\n","protected":false},"excerpt":{"rendered":"<p>La 20e conf\u00e9rence annuelle des agents comptables des Etablissements publics de l\u2019Etat (CACEPE), qui s\u2019est tenue sous le th\u00e8me\u00a0:\u00a0\u00abL\u2019agent comptable et le r\u00e9gime fiscal burkinab\u00e8\u00bb, a referm\u00e9 ses portes, le mercredi 17 juillet 2019 \u00e0 Ouagadougou. Les difficult\u00e9s li\u00e9es \u00e0 la v\u00e9rification et la baisse du niveau de performance des agents comptables, les diff\u00e9rents imp\u00f4ts [&hellip;]<\/p>\n","protected":false},"author":1816,"featured_media":0,"comment_status":"closed","ping_status":"closed","sticky":false,"template":"","format":"standard","meta":{"fifu_image_url":"","fifu_image_alt":"","footnotes":""},"categories":[73,81],"tags":[],"class_list":["post-47845","post","type-post","status-publish","format-standard","hentry","category-actualite","category-burkina-faso"],"_links":{"self":[{"href":"https:\/\/linitiative.ca\/International\/wp-json\/wp\/v2\/posts\/47845","targetHints":{"allow":["GET"]}}],"collection":[{"href":"https:\/\/linitiative.ca\/International\/wp-json\/wp\/v2\/posts"}],"about":[{"href":"https:\/\/linitiative.ca\/International\/wp-json\/wp\/v2\/types\/post"}],"author":[{"embeddable":true,"href":"https:\/\/linitiative.ca\/International\/wp-json\/wp\/v2\/users\/1816"}],"replies":[{"embeddable":true,"href":"https:\/\/linitiative.ca\/International\/wp-json\/wp\/v2\/comments?post=47845"}],"version-history":[{"count":0,"href":"https:\/\/linitiative.ca\/International\/wp-json\/wp\/v2\/posts\/47845\/revisions"}],"wp:attachment":[{"href":"https:\/\/linitiative.ca\/International\/wp-json\/wp\/v2\/media?parent=47845"}],"wp:term":[{"taxonomy":"category","embeddable":true,"href":"https:\/\/linitiative.ca\/International\/wp-json\/wp\/v2\/categories?post=47845"},{"taxonomy":"post_tag","embeddable":true,"href":"https:\/\/linitiative.ca\/International\/wp-json\/wp\/v2\/tags?post=47845"}],"curies":[{"name":"wp","href":"https:\/\/api.w.org\/{rel}","templated":true}]}}