{"id":47849,"date":"2019-07-22T13:50:01","date_gmt":"2019-07-22T17:50:01","guid":{"rendered":"https:\/\/linitiative.ca\/International\/tunisie-atterrissage-durgence-dun-avion-des-forces-libyennes-pro-haftar\/"},"modified":"2019-07-22T13:50:01","modified_gmt":"2019-07-22T17:50:01","slug":"tunisie-atterrissage-durgence-dun-avion-des-forces-libyennes-pro-haftar","status":"publish","type":"post","link":"https:\/\/linitiative.ca\/International\/tunisie-atterrissage-durgence-dun-avion-des-forces-libyennes-pro-haftar\/","title":{"rendered":"Tunisie: atterrissage d\u2019urgence d\u2019un avion des forces libyennes pro-Haftar"},"content":{"rendered":"<div readability=\"32\">\n<p>Publi\u00e9 le 22.07.2019 \u00e0 18h50 par AFP<\/p>\n<\/div>\n<div readability=\"94\">\n<p>Un avion militaire des forces du mar\u00e9chal Khalifa Haftar, l\u2019homme fort de l\u2019Est libyen engag\u00e9 dans une offensive pour conqu\u00e9rir Tripoli, a atterri en urgence lundi dans le sud de la Tunisie apr\u00e8s une \u00ab\u00a0erreur technique\u00a0\u00bb, selon l\u2019autorit\u00e9 bas\u00e9e dans l\u2019Est libyen.<\/p>\n<p>L\u2019avion, un L-39, est entr\u00e9 de fa\u00e7on impromptue dans l\u2019espace a\u00e9rien tunisien et s\u2019est pos\u00e9 vers 7H30 locales (06H30 GMT) sur une route pr\u00e8s de M\u00e9denine, \u00e0 une centaine de kilom\u00e8tres de la fronti\u00e8re libyenne, a pr\u00e9cis\u00e9 le minist\u00e8re tunisien de la D\u00e9fense dans un communiqu\u00e9.<\/p>\n<p>\u00ab\u00a0Une op\u00e9ration de contr\u00f4le a \u00e9t\u00e9 d\u00e9clench\u00e9e pour intercepter et identifier l\u2019avion\u00a0\u00bb qui a rapidement atterri, a indiqu\u00e9 le minist\u00e8re, qui avait mobilis\u00e9 un avion de chasse tunisien. Un colonel se trouvait seul \u00e0 bord, selon le communiqu\u00e9.<\/p>\n<p>Ce L-39, un avion d\u2019entra\u00eenement qui peut \u00eatre utilis\u00e9 au combat, transportait deux bombes, a constat\u00e9 un photographe de l\u2019AFP. Il n\u2019a pas \u00e9t\u00e9 possible de confirmer leur nature.<\/p>\n<p>Des passants se sont rapidement rassembl\u00e9s autour de l\u2019engin, dont le pilote \u00e9tait entendu par les autorit\u00e9s tunisiennes.<\/p>\n<p>\u00ab\u00a0Nous avons vu deux avions voler aux alentours de 7h15 ce matin\u00a0\u00bb, a indiqu\u00e9 un habitant \u00e0 l\u2019AFP. \u00ab\u00a0Et puis l\u2019un d\u2019eux s\u2019est pos\u00e9 ici,\u00a0\u00bb a-t-il ajout\u00e9.<\/p>\n<p>L\u2019avion appartient \u00e0 l\u2019autoproclam\u00e9e Arm\u00e9e nationale libyenne (ANL) du mar\u00e9chal Khalifa Haftar, a indiqu\u00e9 l\u2019autorit\u00e9 parall\u00e8le install\u00e9e dans l\u2019Est.<\/p>\n<p>Il \u00ab\u00a0participait \u00e0 une mission de reconnaissance et de patrouille et \u00e0 la suite d\u2019une erreur technique, il a d\u00fb atterrir d\u2019urgence\u00a0\u00bb, a confirm\u00e9 cette autorit\u00e9. Elle a indiqu\u00e9 \u00eatre en contact avec les autorit\u00e9s tunisiennes pour assurer le retour de cet avion et de son pilote en toute s\u00e9curit\u00e9 en Libye.<\/p>\n<p>Le Gouvernement d\u2019union nationale libyen (GNA), reconnu par l\u2019ONU, a lui aussi assur\u00e9 que l\u2019avion appartenait aux forces rivales loyales au mar\u00e9chal Haftar.<\/p>\n<p>Depuis le 4 avril, les troupes pro-Haftar sont engag\u00e9es dans une offensive militaire pour s\u2019emparer de la capitale Tripoli o\u00f9 si\u00e8ge le GNA de Fayez al-Sarraj.<\/p>\n<p>Les combats au sol et les raids a\u00e9riens dans la bataille de Tripoli ont pouss\u00e9, selon l\u2019ONU, plus de 100.000 personnes \u00e0 la fuite, dans un pays min\u00e9 depuis 2011 par des luttes de pouvoir entre milices.<\/p>\n<\/div>\n<p>Auteur: AFP<br \/>\n<a href=\"https:\/\/www.journalducameroun.com\/tunisie-atterrissage-durgence-dun-avion-des-forces-libyennes-pro-haftar\/\">Cliquez ici pour lire l&rsquo;article depuis sa source.<\/a><\/p>\n","protected":false},"excerpt":{"rendered":"<p>Publi\u00e9 le 22.07.2019 \u00e0 18h50 par AFP Un avion militaire des forces du mar\u00e9chal Khalifa Haftar, l\u2019homme fort de l\u2019Est libyen engag\u00e9 dans une offensive pour conqu\u00e9rir Tripoli, a atterri en urgence lundi dans le sud de la Tunisie apr\u00e8s une \u00ab\u00a0erreur technique\u00a0\u00bb, selon l\u2019autorit\u00e9 bas\u00e9e dans l\u2019Est libyen. L\u2019avion, un L-39, est entr\u00e9 de [&hellip;]<\/p>\n","protected":false},"author":1965,"featured_media":0,"comment_status":"closed","ping_status":"closed","sticky":false,"template":"","format":"standard","meta":{"fifu_image_url":"","fifu_image_alt":"","footnotes":""},"categories":[73,82],"tags":[],"class_list":["post-47849","post","type-post","status-publish","format-standard","hentry","category-actualite","category-cameroun"],"_links":{"self":[{"href":"https:\/\/linitiative.ca\/International\/wp-json\/wp\/v2\/posts\/47849","targetHints":{"allow":["GET"]}}],"collection":[{"href":"https:\/\/linitiative.ca\/International\/wp-json\/wp\/v2\/posts"}],"about":[{"href":"https:\/\/linitiative.ca\/International\/wp-json\/wp\/v2\/types\/post"}],"author":[{"embeddable":true,"href":"https:\/\/linitiative.ca\/International\/wp-json\/wp\/v2\/users\/1965"}],"replies":[{"embeddable":true,"href":"https:\/\/linitiative.ca\/International\/wp-json\/wp\/v2\/comments?post=47849"}],"version-history":[{"count":0,"href":"https:\/\/linitiative.ca\/International\/wp-json\/wp\/v2\/posts\/47849\/revisions"}],"wp:attachment":[{"href":"https:\/\/linitiative.ca\/International\/wp-json\/wp\/v2\/media?parent=47849"}],"wp:term":[{"taxonomy":"category","embeddable":true,"href":"https:\/\/linitiative.ca\/International\/wp-json\/wp\/v2\/categories?post=47849"},{"taxonomy":"post_tag","embeddable":true,"href":"https:\/\/linitiative.ca\/International\/wp-json\/wp\/v2\/tags?post=47849"}],"curies":[{"name":"wp","href":"https:\/\/api.w.org\/{rel}","templated":true}]}}